{"id":18709,"date":"2022-07-21T04:30:50","date_gmt":"2022-07-21T04:30:50","guid":{"rendered":"https:\/\/archivioturi.lavocedelpaese.info\/index.php\/2022\/07\/21\/altre-due-conferme-per-larre-formaggi-turi\/"},"modified":"2022-07-21T04:30:50","modified_gmt":"2022-07-21T04:30:50","slug":"altre-due-conferme-per-larre-formaggi-turi","status":"publish","type":"post","link":"https:\/\/archivioturi.lavocedelpaese.info\/index.php\/2022\/07\/21\/altre-due-conferme-per-larre-formaggi-turi\/","title":{"rendered":"Altre due conferme per l\u2019Arr\u00e8 Formaggi Turi"},"content":{"rendered":"<p><img loading=\"lazy\" decoding=\"async\" src=\"https:\/\/live.staticflickr.com\/65535\/52230858179_a18445a45a_n.jpg\" alt=\"scio e dammacco\" width=\"320\" height=\"159\" \/><\/p>\n<p style=\"text-align: center;\"><strong>Terza stagione da capitano per Scio. In seconda linea dirige Dammacco<\/strong><\/p>\n<p style=\"text-align: justify;\">Continua il matrimonio iniziato nella stagione 2019-2020 tra lo schiacciatore castellanese Fabio Scio e l&#8217;Arr\u00e8 Formaggi Turi. L\u2019atleta classe 1993, che ha nel suo palmares una promozione in A1 con la New Mater, sar\u00e0 anche nel prossimo campionato una freccia a disposizione nell\u2019arco biancoazzurro di mister Castellaneta. Per il numero 8 quarta stagione consecutiva, la terza da capitano con la nostra maglia.<\/p>\n<p style=\"text-align: justify;\">Anche nella prossima stagione sar\u00e0 Alessandro Dammacco, classe 1988, il libero dell&#8217;Arr\u00e8 Formaggi Turi. Giocatore con diversa esperienza sui campi di B, cresciuto nel vivaio della sua Noicattaro, \u00e8 alla sua quinta stagione alla corte del presidente Domenico D\u2019Aprile e del d.g. Daniele Marotta, mentre il suo primo approdo in biancoazzurro risale alla stagione 2017\/2018. Il numero 6 turese \u00e8 pronto e determinato a dare il suo contributo dopo aver disputato solo la prima parte dello scorso campionato.<\/p>\n","protected":false},"excerpt":{"rendered":"<p><img loading=\"lazy\" decoding=\"async\" src=\"https:\/\/live.staticflickr.com\/65535\/52230858179_a18445a45a_n.jpg\" alt=\"scio e dammacco\" width=\"320\" height=\"159\" \/><\/p>\n","protected":false},"author":1,"featured_media":0,"comment_status":"open","ping_status":"closed","sticky":false,"template":"","format":"standard","meta":{"colormag_page_container_layout":"default_layout","colormag_page_sidebar_layout":"default_layout","footnotes":""},"categories":[5],"tags":[],"class_list":["post-18709","post","type-post","status-publish","format-standard","hentry","category-sport"],"_links":{"self":[{"href":"https:\/\/archivioturi.lavocedelpaese.info\/index.php\/wp-json\/wp\/v2\/posts\/18709","targetHints":{"allow":["GET"]}}],"collection":[{"href":"https:\/\/archivioturi.lavocedelpaese.info\/index.php\/wp-json\/wp\/v2\/posts"}],"about":[{"href":"https:\/\/archivioturi.lavocedelpaese.info\/index.php\/wp-json\/wp\/v2\/types\/post"}],"author":[{"embeddable":true,"href":"https:\/\/archivioturi.lavocedelpaese.info\/index.php\/wp-json\/wp\/v2\/users\/1"}],"replies":[{"embeddable":true,"href":"https:\/\/archivioturi.lavocedelpaese.info\/index.php\/wp-json\/wp\/v2\/comments?post=18709"}],"version-history":[{"count":0,"href":"https:\/\/archivioturi.lavocedelpaese.info\/index.php\/wp-json\/wp\/v2\/posts\/18709\/revisions"}],"wp:attachment":[{"href":"https:\/\/archivioturi.lavocedelpaese.info\/index.php\/wp-json\/wp\/v2\/media?parent=18709"}],"wp:term":[{"taxonomy":"category","embeddable":true,"href":"https:\/\/archivioturi.lavocedelpaese.info\/index.php\/wp-json\/wp\/v2\/categories?post=18709"},{"taxonomy":"post_tag","embeddable":true,"href":"https:\/\/archivioturi.lavocedelpaese.info\/index.php\/wp-json\/wp\/v2\/tags?post=18709"}],"curies":[{"name":"wp","href":"https:\/\/api.w.org\/{rel}","templated":true}]}}