{"id":18693,"date":"2022-06-20T06:18:07","date_gmt":"2022-06-20T06:18:07","guid":{"rendered":"https:\/\/archivioturi.lavocedelpaese.info\/index.php\/2022\/06\/20\/benvenuta-estate-2022-il-programma\/"},"modified":"2022-06-20T06:18:07","modified_gmt":"2022-06-20T06:18:07","slug":"benvenuta-estate-2022-il-programma","status":"publish","type":"post","link":"https:\/\/archivioturi.lavocedelpaese.info\/index.php\/2022\/06\/20\/benvenuta-estate-2022-il-programma\/","title":{"rendered":"\u201cBenvenuta Estate 2022\u201d, il programma"},"content":{"rendered":"<p><img loading=\"lazy\" decoding=\"async\" src=\"https:\/\/live.staticflickr.com\/65535\/52158566422_f027bc7b8a_n.jpg\" alt=\"pro loco estate 1\" width=\"320\" height=\"257\" \/><\/p>\n<p style=\"text-align: center;\"><strong>Dal 21 al 26 giugno, la Pro Loco organizza la prima &#8220;Festa della Musica&#8221; nel Borgo Antico<\/strong><\/p>\n<p style=\"text-align: justify;\">La Pro Loco ha voluto organizzare per l&#8217;avvio del solstizio d&#8217;estate la Festa della Musica. Com\u2019\u00e8 noto, la tradizione vuole che questa data segni un nuovo inizio. Il 21 giugno arriva l\u2019estate e si tratta del giorno dell\u2019anno con pi\u00f9 ore di luce. L\u2019estate \u00e8 considerato un periodo di vacanza e di relax, dopo un lungo anno di lavoro. In passato c\u2019erano significati pi\u00f9 profondi, con riti legati al ciclo dell\u2019agricoltura e della natura. In diverse regioni d\u2019Italia la sera del solstizio d\u2019estate \u00e8 un\u2019opportunit\u00e0 per organizzare degli spettacoli musicali o per rievocare tradizioni locali.<\/p>\n<p style=\"text-align: justify;\">L\u2019avvio sar\u00e0 per le ore 19 di marted\u00ec 21 giugno con un brindisi collettivo in Piazza Silvio Orlandi e proseguir\u00e0 per sei giorni nel nostro splendido Borgo Antico dove ci saranno musica, artigianato, enogastronomia e tanto divertimento anche per i pi\u00f9 piccoli.<\/p>\n<p><img loading=\"lazy\" decoding=\"async\" src=\"https:\/\/live.staticflickr.com\/65535\/52158566727_ee8af97798_n.jpg\" alt=\"pro loco estate (1)\" style=\"margin: 6px; float: right;\" width=\"176\" height=\"320\" \/><\/p>\n<p style=\"text-align: justify;\">Sempre <strong>marted\u00ec 21 giugno<\/strong> ci saranno la musica anni \u201980\/\u201990 in Via Sedile e uno spettacolo di pizzica del gruppo Storie del Vecchio Sud in Piazza Capitano Colapietro con la quinta del Palazzo Marchesale alle spalle.<\/p>\n<p style=\"text-align: justify;\"><strong>Mercoled\u00ec 22 giugno<\/strong> in Via Sedile uno spettacolo di Fiesta Espanola con sangria&amp;tapas dei LOGO e sempre con il Palazzo Marchesale alle spalle Eddy De Marco con lo spettacolo Old Beat new generation e le selezioni musicali old style.<\/p>\n<p style=\"text-align: justify;\">Si proseguir\u00e0 <strong>gioved\u00ec 23 giugno<\/strong> in Via Sedile con la musica dal vivo e la fisarmonica di Mario D\u2019Elia e venerd\u00ec 24 giugno con l\u2019Happy Birthday AGOD\u00c8 music selection.<\/p>\n<p style=\"text-align: justify;\"><strong>Sabato 25 giugno<\/strong> ci sar\u00e0 sempre con la suggestiva cornice del Palazzo Marchesale lo spettacolo musicale Barbabl\u00f9 Band in Piazza Capitano Colapietro.<\/p>\n<p style=\"text-align: justify;\"><strong>Domenica 26 giugno<\/strong> la serata finale della sei giorni in Piazza Capitano Colapietro con il suggestivo Palazzo Marchesale alle spalle sar\u00e0 a cura del Deejay Set con Rocco Pietrantonio, Steven Sale e Rosaria Rollo from Radio Norba per una festa collettiva e di sano divertimento.<\/p>\n<p><img loading=\"lazy\" decoding=\"async\" src=\"https:\/\/live.staticflickr.com\/65535\/52159590161_ea27fd2c37_n.jpg\" alt=\"pro loco estate (2)\" style=\"margin: 6px; float: left;\" width=\"176\" height=\"320\" \/><\/p>\n<p style=\"text-align: justify;\">Inoltre, il nostro splendido Borgo Antico (da Via Sedile e attraversando Piazza Gonnelli e la Piazzetta San Nicola fino a Piazza Capitan Colapietro) sar\u00e0 addobbato con catenarie luminose e tessuti decorativi a sorpresa e ci sar\u00e0 per tutti i sei giorni, da marted\u00ec 21 a domenica 26 giugno, un vasto mercatino dell\u2019artigianato e punti ristoro di enogastronomia con i prodotti tipici quali focacce, panini, panzerotti, tr\u00f2nere e bevande. In Piazza San Nicola saranno presenti artisti dell\u2019arte pittorica. <br \/>A cura dell\u2019Artigiana Tracy Gioielli di Acquaviva la particolare coreografia che render\u00e0 il nostro Borgo Antico pi\u00f9 attraente e affascinante con alcuni scorci dove sar\u00e0 possibile da parte dei visitatori immortalare \u201cun momento e imprimerlo in un\u2019immagine\u201d.<\/p>\n<p style=\"text-align: justify;\">\u00abGli Eventi \u2013 dichiara la presidente Rina Spinelli \u2013 hanno ricevuto il Patrocinio Gratuito da parte dell\u2019Amministrazione Comunale. Un ringraziamento particolare per il sostegno finanziario agli sponsor che con enorme sacrificio e autentico spirito collaborativo permettono alla Pro Loco di organizzare tutto questo e sono: La Pernice Gusto e Qualit\u00e0, la Banca BCC di Alberobello e Sammichele di Bari, AGODE\u2019 Coffee Wine e Typical Food, l\u2019Edilizia Spinelli, la Farmacia Sant\u2019Oronzo, la Farmacia Mastrolonardo, la Macelleria il Piacere della carne da Donato, la Vortech vendita e assistenza telefonia pc e tablet, la Rivendita Tabacchi n. 5 e il Panificio Cascione\u00bb.<\/p>\n<p style=\"text-align: justify;\">\u00abDesidero \u2013 chiosa la presidente \u2013 ringraziare per la collaborazione operativa la Lorusso Impianti, il Comitato per la Tutela del Borgo Antico della Presidente Domenica Laruccia, il Prof. Mino Miale, tutte le Forze dell\u2019Ordine quali l\u2019Arma dei Carabinieri e la Polizia Locale oltre alla Protezione Civile e, naturalmente, tutti i miei collaboratori che con autentico spirito di abnegazione e sacrificio mi supportano\u00bb.<\/p>\n<p><img loading=\"lazy\" decoding=\"async\" src=\"https:\/\/live.staticflickr.com\/65535\/52159593743_82ac55d692_c.jpg\" alt=\"pro loco estate 2\" style=\"display: block; margin-left: auto; margin-right: auto;\" width=\"541\" height=\"800\" \/><\/p>\n","protected":false},"excerpt":{"rendered":"<p><img loading=\"lazy\" decoding=\"async\" src=\"https:\/\/live.staticflickr.com\/65535\/52158566422_f027bc7b8a_n.jpg\" alt=\"pro loco estate 1\" width=\"320\" height=\"257\" \/><\/p>\n","protected":false},"author":1,"featured_media":0,"comment_status":"open","ping_status":"closed","sticky":false,"template":"","format":"standard","meta":{"colormag_page_container_layout":"default_layout","colormag_page_sidebar_layout":"default_layout","footnotes":""},"categories":[6],"tags":[],"class_list":["post-18693","post","type-post","status-publish","format-standard","hentry","category-cultura"],"_links":{"self":[{"href":"https:\/\/archivioturi.lavocedelpaese.info\/index.php\/wp-json\/wp\/v2\/posts\/18693","targetHints":{"allow":["GET"]}}],"collection":[{"href":"https:\/\/archivioturi.lavocedelpaese.info\/index.php\/wp-json\/wp\/v2\/posts"}],"about":[{"href":"https:\/\/archivioturi.lavocedelpaese.info\/index.php\/wp-json\/wp\/v2\/types\/post"}],"author":[{"embeddable":true,"href":"https:\/\/archivioturi.lavocedelpaese.info\/index.php\/wp-json\/wp\/v2\/users\/1"}],"replies":[{"embeddable":true,"href":"https:\/\/archivioturi.lavocedelpaese.info\/index.php\/wp-json\/wp\/v2\/comments?post=18693"}],"version-history":[{"count":0,"href":"https:\/\/archivioturi.lavocedelpaese.info\/index.php\/wp-json\/wp\/v2\/posts\/18693\/revisions"}],"wp:attachment":[{"href":"https:\/\/archivioturi.lavocedelpaese.info\/index.php\/wp-json\/wp\/v2\/media?parent=18693"}],"wp:term":[{"taxonomy":"category","embeddable":true,"href":"https:\/\/archivioturi.lavocedelpaese.info\/index.php\/wp-json\/wp\/v2\/categories?post=18693"},{"taxonomy":"post_tag","embeddable":true,"href":"https:\/\/archivioturi.lavocedelpaese.info\/index.php\/wp-json\/wp\/v2\/tags?post=18693"}],"curies":[{"name":"wp","href":"https:\/\/api.w.org\/{rel}","templated":true}]}}