{"id":18688,"date":"2022-06-12T06:12:36","date_gmt":"2022-06-12T06:12:36","guid":{"rendered":"https:\/\/archivioturi.lavocedelpaese.info\/index.php\/2022\/06\/12\/non-si-puo-lasciare-un-paese-allo-sbando\/"},"modified":"2022-06-12T06:12:36","modified_gmt":"2022-06-12T06:12:36","slug":"non-si-puo-lasciare-un-paese-allo-sbando","status":"publish","type":"post","link":"https:\/\/archivioturi.lavocedelpaese.info\/index.php\/2022\/06\/12\/non-si-puo-lasciare-un-paese-allo-sbando\/","title":{"rendered":"\u201cNon si pu\u00f2 lasciare un paese allo sbando\u201d"},"content":{"rendered":"<p><img loading=\"lazy\" decoding=\"async\" src=\"https:\/\/live.staticflickr.com\/65535\/52140387770_de455073ec_n.jpg\" alt=\"sindaco resta\" width=\"320\" height=\"193\" \/><\/p>\n<p style=\"text-align: center;\"><strong>Il sindaco Resta rinnova la richiesta di aiuto a Questura, Prefettura e Regione <br \/>per identificare e allontanare gli \u201cstagionali facinorosi\u201d<\/p>\n<p><\/strong><\/p>\n<p style=\"text-align: justify;\">All\u2019indomani della violenta lite che ha insanguinato la villa comunale, il sindaco Tina Resta \u00e8 ritornata a parlare ai cittadini con un video postato sul suo profilo social istituzionale.<\/p>\n<p style=\"text-align: justify;\">Per prima cosa, il primo cittadino ha chiarito che ha scritto e contattato pi\u00f9 volte il Prefetto, chiedendo un supporto alle nostre forze dell\u2019ordine che, per quanto si impegnino, sono in numero esiguo rispetto al flusso di lavoratori stagionali (circa 540) che ha interessato quest\u2019anno il nostro Comune.<\/p>\n<p style=\"text-align: justify;\">In secondo luogo, evidenzia che la situazione di disagio che stiamo vivendo e che non \u00e8 pi\u00f9 accettabile, non si risolve con una foresteria pi\u00f9 grande o pi\u00f9 confortevole poich\u00e9 \u00ab\u00e8 un problema di sicurezza: nelle fila di chi viene a Turi per lavorare onestamente si infiltrano frange di persone facinorose, senza permesso di soggiorno o contratto di lavoro\u00bb. \u00abPersone che devono essere identificate e allontanate immediatamente\u00bb.<\/p>\n<p style=\"text-align: justify;\">\u00abAbbiamo bisogno \u2013 rimarca \u2013 dell&#8217;aiuto del Questore, del Prefetto e della Regione. Non si pu\u00f2 lasciare un paese allo sbando in questa maniera. Non si pu\u00f2 concentrare solo su Turi tutta la problematica della raccolta delle ciliegie. Non si pu\u00f2 accettare che un Ispettorato controlli solo le aziende e non veda tutto il resto\u00bb.<\/p>\n<p style=\"text-align: justify;\">\u00abSto facendo tutto quello che \u00e8 nelle mie possibilit\u00e0 affinch\u00e9 questa situazione si risolva al pi\u00f9 presto. Per\u00f2 \u2013 conclude \u2013 non mi piace essere definita una persona \u201crazzista\u201d che non accoglie: la vera accoglienza si basa sul rispetto delle regole da parte di tutti. E non mi piace nemmeno che questo argomento venga manipolato a regola d&#8217;arte a fini di campagne elettorali future e presenti\u00bb.<\/p>\n<p><iframe loading=\"lazy\" src=\"https:\/\/www.facebook.com\/plugins\/video.php?height=317&amp;href=https%3A%2F%2Fwww.facebook.com%2Ftinarestasindaco%2Fvideos%2F1066131550949061%2F&amp;show_text=false&amp;width=560&amp;t=0\" width=\"560\" height=\"317\" style=\"overflow: hidden; display: block; margin-left: auto; margin-right: auto;\" scrolling=\"no\" frameborder=\"0\" allowfullscreen=\"true\" allow=\"autoplay; clipboard-write; encrypted-media; picture-in-picture; web-share\"><\/iframe><\/p>\n","protected":false},"excerpt":{"rendered":"<p><img loading=\"lazy\" decoding=\"async\" src=\"https:\/\/live.staticflickr.com\/65535\/52140387770_de455073ec_n.jpg\" alt=\"sindaco resta\" width=\"320\" height=\"193\" \/><\/p>\n","protected":false},"author":1,"featured_media":0,"comment_status":"open","ping_status":"closed","sticky":false,"template":"","format":"standard","meta":{"colormag_page_container_layout":"default_layout","colormag_page_sidebar_layout":"default_layout","footnotes":""},"categories":[4],"tags":[],"class_list":["post-18688","post","type-post","status-publish","format-standard","hentry","category-politica"],"_links":{"self":[{"href":"https:\/\/archivioturi.lavocedelpaese.info\/index.php\/wp-json\/wp\/v2\/posts\/18688","targetHints":{"allow":["GET"]}}],"collection":[{"href":"https:\/\/archivioturi.lavocedelpaese.info\/index.php\/wp-json\/wp\/v2\/posts"}],"about":[{"href":"https:\/\/archivioturi.lavocedelpaese.info\/index.php\/wp-json\/wp\/v2\/types\/post"}],"author":[{"embeddable":true,"href":"https:\/\/archivioturi.lavocedelpaese.info\/index.php\/wp-json\/wp\/v2\/users\/1"}],"replies":[{"embeddable":true,"href":"https:\/\/archivioturi.lavocedelpaese.info\/index.php\/wp-json\/wp\/v2\/comments?post=18688"}],"version-history":[{"count":0,"href":"https:\/\/archivioturi.lavocedelpaese.info\/index.php\/wp-json\/wp\/v2\/posts\/18688\/revisions"}],"wp:attachment":[{"href":"https:\/\/archivioturi.lavocedelpaese.info\/index.php\/wp-json\/wp\/v2\/media?parent=18688"}],"wp:term":[{"taxonomy":"category","embeddable":true,"href":"https:\/\/archivioturi.lavocedelpaese.info\/index.php\/wp-json\/wp\/v2\/categories?post=18688"},{"taxonomy":"post_tag","embeddable":true,"href":"https:\/\/archivioturi.lavocedelpaese.info\/index.php\/wp-json\/wp\/v2\/tags?post=18688"}],"curies":[{"name":"wp","href":"https:\/\/api.w.org\/{rel}","templated":true}]}}