{"id":18645,"date":"2022-04-12T05:39:20","date_gmt":"2022-04-12T05:39:20","guid":{"rendered":"https:\/\/archivioturi.lavocedelpaese.info\/index.php\/2022\/04\/12\/neuropsichiatria-infantile-liste-dattesa-bloccate-da-4-anni\/"},"modified":"2022-04-12T05:39:20","modified_gmt":"2022-04-12T05:39:20","slug":"neuropsichiatria-infantile-liste-dattesa-bloccate-da-4-anni","status":"publish","type":"post","link":"https:\/\/archivioturi.lavocedelpaese.info\/index.php\/2022\/04\/12\/neuropsichiatria-infantile-liste-dattesa-bloccate-da-4-anni\/","title":{"rendered":"Neuropsichiatria infantile, liste d\u2019attesa bloccate da 4 anni"},"content":{"rendered":"<p><img loading=\"lazy\" decoding=\"async\" src=\"https:\/\/live.staticflickr.com\/65535\/51997942157_aeb21e7e01_n.jpg\" alt=\"Lucia Parchitelli\" width=\"320\" height=\"213\" \/><\/p>\n<p style=\"text-align: center;\"><strong>Il consigliere regionale Lucia Parchitelli denuncia le difficolt\u00e0 di accesso al servizio presso la sede putignanese di Monte Laureto<\/strong><\/p>\n<p style=\"text-align: justify;\">Nell\u2019ultima riunione della Commissione Sanit\u00e0, luned\u00ec 11 aprile, il consigliere regionale Lucia Parchitelli si \u00e8 fatta portavoce del disagio sperimentato dagli utenti del servizio di Neuropsichiatria dell\u2019infanzia e dell\u2019adolescenza presso la sede di Monte Laureto, punto di riferimento per i Distretti Socio-Sanitari di Gioia e Putignano, in cui ricade anche il Comune di Turi.<\/p>\n<p style=\"text-align: justify;\">\u00abHo richiesto \u2013 esordisce il consigliere in una nota \u2013 l\u2019audizione degli uffici della ASL BA in merito all\u2019individuazione di interventi che possano risolvere le lunghe liste di attesa, presso la sede di Monte Laureto a Putignano, per la presa in carico riabilitativa di utenti minori a cui sono stati prescritti trattamenti logopedici e neuropsicomotori\u00bb.<\/p>\n<p style=\"text-align: justify;\">\u00abQuattro anni di liste bloccate \u2013 evidenzia \u2013 sono il risultato della grave carenza di logopedisti, neuropsicomotricisti, psicologi e tecnici della riabilitazione psichiatrica: figure con concorsi gi\u00e0 espletati, ma per i quali non arriva l\u2019assunzione a danno dei tanti bambini che invece necessitano di interventi tempestivi\u00bb.<\/p>\n<p style=\"text-align: justify;\">\u00abIn Commissione \u2013 conclude \u2013 il dott. Sivo (Direttore Sanitario dell\u2019ASL BA), pur ribadendo le difficolt\u00e0 esistenti, ha confermato l\u2019impegno degli uffici a lavorare sulla quantit\u00e0 del personale in servizio e sui turni di lavoro degli stessi, affermando che nelle prossime settimane si provveder\u00e0 allo sblocco delle graduatorie per logopedisti, nelle zone meno coperte, e tecnici educatori. In tal senso, ho anche chiesto un aggiornamento della Commissione, previsto tra due settimane, auspicando ulteriori passi che possano definire tempi certi per lo sblocco delle liste d\u2019attesa\u00bb.<\/p>\n<p><iframe loading=\"lazy\" src=\"https:\/\/www.facebook.com\/plugins\/video.php?height=314&amp;href=https%3A%2F%2Fwww.facebook.com%2Fparchitellilucia%2Fvideos%2F500940218192189%2F&amp;show_text=false&amp;width=560&amp;t=0\" width=\"560\" height=\"314\" style=\"overflow: hidden; display: block; margin-left: auto; margin-right: auto;\" scrolling=\"no\" frameborder=\"0\" allowfullscreen=\"true\" allow=\"autoplay; clipboard-write; encrypted-media; picture-in-picture; web-share\"><\/iframe><\/p>\n","protected":false},"excerpt":{"rendered":"<p><img loading=\"lazy\" decoding=\"async\" src=\"https:\/\/live.staticflickr.com\/65535\/51997942157_aeb21e7e01_n.jpg\" alt=\"Lucia Parchitelli\" width=\"320\" height=\"213\" \/><\/p>\n","protected":false},"author":1,"featured_media":0,"comment_status":"open","ping_status":"closed","sticky":false,"template":"","format":"standard","meta":{"colormag_page_container_layout":"default_layout","colormag_page_sidebar_layout":"default_layout","footnotes":""},"categories":[7],"tags":[],"class_list":["post-18645","post","type-post","status-publish","format-standard","hentry","category-attualita"],"_links":{"self":[{"href":"https:\/\/archivioturi.lavocedelpaese.info\/index.php\/wp-json\/wp\/v2\/posts\/18645","targetHints":{"allow":["GET"]}}],"collection":[{"href":"https:\/\/archivioturi.lavocedelpaese.info\/index.php\/wp-json\/wp\/v2\/posts"}],"about":[{"href":"https:\/\/archivioturi.lavocedelpaese.info\/index.php\/wp-json\/wp\/v2\/types\/post"}],"author":[{"embeddable":true,"href":"https:\/\/archivioturi.lavocedelpaese.info\/index.php\/wp-json\/wp\/v2\/users\/1"}],"replies":[{"embeddable":true,"href":"https:\/\/archivioturi.lavocedelpaese.info\/index.php\/wp-json\/wp\/v2\/comments?post=18645"}],"version-history":[{"count":0,"href":"https:\/\/archivioturi.lavocedelpaese.info\/index.php\/wp-json\/wp\/v2\/posts\/18645\/revisions"}],"wp:attachment":[{"href":"https:\/\/archivioturi.lavocedelpaese.info\/index.php\/wp-json\/wp\/v2\/media?parent=18645"}],"wp:term":[{"taxonomy":"category","embeddable":true,"href":"https:\/\/archivioturi.lavocedelpaese.info\/index.php\/wp-json\/wp\/v2\/categories?post=18645"},{"taxonomy":"post_tag","embeddable":true,"href":"https:\/\/archivioturi.lavocedelpaese.info\/index.php\/wp-json\/wp\/v2\/tags?post=18645"}],"curies":[{"name":"wp","href":"https:\/\/api.w.org\/{rel}","templated":true}]}}