{"id":1859,"date":"2010-04-17T22:00:00","date_gmt":"2010-04-17T22:00:00","guid":{"rendered":"https:\/\/archivioturi.lavocedelpaese.info\/index.php\/2010\/04\/17\/sguardo-alla-settimana-1218-aprile\/"},"modified":"2010-04-17T22:00:00","modified_gmt":"2010-04-17T22:00:00","slug":"sguardo-alla-settimana-1218-aprile","status":"publish","type":"post","link":"https:\/\/archivioturi.lavocedelpaese.info\/index.php\/2010\/04\/17\/sguardo-alla-settimana-1218-aprile\/","title":{"rendered":"SGUARDO ALLA SETTIMANA 12\/18 APRILE"},"content":{"rendered":"<p><img loading=\"lazy\" decoding=\"async\" class=\" size-full wp-image-1858\" src=\"https:\/\/archivioturi.lavocedelpaese.info\/wp-content\/uploads\/2010\/04\/collage.jpg\" alt=\"collage\" width=\"320\" height=\"150\" srcset=\"https:\/\/archivioturi.lavocedelpaese.info\/wp-content\/uploads\/2010\/04\/collage.jpg 640w, https:\/\/archivioturi.lavocedelpaese.info\/wp-content\/uploads\/2010\/04\/collage-300x141.jpg 300w\" sizes=\"auto, (max-width: 320px) 100vw, 320px\" \/> <\/p>\n<p><span style=\"font-family: verdana,geneva;\"><span style=\"font-size: 10pt;\"><strong>Luned\u00ec 12:<\/strong><\/span><\/span><\/p>\n<p style=\"text-align: justify;\"><a href=\"notizie\/cultura\/1230-6d-festa-di-primavera-allitc-s-pertini.html?phpMyAdmin=249be9a92230f4edfb2945ad723064de\"><span style=\"font-family: verdana,geneva;\"><span style=\"font-size: 10pt;\">6\u00b0 FESTA DI PRIMAVERA ALL\u2019ITC \u201cS. PERTINI\u201d<\/span><\/span><\/a> <span style=\"FONT-SIZE: 10pt\"><span style=\"FONT-FAMILY: verdana, geneva\">L\u2019ITC S. Pertini ha festeggiato la primavera anche quest\u2019anno la sesta edizione di questa giovane iniziativa si \u00e8 svolta nelle giornate di venerd\u00ec 9 e sabato 10 aprile.<\/span><\/span><\/p>\n<p style=\"text-align: justify;\"><span style=\"FONT-SIZE: 10pt\"><span style=\"FONT-FAMILY: verdana, geneva\"><a href=\"notizie\/attualita\/1229-approvazione-del-costo-del-pip.html?phpMyAdmin=249be9a92230f4edfb2945ad723064de\">APPROVAZIONE DEL COSTO DEL PIP<\/a> <span style=\"FONT-SIZE: 10pt\"><span style=\"FONT-FAMILY: verdana, geneva\">Con delibera di Giunta Comunale n\u00b0 44 del 01\/04\/2010, il Comune di Turi, a voto unanime, ha approvato, in via definitiva, il Piano Particolareggiato Esecutivo delle aree PIP.<\/span><\/span><\/span><\/span><\/p>\n<p style=\"text-align: justify;\"><span style=\"FONT-SIZE: 10pt\"><span style=\"FONT-FAMILY: verdana, geneva\"><span style=\"FONT-SIZE: 10pt\"><span style=\"FONT-FAMILY: verdana, geneva\"><a href=\"notizie\/sport\/1231-dellaera-vince-il-pallino-doro-web.html?phpMyAdmin=249be9a92230f4edfb2945ad723064de\">DELL\u2019AERA VINCE IL PALLINO D\u2019ORO WEB<\/a> <span style=\"FONT-SIZE: 10pt\"><span style=\"FONT-FAMILY: verdana, geneva\">\u00c8 Gi\u00e0 nota la quintina vincente del \u201cPallino d\u2019Oro Web \u2013 Eurovetro Castellana\u201d, formata da Pietro Susca (tennistavolo &#8211; Alberobello), Daiana Bianco (calcio a 5 &#8211; Castellana Grotte), Fabrizio Lopriore (calcio &#8211; Putignano), Rocco Borrelli (calcio a 5 &#8211; Sammichele di Bari) e Giuseppe Dell\u2019Aera (atletica \u2013 Turi).<\/span><\/span><\/span><\/span><\/span><\/span><\/p>\n<p style=\"text-align: justify;\"><span style=\"FONT-SIZE: 10pt\"><span style=\"FONT-FAMILY: verdana, geneva\"><span style=\"FONT-SIZE: 10pt\"><span style=\"FONT-FAMILY: verdana, geneva\"><span style=\"FONT-SIZE: 10pt\"><span style=\"FONT-FAMILY: verdana, geneva\"><a href=\"notizie\/attualita\/1232-aqp-7-giorni-di-riduzione-erogazione-acqua.html?phpMyAdmin=249be9a92230f4edfb2945ad723064de\">AQP: 7 GIORNI DI RIDUZIONE EROGAZIONE ACQUA<\/a> <span style=\"FONT-SIZE: 10pt\"><span style=\"FONT-FAMILY: verdana, geneva\">L&#8217;Acquedotto Pugliese ha comunicato che nei giorni da marted\u00ec 13 aprile a marted\u00ec 20 aprile, per lavori di manutenzione, sar\u00e0 necessario ridurre temporaneamente la normale erogazione idrica in diverse citt\u00e0 della Provincia di Bari, compreso Turi. <\/span><\/span><\/span><\/span><\/span><\/span><\/span><\/span><\/p>\n<p style=\"text-align: justify;\"><span style=\"FONT-SIZE: 10pt\"><span style=\"FONT-FAMILY: verdana, geneva\"><span style=\"FONT-SIZE: 10pt\"><span style=\"FONT-FAMILY: verdana, geneva\"><span style=\"FONT-SIZE: 10pt\"><span style=\"FONT-FAMILY: verdana, geneva\"><span style=\"FONT-SIZE: 10pt\"><span style=\"FONT-FAMILY: verdana, geneva\"><a href=\"notizie\/sport\/1233-e-tateo-invento-il-navigatore-anti-buche.html?phpMyAdmin=249be9a92230f4edfb2945ad723064de\">E TATEO INVENT\u00d2 IL NAVIGATORE ANTI-BUCHE<\/a> <span style=\"FONT-SIZE: 10pt\"><span style=\"FONT-FAMILY: verdana, geneva\">L\u2019Amministrazione comunale di Turi, famosa ormai in mezza provincia perch\u00e9 soprannominata \u201c1-1-fantasia\u201d, le escogita tutte per venire in contro ai cittadini turesi.<\/span><\/span><\/span><\/span><\/span><\/span><\/span><\/span><\/span><\/span><\/p>\n<div><\/div>\n<p><span style=\"font-family: verdana,geneva;\"><span style=\"font-size: 10pt;\"><strong>Marted\u00ec 13:<\/strong><\/span><\/span><\/p>\n<p style=\"text-align: justify;\"><span style=\"font-family: verdana,geneva;\"><span style=\"font-size: 10pt;\"><a href=\"notizie\/cultura\/1235-conoscere-e-rispettare-lambiente-in-villa.html?phpMyAdmin=249be9a92230f4edfb2945ad723064de\">CONOSCERE E RISPETTARE L\u2019AMBIENTE, IN VILLA<\/a> <span style=\"FONT-SIZE: 10pt\"><span style=\"FONT-FAMILY: verdana, geneva\">Domenica mattina si \u00e8 svolto un incontro organizzato dalla CIA (Confederazione Italiana Agricoltori) e l\u2019Ass. Genitori Turesi, per trascorrere una domenica mattina all\u2019insegna della natura, tra conoscenza e rispetto attraverso l\u2019osservazione degli elementi vegetali presenti nella nostra Villa Comunale.<\/span><\/span><\/span><\/span><\/p>\n<p style=\"text-align: justify;\"><span style=\"font-family: verdana,geneva;\"><span style=\"font-size: 10pt;\"><span style=\"FONT-SIZE: 10pt\"><span style=\"FONT-FAMILY: verdana, geneva\"><a href=\"notizie\/sport\/1236-lacqua-amata-turi-vince-in-extremis.html?phpMyAdmin=249be9a92230f4edfb2945ad723064de\">L\u2019ACQUA AMATA TURI VINCE IN EXTREMIS<\/a> <span style=\"FONT-SIZE: 10pt\"><span style=\"FONT-FAMILY: verdana, geneva\">Vittoria sofferta per l\u2019Acqua Amata Turi che, dopo due k.o. consecutivi in trasferta, porta a casa due punti preziosi per la classifica.<\/span><\/span><\/span><\/span><\/span><\/span><\/p>\n<p style=\"text-align: justify;\"><span style=\"font-family: verdana,geneva;\"><span style=\"font-size: 10pt;\"><span style=\"FONT-SIZE: 10pt\"><span style=\"FONT-FAMILY: verdana, geneva\"><span style=\"FONT-SIZE: 10pt\"><span style=\"FONT-FAMILY: verdana, geneva\"><a href=\"notizie\/sport\/1237-tie-break-fatale-per-la-villa-menelao-turi.html?phpMyAdmin=249be9a92230f4edfb2945ad723064de\">TIE BREAK FATALE PER LA VILLA MENELAO TURI<\/a> <span style=\"FONT-SIZE: 10pt\"><span style=\"FONT-FAMILY: verdana, geneva\">La Villa Menelao Turi perde contro il Brolo al tie break, ma il distacco dal Molfetta rimane invariato, vista la clamorosa sconfitta dei bianco rossi per 3-2 ad Ortona.<\/span><\/span><\/span><\/span><\/span><\/span><\/span><\/span><\/p>\n<p style=\"text-align: justify;\"><span style=\"font-family: verdana,geneva;\"><span style=\"font-size: 10pt;\"><span style=\"FONT-SIZE: 10pt\"><span style=\"FONT-FAMILY: verdana, geneva\"><span style=\"FONT-SIZE: 10pt\"><span style=\"FONT-FAMILY: verdana, geneva\"><span style=\"FONT-SIZE: 10pt\"><span style=\"FONT-FAMILY: verdana, geneva\"><a href=\"notizie\/sport\/1238-la-calcio-point-rimaneggiata-perde-in-casa.html?phpMyAdmin=249be9a92230f4edfb2945ad723064de\">LA CALCIO POINT RIMANEGGIATA PERDE IN CASA<\/a> <span style=\"FONT-SIZE: 10pt\"><span style=\"FONT-FAMILY: verdana, geneva\">Torna in campo la Calcio Point Turi, dopo il terremoto delle scorse settimane, e la squadra non riesce a frenare la corsa del Bari verso i play-off.<\/span><\/span><\/span><\/span><\/span><\/span><\/span><\/span><\/span><\/span><\/p>\n<p style=\"text-align: justify;\"><span style=\"font-family: verdana,geneva;\"><span style=\"font-size: 10pt;\"><span style=\"FONT-SIZE: 10pt\"><span style=\"FONT-FAMILY: verdana, geneva\"><span style=\"FONT-SIZE: 10pt\"><span style=\"FONT-FAMILY: verdana, geneva\"><span style=\"FONT-SIZE: 10pt\"><span style=\"FONT-FAMILY: verdana, geneva\"><span style=\"FONT-SIZE: 10pt\"><span style=\"FONT-FAMILY: verdana, geneva\"><a href=\"notizie\/cultura\/1241-presidio-del-libro-il-segreto-del-gelso-bianco-.html?phpMyAdmin=249be9a92230f4edfb2945ad723064de\">PRESIDIO DEL LIBRO: IL SEGRETO DEL GELSO BIANCO <\/a>Il segreto del gelso bianco, un romanzo a quattro mani, scritto da Franco e Antonella Caprio.<\/span><\/span><\/span><\/span><\/span><\/span><\/span><\/span><\/span><\/span><\/p>\n<p style=\"text-align: justify;\"><a href=\"notizie\/politica\/1239-sandro-laera-non-sono-uno-che-destabilizza.html?phpMyAdmin=249be9a92230f4edfb2945ad723064de\"><span style=\"font-family: verdana,geneva;\"><span style=\"font-size: 10pt;\">SANDRO LAERA: NON SONO UNO CHE DESTABILIZZA<\/span><\/span><\/a> <span style=\"FONT-FAMILY: verdana, geneva\">Chiediamo a Laera se accetterebbe l\u2019eventuale incarico.<\/span><\/p>\n<div><\/div>\n<p><span style=\"font-family: verdana,geneva;\"><span style=\"font-size: 10pt;\"><strong>Mercoled\u00ec 14:<\/strong><\/span><\/span><\/p>\n<p style=\"text-align: justify;\"><span style=\"font-family: verdana,geneva;\"><span style=\"font-size: 10pt;\"><a href=\"notizie\/attualita\/1240-contributo-regionale-per-i-nuovi-nati.html?phpMyAdmin=249be9a92230f4edfb2945ad723064de\">CONTRIBUTO REGIONALE PER I NUOVI NATI<\/a> <span style=\"FONT-SIZE: 10pt\"><span style=\"FONT-FAMILY: verdana, geneva\">L\u2019Ambito Territoriale di Putignano comunica che nel BURP \u00a0n.42\/2010 \u00e8 stato pubblicato l&#8217;Avviso Pubblico\u00a0per l\u2019attribuzione della \u201cPrima Dote\u201d a sostegno del carico di cura che il nucleo familiare assume per la crescita dei figli nei primi mesi di vita.<\/span><\/span><\/span><\/span><\/p>\n<p style=\"text-align: justify;\"><span style=\"font-family: verdana,geneva;\"><span style=\"font-size: 10pt;\"><span style=\"FONT-SIZE: 10pt\"><span style=\"FONT-FAMILY: verdana, geneva\"><a href=\"notizie\/sport\/1242-salvati-conquista-il-pallino-doro-turese.html?phpMyAdmin=249be9a92230f4edfb2945ad723064de\">SALVATI CONQUISTA IL PALLINO D&#8217;ORO TURESE<\/a> <span style=\"FONT-SIZE: 10pt\"><span style=\"FONT-FAMILY: verdana, geneva\">L&#8217;associazione culturale Mens Sana e il periodico Il Pallino dello Sport hanno consegnato i cinque Pallini d&#8217;Oro \u2013 Eurovetro Castellana, i riconoscimenti per gli sportivi che si sono maggiormente distinti nell&#8217;anno solare 2009 nei comuni di distribuzione del giornale: Alberobello, Castellana Grotte, Putignano, Sammichele e Turi.<\/span><\/span><\/span><\/span><\/span><\/span><\/p>\n<p style=\"text-align: justify;\"><a href=\"notizie\/attualita\/1243-dal-banco-alla-strada-una-lezione-per-la-vita.html?phpMyAdmin=249be9a92230f4edfb2945ad723064de\"><span style=\"font-family: verdana,geneva;\"><span style=\"font-size: 10pt;\">&#8216;DAL BANCO ALLA STRADA&#8217;, UNA LEZIONE PER LA VITA<\/span><\/span><\/a> <span style=\"FONT-SIZE: 10pt\"><span style=\"FONT-FAMILY: verdana, geneva\">Con il Patrocinio del Comune di Turi\u00a0 e dell\u2019IstitutoT.C. \u201cSandro Pertini\u201d di Turi l\u2019Associazione Vivi<st1:personname w:st=\"on\" productid=\"la Strada\">laStrada<\/st1:personname>.it terr\u00e0 il 23 Aprile 2010 una lezione formativa-educativa per <st1:personname w:st=\"on\" productid=\"la Sicurezza Stradale\"><st1:personname w:st=\"on\" productid=\"la Sicurezza\">la Sicurezza<\/st1:personname> Stradale.<\/st1:personname><\/span><\/span><\/p>\n<p style=\"text-align: justify;\"><span style=\"FONT-SIZE: 10pt\"><span style=\"FONT-FAMILY: verdana, geneva\"><st1:personname w:st=\"on\" productid=\"la Sicurezza Stradale\"><a href=\"notizie\/cultura\/1244-chi-non-ha-mai-giocato-o-verruzzele.html?phpMyAdmin=249be9a92230f4edfb2945ad723064de\">CHI NON HA MAI GIOCATO O\u2019 VERR\u00f9ZZELE?<\/a> \u201c<em>St\u00e8 nu\u2019 verr\u00f9zzele<\/em>\u201d, esclama il nonno. Figli e nipotini seguono incuriositi l\u2019indice puntato verso quella che sembra una trottola.<\/st1:personname><\/span><\/span><\/p>\n<p style=\"text-align: justify;\"><span style=\"FONT-SIZE: 10pt\"><span style=\"FONT-FAMILY: verdana, geneva\"><st1:personname w:st=\"on\" productid=\"la Sicurezza Stradale\"><\/st1:personname><\/span><\/span><a href=\"notizie\/cultura\/1245-progetto-ambiente-per-la-scuola-dellinfanzia.html?phpMyAdmin=249be9a92230f4edfb2945ad723064de\"><span style=\"font-family: verdana,geneva;\"><span style=\"font-size: 10pt;\">PROGETTO AMBIENTE PER LA SCUOLA DELL\u2019INFANZIA<\/span><\/span><\/a> <span style=\"FONT-SIZE: 10pt\"><span style=\"FONT-FAMILY: verdana, geneva\">Nel pomeriggio di marted\u00ec 13 aprile, presso la Scuola dell\u2019Infanzia di via Gioia Canale, la dott.ssa Tina Resta e la docente Maria Rosaria D\u2019orlando hanno presentato ad un pubblico di genitori e nonni il Progetto Ambiente (2009\/2010) che si svolger\u00e0 il 28 Aprile.<\/span><\/span><\/p>\n<div><span style=\"font-family: verdana,geneva;\"><span style=\"font-size: 10pt;\"><span style=\"FONT-SIZE: 10pt\"><span style=\"FONT-FAMILY: verdana, geneva\"><span style=\"FONT-SIZE: 10pt\"><span style=\"FONT-FAMILY: verdana, geneva\"> <\/span><\/span><\/span><\/span><\/span><\/span><\/div>\n<p><span style=\"font-family: verdana,geneva;\"><span style=\"font-size: 10pt;\"><strong>Gioved\u00ec 15:<\/strong><\/span><\/span><\/p>\n<p style=\"text-align: justify;\"><span style=\"font-family: verdana,geneva;\"><span style=\"font-size: 10pt;\"><a href=\"notizie\/attualita\/1246-ventrella-tutti-collaborino-allarea-pip.html?phpMyAdmin=249be9a92230f4edfb2945ad723064de\">VENTRELLA: \u201cTUTTI COLLABORINO ALL\u2019AREA PIP\u201d<\/a> <span style=\"FONT-SIZE: 10pt\"><span style=\"FONT-FAMILY: verdana, geneva\">Il primo aprile 2010 \u00e8 stata approvata dalla Giunta una determina relativa all\u2019avvio delle procedure per il Progetto di finanza (Project Financing). <\/span><\/span><\/span><\/span><\/p>\n<p style=\"text-align: justify;\"><span style=\"font-family: verdana,geneva;\"><span style=\"font-size: 10pt;\"><span style=\"FONT-SIZE: 10pt\"><span style=\"FONT-FAMILY: verdana, geneva\"><a href=\"notizie\/cultura\/1251-borse-di-studio-per-i-nostri-ragazzi.html?phpMyAdmin=249be9a92230f4edfb2945ad723064de\">BORSE DI STUDIO PER I NOSTRI RAGAZZI<\/a> <span style=\"FONT-SIZE: 10pt\"><span style=\"FONT-FAMILY: verdana, geneva\">La domanda dovr\u00e0 essere presentata entro e non oltre il 30 aprile 2010, presso la Segreteria della Scuola di appartenenza su modello predisposto dalla Regione Puglia.<\/span><\/span><\/span><\/span><\/span><\/span><\/p>\n<p style=\"text-align: justify;\"><a href=\"notizie\/attualita\/1252-8d-passeggiata-tra-i-ciliegi-in-fiore-le-foto.html?phpMyAdmin=249be9a92230f4edfb2945ad723064de\"><span style=\"font-family: verdana,geneva;\"><span style=\"font-size: 10pt;\">8\u00b0 PASSEGGIATA TRA I CILIEGI IN FIORE, LE FOTO<\/span><\/span><\/a> <span style=\"FONT-SIZE: 10pt\"><span style=\"FONT-FAMILY: verdana, geneva\">Come ogni anno, l\u2019ass. Mule del Carro di S. Oronzo ha organizzato<span style=\"COLOR: #000000\"><strong> <\/strong>il raduno di mule da traino e cavalli.<\/span><\/span><\/span><\/p>\n<p style=\"text-align: justify;\"><span style=\"FONT-SIZE: 10pt\"><span style=\"FONT-FAMILY: verdana, geneva\"><span style=\"COLOR: #000000\"> <\/span><\/span><\/span><a href=\"notizie\/attualita\/1250-coppi-e-giuliani-premiati-al-vinitaly-di-verona.html?phpMyAdmin=249be9a92230f4edfb2945ad723064de\"><span style=\"font-family: verdana,geneva;\"><span style=\"font-size: 10pt;\">COPPI E GIULIANI PREMIATI AL VINITALY DI VERONA<\/span><\/span><\/a> <span style=\"FONT-SIZE: 10pt\"><span style=\"FONT-FAMILY: verdana, geneva\">Dall\u20198 al 12 aprile si \u00e8 svolta a Verona la 44esima edizione del Vinitaly, caput mundi dell\u2019enologia, con un incremento del 4.4% degli operatori esteri. <\/span><\/span><\/p>\n<div><\/div>\n<p><span style=\"font-family: verdana,geneva;\"><span style=\"font-size: 10pt;\"><strong>Venerd\u00ec 16:<\/strong><\/span><\/span><\/p>\n<p><span style=\"font-family: verdana,geneva;\"><span style=\"font-size: 10pt;\"><\/p>\n<p style=\"text-align: justify;\"><span style=\"FONT-SIZE: 10pt\"><span style=\"FONT-FAMILY: verdana, geneva\"><a href=\"notizie\/cronaca\/1253-per-non-dimenticare-rino-marinelli.html?phpMyAdmin=249be9a92230f4edfb2945ad723064de\">PER NON DIMENTICARE RINO MARINELLI<\/a> <span style=\"FONT-SIZE: 10pt\"><span style=\"FONT-FAMILY: verdana, geneva\">La mattina del 13 aprile del 1978 il finanziere Rino Marinelli, allora 22enne, periva tragicamente travolto da una valanga mentre, insieme al collega Valter Gollino di Gemona (Udine), cercavano durante una tempesta di neve di arrivare al loro posto di servizio presso il valico italo-austriaco di Passo Pramollo (Udine). I soccorsi giunsero dopo alcune ore e ne constatarono la morte.<\/span><\/span><\/span><\/span><\/p>\n<p style=\"text-align: justify;\"><span style=\"FONT-SIZE: 10pt\"><span style=\"FONT-FAMILY: verdana, geneva\"><span style=\"FONT-SIZE: 10pt\"><span style=\"FONT-FAMILY: verdana, geneva\"><a href=\"notizie\/cronaca\/1254-brutto-incidente-frontale-sulla-castellana--turi.html?phpMyAdmin=249be9a92230f4edfb2945ad723064de\">BRUTTO INCIDENTE FRONTALE SULLA CASTELLANA \u2013 TURI<\/a> Brutto incidente a causa della strada viscida sulla Castellana \u2013 Turi e traffico in tilt. Una punto grigio scuro e una vecchia Chrysler bianca si sono scontrate frontalmente. A breve nuovi aggiornamenti.<\/span><\/span><\/span><\/span><\/p>\n<p style=\"text-align: justify;\"><span style=\"FONT-SIZE: 10pt\"><span style=\"FONT-FAMILY: verdana, geneva\"><span style=\"FONT-SIZE: 10pt\"><span style=\"FONT-FAMILY: verdana, geneva\"> <\/span><\/span><\/span><\/span><a href=\"notizie\/cultura\/1256-expolibro-piccole-librerie-a-rischio.html?phpMyAdmin=249be9a92230f4edfb2945ad723064de\"><span style=\"font-family: verdana,geneva;\"><span style=\"font-size: 10pt;\">EXPOLIBRO: PICCOLE LIBRERIE A RISCHIO<\/span><\/span><\/a> <span style=\"FONT-SIZE: 10pt\"><span style=\"FONT-FAMILY: verdana, geneva\">Domenica 11 Aprile presso l\u2019Expolibro di Bari, Alina Laruccia, proprietaria della Libreria Eleutera e responsabile del Presidio del libro di Turi, con Annella Andriani del Presidio del Libro di Mola di Bari, hanno coordinato una \u201ctavola rotonda\u201d nella quale si \u00e8 fatto il punto della situazione sulle piccole librerie.<\/span><\/span><\/p>\n<p style=\"text-align: justify;\"><span style=\"FONT-SIZE: 10pt\"><span style=\"FONT-FAMILY: verdana, geneva\"><a href=\"notizie\/attualita\/1255-piove-ma-giuliani-rassicura-i-cerasicoltori.html?phpMyAdmin=249be9a92230f4edfb2945ad723064de\">PIOVE, MA GIULIANI RASSICURA I CERASICOLTORI<\/a> Piove quando non deve piovere. A Turi questo \u00e8 un periodo \u2018sacro\u2019 e le tante giornate piovose che si susseguono stanno mettendo a dura prova l\u2019umore dei produttori di ciliegie, creando loro tensione e timori.<\/span><\/span><\/p>\n<p><\/span><\/span><\/p>\n<p><span style=\"font-family: verdana,geneva;\"><span style=\"font-size: 10pt;\"><strong>Sabato 17:<\/strong><\/span><\/span><\/p>\n<p style=\"text-align: justify;\"><span style=\"font-family: verdana,geneva;\"><span style=\"font-size: 10pt;\"><a href=\"notizie\/attualita\/1257-elenco-e-tariffe-dei-servizi-a-domanda-individuale.html?phpMyAdmin=249be9a92230f4edfb2945ad723064de\">ELENCO E TARIFFE DEI SERVIZI A DOMANDA INDIVIDUALE<\/a> <span style=\"FONT-SIZE: 10pt\"><span style=\"FONT-FAMILY: verdana, geneva\">Con delibera di Giunta Comunale n\u00b0 43 del 01 Aprile, il Comune di Turi ha deliberato l\u2019elenco dei servizi a domanda individuale, le relative tariffe 2010, IVA inclusa, secondo quanto stabilito dalla legge, per i servizi a domanda individuale. <\/span><\/span><\/span><\/span><\/p>\n<p style=\"text-align: justify;\"><span style=\"font-family: verdana,geneva;\"><span style=\"font-size: 10pt;\"><span style=\"FONT-SIZE: 10pt\"><span style=\"FONT-FAMILY: verdana, geneva\"><a href=\"notizie\/sport\/1259-ultima-in-casa-per-lacqua-amata-turi.html?phpMyAdmin=249be9a92230f4edfb2945ad723064de\">ULTIMA IN CASA PER L\u2019ACQUA AMATA TURI<\/a> <span style=\"FONT-SIZE: 10pt\"><span style=\"FONT-FAMILY: verdana, geneva\">Terz\u2019ultima gara di campionato per l\u2019Acqua Amata Turi, che oggi affronta in casa l\u2019Assipianificatori Bari, a secco di vittorie da dieci partite.<\/span><\/span><\/span><\/span><\/span><\/span><\/p>\n<p style=\"text-align: justify;\"><span style=\"font-family: verdana,geneva;\"><span style=\"font-size: 10pt;\"><span style=\"FONT-SIZE: 10pt\"><span style=\"FONT-FAMILY: verdana, geneva\"><span style=\"FONT-SIZE: 10pt\"><span style=\"FONT-FAMILY: verdana, geneva\"><a href=\"notizie\/sport\/1260-la-calcio-point-allo-sprint-finale.html?phpMyAdmin=249be9a92230f4edfb2945ad723064de\">LA CALCIO POINT ALLO SPRINT FINALE<\/a> <span style=\"FONT-SIZE: 10pt\"><span style=\"FONT-FAMILY: verdana, geneva\">Penultima giornata per la Calcio Point Turi, che non vede l\u2019ora di chiudere il campionato per voltare pagina in un\u2019annata davvero caotica.<\/span><\/span><\/span><\/span><\/span><\/span><\/span><\/span><\/p>\n<p style=\"text-align: justify;\"><span style=\"font-family: verdana,geneva;\"><span style=\"font-size: 10pt;\"><span style=\"FONT-SIZE: 10pt\"><span style=\"FONT-FAMILY: verdana, geneva\"><span style=\"FONT-SIZE: 10pt\"><span style=\"FONT-FAMILY: verdana, geneva\"><span style=\"FONT-SIZE: 10pt\"><span style=\"FONT-FAMILY: verdana, geneva\"><a href=\"notizie\/sport\/1261-la-villa-menelao-turi-ci-crede.html?phpMyAdmin=249be9a92230f4edfb2945ad723064de\">LA VILLA MENELAO TURI CI CREDE<\/a> <span style=\"FONT-SIZE: 10pt\"><span style=\"FONT-FAMILY: verdana, geneva\">Mancano tre partite alla fine del campionato per la Villa Menelao Turi e domenica l\u2019attende una supersfida in trasferta contro l\u2019Atripalda. <\/span><\/span><\/span><\/span><\/span><\/span><\/span><\/span><\/span><\/span><\/p>\n<p style=\"text-align: justify;\"><span style=\"font-family: verdana,geneva;\"><span style=\"font-size: 10pt;\"><span style=\"FONT-SIZE: 10pt\"><span style=\"FONT-FAMILY: verdana, geneva\"><span style=\"FONT-SIZE: 10pt\"><span style=\"FONT-FAMILY: verdana, geneva\"><span style=\"FONT-SIZE: 10pt\"><span style=\"FONT-FAMILY: verdana, geneva\"><span style=\"FONT-SIZE: 10pt\"><span style=\"FONT-FAMILY: verdana, geneva\"><a href=\"notizie\/attualita\/1258-alienazione-immobili-comunali-se-ne-riparla.html?phpMyAdmin=249be9a92230f4edfb2945ad723064de\">ALIENAZIONE IMMOBILI COMUNALI, SE NE RIPARLA<\/a> <span style=\"FONT-SIZE: 10pt\"><span style=\"FONT-FAMILY: verdana, geneva\">Con delibera di Giunta Comunale n\u00b0 42<strong> <\/strong>dell\u20191 Aprile, a voti unanimi, l\u2019Amministrazione Comunale ha approvato l\u2019elenco dei beni suscettibili di valorizzazione che costituisce inoltre lo schema del Piano delle alienazioni e valorizzazioni immobiliari del Comune di Turi.<\/span><\/span><\/span><\/span><\/span><\/span><\/span><\/span><\/span><\/span><\/span><\/span><\/p>\n","protected":false},"excerpt":{"rendered":"<p><img loading=\"lazy\" decoding=\"async\" class=\" size-full wp-image-1858\" src=\"https:\/\/archivioturi.lavocedelpaese.info\/wp-content\/uploads\/2010\/04\/collage.jpg\" alt=\"collage\" width=\"320\" height=\"150\" srcset=\"https:\/\/archivioturi.lavocedelpaese.info\/wp-content\/uploads\/2010\/04\/collage.jpg 640w, https:\/\/archivioturi.lavocedelpaese.info\/wp-content\/uploads\/2010\/04\/collage-300x141.jpg 300w\" sizes=\"auto, (max-width: 320px) 100vw, 320px\" \/> <\/p>\n","protected":false},"author":1,"featured_media":1858,"comment_status":"open","ping_status":"closed","sticky":false,"template":"","format":"standard","meta":{"colormag_page_container_layout":"default_layout","colormag_page_sidebar_layout":"default_layout","footnotes":""},"categories":[9],"tags":[],"class_list":["post-1859","post","type-post","status-publish","format-standard","has-post-thumbnail","hentry","category-la-voce-del-paese"],"_links":{"self":[{"href":"https:\/\/archivioturi.lavocedelpaese.info\/index.php\/wp-json\/wp\/v2\/posts\/1859","targetHints":{"allow":["GET"]}}],"collection":[{"href":"https:\/\/archivioturi.lavocedelpaese.info\/index.php\/wp-json\/wp\/v2\/posts"}],"about":[{"href":"https:\/\/archivioturi.lavocedelpaese.info\/index.php\/wp-json\/wp\/v2\/types\/post"}],"author":[{"embeddable":true,"href":"https:\/\/archivioturi.lavocedelpaese.info\/index.php\/wp-json\/wp\/v2\/users\/1"}],"replies":[{"embeddable":true,"href":"https:\/\/archivioturi.lavocedelpaese.info\/index.php\/wp-json\/wp\/v2\/comments?post=1859"}],"version-history":[{"count":0,"href":"https:\/\/archivioturi.lavocedelpaese.info\/index.php\/wp-json\/wp\/v2\/posts\/1859\/revisions"}],"wp:featuredmedia":[{"embeddable":true,"href":"https:\/\/archivioturi.lavocedelpaese.info\/index.php\/wp-json\/wp\/v2\/media\/1858"}],"wp:attachment":[{"href":"https:\/\/archivioturi.lavocedelpaese.info\/index.php\/wp-json\/wp\/v2\/media?parent=1859"}],"wp:term":[{"taxonomy":"category","embeddable":true,"href":"https:\/\/archivioturi.lavocedelpaese.info\/index.php\/wp-json\/wp\/v2\/categories?post=1859"},{"taxonomy":"post_tag","embeddable":true,"href":"https:\/\/archivioturi.lavocedelpaese.info\/index.php\/wp-json\/wp\/v2\/tags?post=1859"}],"curies":[{"name":"wp","href":"https:\/\/api.w.org\/{rel}","templated":true}]}}