{"id":18589,"date":"2022-01-16T06:09:42","date_gmt":"2022-01-16T06:09:42","guid":{"rendered":"https:\/\/archivioturi.lavocedelpaese.info\/index.php\/2022\/01\/16\/abbiamo-il-dovere-di-costruire-unalternativa-per-turi\/"},"modified":"2022-01-16T06:09:42","modified_gmt":"2022-01-16T06:09:42","slug":"abbiamo-il-dovere-di-costruire-unalternativa-per-turi","status":"publish","type":"post","link":"https:\/\/archivioturi.lavocedelpaese.info\/index.php\/2022\/01\/16\/abbiamo-il-dovere-di-costruire-unalternativa-per-turi\/","title":{"rendered":"Abbiamo il dovere di costruire un\u2019alternativa per Turi"},"content":{"rendered":"<p><img loading=\"lazy\" decoding=\"async\" src=\"https:\/\/live.staticflickr.com\/65535\/51823719255_27d18e5188_n.jpg\" alt=\"Angelo Orlandi\" width=\"257\" height=\"320\" \/><\/p>\n<p style=\"text-align: center;\"><em><strong>Riceviamo e pubblichiamo la riflessione dell\u2019imprenditore turese Angelo Orlandi sulle prospettive di crescita \u2013 duratura e non stagionale \u2013 del nostro paese<\/strong><\/em><\/p>\n<p style=\"text-align: justify;\">&nbsp;<\/p>\n<p style=\"text-align: justify;\">Gentili lettrici e lettori, <br \/>vorrei condividere con voi alcune considerazioni su Turi, il paese nel quale vivo da oltre 60 anni e lavoro da oltre 40.<\/p>\n<p style=\"text-align: justify;\">Premetto che il mio intervento esula dall&#8217;attivit\u00e0 della attuale Amministrazione in quanto l&#8217;analisi che mi accingo ad esporre non pu\u00f2 essere riferita ad un periodo di qualche anno della nostra cittadina. <\/p>\n<p style=\"text-align: justify;\">E comunque vorrei subito precisare di non essere d\u2019accordo sul fatto che le sorti di una citt\u00e0 dipendano esclusivamente dalle compagini che si alternano ad amministrare la stessa. Un ruolo molto importante lo giocano proprio i cittadini in tutte le loro sfaccettature, dallo studente all&#8217;artigiano, dall&#8217;agricoltore all&#8217;imprenditore, passando per i lavoratori dipendenti. <\/p>\n<p style=\"text-align: justify;\">Pertanto, ognuno di noi prima di elargire critiche e commenti indirizzati ai propri concittadini, farebbe bene a chiedersi cosa ha fatto di positivo per la propria comunit\u00e0. E sono fermamente convinto che di cose ne abbiamo fatte. Ma non basta.<\/p>\n<p style=\"text-align: justify;\">&nbsp;<\/p>\n<p style=\"text-align: justify;\"><strong>Tante \u201coccasioni perse\u201d per migliorarsi<\/strong><\/p>\n<p style=\"text-align: justify;\">Ammetto di non essere bravo con le citazioni ma concedetemene solo una: non \u00e8 sufficiente fare le cose ma \u00e8 indispensabile farle bene.<\/p>\n<p style=\"text-align: justify;\">Dando per scontato la buona fede di tutti gli attori ovvero gli Amministratori, i cittadini, giovani e adulti, ritengo che il nostro paese abbia perso tante occasioni per crescere e migliorarsi. Proverei ad analizzare le circostanze augurandomi di dare un contributo reale, sensibilizzando soprattutto i giovani che vivono a Turi.<\/p>\n<p style=\"text-align: justify;\">\u00c8 risaputo che negli anni \u201870 a Turi c&#8217;erano molte attivit\u00e0 ed iniziative a carattere collettivo, sia ludiche che commerciali, attivit\u00e0 sportive e teatrali, le coop Agricole, la sala cinematografica, le radio libere, una fitta rete di artigiani di tutte le categorie e tante Aziende Agricole ben gestite.<\/p>\n<p style=\"text-align: justify;\">Lungi da me da fare paragoni gratuiti con gli anni 2000 e dintorni. Sappiamo bene come \u00e8 cambiato tutto: societ\u00e0, costumi e modi di pensare. Lo so bene perch\u00e9 in questo quarantennio ho esercitato la mia attivit\u00e0 modellandola proprio ai tempi che cambiavano. Per il sottoscritto la parola resilienza \u00e8 sempre stata tra le dieci pi\u00f9 usate in assoluto.<\/p>\n<p style=\"text-align: justify;\">E allora cosa \u00e8 successo in questi ultimi decenni? Prover\u00f2 a sintetizzare la risposta.<\/p>\n<p style=\"text-align: justify;\">Se da una parte le Amministrazioni non si sono impegnate nel dare un indirizzo politico rispettoso dei cambiamenti e delle necessit\u00e0 della comunit\u00e0, dall&#8217;altra noi cittadini non ci siamo impegnati pi\u00f9 di tanto a sperimentare nuovi obiettivi che ci traghettassero nei decenni che stiamo vivendo con un occhio alle tradizioni e l&#8217;altro alla innovazione, ai nuovi costumi sociali e non ultimo alle nuove esigenze della fascia di et\u00e0 giovanile in chiave professionale. <br \/>Per essere ancora pi\u00f9 chiaro, intendo dire che, a differenza dei paesi limitrofi e non solo, Turi non sia stata capace di capitalizzare le sue risorse, le sue tradizioni e le sue potenzialit\u00e0 traducendole in attivit\u00e0 produttive, culturali, commerciali e ludiche, attive tutto l&#8217;anno come \u00e8 giusto che sia per una qualunque attivit\u00e0 alimentando un circuito economicamente vantaggioso.<\/p>\n<p style=\"text-align: justify;\">Il carnevale di Putignano ed i suoi abiti da sposa, la cultura che contraddistingue Conversano oltre alle sue multidisciplinari attivit\u00e0 produttive e commerciali, la zampina di Sammichele con tutto il suo indotto piuttosto che lo sviluppo di Casamassima attraverso il Parco Commerciale ed il Baricentro rappresentano uno spaccato di quanto cerco di immaginare per la nostra cittadina. Tanto rispetto alle Sagre estive e autunnali, che ci hanno sempre regalato insieme alla Festa Patronale dei momenti di serenit\u00e0 e allegria, ma un paese ha bisogno di attivit\u00e0 produttive e commerciali per 365 giorni all&#8217;anno e che diano lavoro alle famiglie in modo sistematico e continuativo. Soltanto in questo modo potremo rallentare la fuga dei nostri figli verso le citt\u00e0 del nord ed europee.<\/p>\n<p style=\"text-align: justify;\">Ovviamente non ho dimenticato l&#8217;ORO ROSSO. Per fortuna, le campagne cerasicole hanno retto fino ad oggi garantendo ai produttori un profitto per circa 40 giorni di raccolta ma che, a detta degli stessi, va affievolendosi al contrario degli utili delle Aziende che commercializzano il prodotto nella GDO.<\/p>\n<p style=\"text-align: justify;\">&nbsp;<\/p>\n<p style=\"text-align: justify;\"><strong>\u201c\u00c8 ancora possibile costruire un\u2019alternativa all\u2019apatia dell\u2019ultimo ventennio\u201d<\/strong><\/p>\n<p style=\"text-align: justify;\">Mi avvio alla conclusione rimarcando che abbiamo bisogno di tutta la creativit\u00e0 dei giovani per individuare una sorta di indotto che produca posti di lavoro duraturi e non stagionali. Secondo me \u00e8 ancora possibile costruire una alternativa all&#8217;apatia che ha caratterizzato l&#8217;ultimo ventennio. Abbiamo il dovere di provarci proprio ora che le infrastrutture saranno migliorate grazie al PNRR, oltre alla vera svolta nella digitalizzazione indispensabile per superare la prossima frontiera.<\/p>\n<p style=\"text-align: justify;\">Le Amministrazioni, attente e capaci, avranno il compito di agevolare tutte le iniziative che andranno in questa direzione ed inoltre di promuovere istituzionalmente il nostro territorio e le iniziative che lo stesso partorir\u00e0. Intercettare i numerosissimi Bandi Europei a disposizione finalizzati a rilanciare le nostre risorse e finanziare le Start-up, nelle modalit\u00e0 permesse, che avranno voglia di mettersi in gioco. Il tutto ovviamente all\u2019interno della cornice dello strumento urbanistico vigente quale il PUG ed in aderenza allo stesso.<\/p>\n<p style=\"text-align: justify;\">Occorrono Amministratori all&#8217;altezza di questi obiettivi, con una visione molto larga grazie al loro percorso Universitario prima e Professionale successivamente. \u00c8 doveroso evitare che Il Comune diventi una scuola di formazione. Gli eletti dovranno avere gi\u00e0 un bagaglio professionale comprovato.<\/p>\n<p style=\"text-align: justify;\">In conclusione, il nostro futuro dipender\u00e0 da quello che avremo insegnato ai nostri figli: i valori, il rispetto e l&#8217;amore per il nostro territorio.<\/p>\n<p style=\"text-align: justify;\">Auguri a tutti noi.<\/p>\n<p style=\"text-align: right;\"><strong>Angelo Orlandi<\/strong><\/p>\n","protected":false},"excerpt":{"rendered":"<p><img loading=\"lazy\" decoding=\"async\" src=\"https:\/\/live.staticflickr.com\/65535\/51823719255_27d18e5188_n.jpg\" alt=\"Angelo Orlandi\" width=\"257\" height=\"320\" \/><\/p>\n","protected":false},"author":1,"featured_media":0,"comment_status":"open","ping_status":"closed","sticky":false,"template":"","format":"standard","meta":{"colormag_page_container_layout":"default_layout","colormag_page_sidebar_layout":"default_layout","footnotes":""},"categories":[4],"tags":[],"class_list":["post-18589","post","type-post","status-publish","format-standard","hentry","category-politica"],"_links":{"self":[{"href":"https:\/\/archivioturi.lavocedelpaese.info\/index.php\/wp-json\/wp\/v2\/posts\/18589","targetHints":{"allow":["GET"]}}],"collection":[{"href":"https:\/\/archivioturi.lavocedelpaese.info\/index.php\/wp-json\/wp\/v2\/posts"}],"about":[{"href":"https:\/\/archivioturi.lavocedelpaese.info\/index.php\/wp-json\/wp\/v2\/types\/post"}],"author":[{"embeddable":true,"href":"https:\/\/archivioturi.lavocedelpaese.info\/index.php\/wp-json\/wp\/v2\/users\/1"}],"replies":[{"embeddable":true,"href":"https:\/\/archivioturi.lavocedelpaese.info\/index.php\/wp-json\/wp\/v2\/comments?post=18589"}],"version-history":[{"count":0,"href":"https:\/\/archivioturi.lavocedelpaese.info\/index.php\/wp-json\/wp\/v2\/posts\/18589\/revisions"}],"wp:attachment":[{"href":"https:\/\/archivioturi.lavocedelpaese.info\/index.php\/wp-json\/wp\/v2\/media?parent=18589"}],"wp:term":[{"taxonomy":"category","embeddable":true,"href":"https:\/\/archivioturi.lavocedelpaese.info\/index.php\/wp-json\/wp\/v2\/categories?post=18589"},{"taxonomy":"post_tag","embeddable":true,"href":"https:\/\/archivioturi.lavocedelpaese.info\/index.php\/wp-json\/wp\/v2\/tags?post=18589"}],"curies":[{"name":"wp","href":"https:\/\/api.w.org\/{rel}","templated":true}]}}