{"id":18579,"date":"2022-01-10T06:20:08","date_gmt":"2022-01-10T06:20:08","guid":{"rendered":"https:\/\/archivioturi.lavocedelpaese.info\/index.php\/2022\/01\/10\/riapertura-delle-scuole-domina-lincertezza\/"},"modified":"2022-01-10T06:20:08","modified_gmt":"2022-01-10T06:20:08","slug":"riapertura-delle-scuole-domina-lincertezza","status":"publish","type":"post","link":"https:\/\/archivioturi.lavocedelpaese.info\/index.php\/2022\/01\/10\/riapertura-delle-scuole-domina-lincertezza\/","title":{"rendered":"Riapertura delle scuole, domina l\u2019incertezza"},"content":{"rendered":"<p><img loading=\"lazy\" decoding=\"async\" src=\"https:\/\/live.staticflickr.com\/65535\/51811743648_f70d387c33_n.jpg\" alt=\"scuola media 2020 (2)\" width=\"320\" height=\"200\" \/><\/p>\n<p style=\"text-align: justify;\"><strong>Il sindaco: \u201cUna scuola in presenza nella modalit\u00e0 prevista dal Governo \u00e8 una scuola smarrita, impaurita e frastornata\u201d. <\/strong><\/p>\n<p style=\"text-align: justify;\"><strong><strong>\u201c<\/strong>Se sar\u00e0 necessario prendere decisioni diverse, lo faremo nella consapevolezza che tutto si fa per il bene comune<strong>\u201d<\/strong><\/strong><\/p>\n<p style=\"text-align: center;\"><strong><strong><\/strong><br \/><\/strong><\/p>\n<p style=\"text-align: justify;\">Nelle ultime ore che ci separano dalla riapertura delle scuole dopo le festivit\u00e0 natalizie, si \u00e8 intensificato il dibattito sull&#8217;opportunit\u00e0 di ritornare in classe in presenza, data la velocit\u00e0 di circolazione della nuova variante Covid.<\/p>\n<p style=\"text-align: justify;\">Come gi\u00e0 accaduto lo scorso anno, l\u2019opinione pubblica si attesta su due posizioni di massima. Da un lato, c&#8217;\u00e8 chi avrebbe preferito che si optasse per la didattica a distanza o che si rinviasse di qualche giorno il suono della campanella, lavorando nel frattempo per aumentare il numero dei bambini vaccinati.<\/p>\n<p style=\"text-align: justify;\">Dall&#8217;altro, una parte dei genitori, dopo quasi due anni di \u201cemergenza\u201d, sposa l\u2019importanza di iniziare subito in presenza, adottando le giuste misure di tutela (ad esempio campagne di screening gratuito coordinate con l\u2019intensificarsi della vaccinazione), come segnale forte di una comunit\u00e0 degli adulti che riconosca il valore sociale, relazionale e umano dell\u2019esperienza scolastica.<\/p>\n<p style=\"text-align: justify;\">Al di l\u00e0 delle legittime opinioni, un dato ci pare inequivocabile: il capitolo \u201cscuola\u201d avrebbe meritato pi\u00f9 lungimiranza da parte del Governo, da cui ci saremmo aspettati un\u2019organizzazione strutturata per far ritornare i nostri figli in classe nelle migliori condizioni di sicurezza. Ed invece l\u2019approssimazione l\u2019ha fatta da padrone: basti pensare che la circolare esplicativa delle nuove modalit\u00e0 di gestione dei casi positivi \u00e8 stata inviata ai dirigenti scolastici solo l\u20198 gennaio, a due giorni dalla ripartenza. Senza contare che, come denunciato dai sindacati di categoria, sussistono \u201coggettive difficolt\u00e0 operative nell\u2019applicare il complesso sistema di norme introdotte dal Decreto Legge approvato il 5 gennaio dal Consiglio dei Ministri\u201d: dagli screening per gli alunni alla sostituzione del personale contagiato, dall\u2019approvvigionamento delle mascherine FFP2 alle regole sui trasporti scolastici, tutto \u00e8 chiaro sulla carta ma nebuloso nella vita reale di un Istituto.<\/p>\n<p style=\"text-align: justify;\"><strong>La riflessione del sindaco Resta<\/strong><\/p>\n<p style=\"text-align: justify;\">Sul dilemma \u201cscuola\u201d, che in questa quarta ondata ancora una volta sindaci e dirigenti scolastici si ritrovano a fronteggiare da soli, \u00e8 intervenuto anche il primo cittadino Tina Resta con una riflessione che vi proponiamo di seguito.<\/p>\n<p style=\"text-align: justify;\">\u00abUna scuola in presenza nella modalit\u00e0 prevista dal Governo \u2013 scrive \u2013 \u00e8 una scuola smarrita, impaurita e frastornata. I bambini vivono condizionamenti psicologici che rischiano di provocare nel tempo disturbi seri, se non ci sono genitori e docenti rassicuranti. I media e i social continuano a dire di tutto e di pi\u00f9 e il Governo si ricorda della scuola quando la scuola inizia&#8230; probabilmente anche loro sono nella centrifuga di correnti scientifiche contrastanti. Questo destabilizza tutti, ma proprio tutti&#8230; allora diventa essenziale mantenere un equilibrio decisionale che tenga conto delle indicazioni normative, ma anche della realt\u00e0 scolastica. E allora, la responsabilit\u00e0 diventa di tutti in un clima di aiuto e comprensione\u00bb.<\/p>\n<p style=\"text-align: justify;\">Rammentando che i sindaci hanno le mani legate \u2013 poich\u00e9 la Puglia \u00e8 in \u201czona bianca\u201d e non sussistono ragioni aprioristiche per poter derogare alla norma nazionale \u2013 il sindaco rassicura che la situazione viene monitorata con la Prefettura, l&#8217;Asl e i pediatri di libera scelta: \u00abIo non so come si evolver\u00e0 questa pandemia \u2013 annota \u2013 ma non possiamo affrontarla con lo scontro, ma con un confronto con chi ha competenze e, se sar\u00e0 necessario prendere decisioni diverse, lo faremo nella consapevolezza che tutto si fa per il bene comune\u00bb.<\/p>\n<p style=\"text-align: right;\"><em><strong>Foto di apertura: Primo giorno di scuola, settembre 2020<\/strong><\/em><\/p>\n","protected":false},"excerpt":{"rendered":"<p><img loading=\"lazy\" decoding=\"async\" src=\"https:\/\/live.staticflickr.com\/65535\/51811743648_f70d387c33_n.jpg\" alt=\"scuola media 2020 (2)\" width=\"320\" height=\"200\" \/><\/p>\n","protected":false},"author":1,"featured_media":0,"comment_status":"open","ping_status":"closed","sticky":false,"template":"","format":"standard","meta":{"colormag_page_container_layout":"default_layout","colormag_page_sidebar_layout":"default_layout","footnotes":""},"categories":[7],"tags":[],"class_list":["post-18579","post","type-post","status-publish","format-standard","hentry","category-attualita"],"_links":{"self":[{"href":"https:\/\/archivioturi.lavocedelpaese.info\/index.php\/wp-json\/wp\/v2\/posts\/18579","targetHints":{"allow":["GET"]}}],"collection":[{"href":"https:\/\/archivioturi.lavocedelpaese.info\/index.php\/wp-json\/wp\/v2\/posts"}],"about":[{"href":"https:\/\/archivioturi.lavocedelpaese.info\/index.php\/wp-json\/wp\/v2\/types\/post"}],"author":[{"embeddable":true,"href":"https:\/\/archivioturi.lavocedelpaese.info\/index.php\/wp-json\/wp\/v2\/users\/1"}],"replies":[{"embeddable":true,"href":"https:\/\/archivioturi.lavocedelpaese.info\/index.php\/wp-json\/wp\/v2\/comments?post=18579"}],"version-history":[{"count":0,"href":"https:\/\/archivioturi.lavocedelpaese.info\/index.php\/wp-json\/wp\/v2\/posts\/18579\/revisions"}],"wp:attachment":[{"href":"https:\/\/archivioturi.lavocedelpaese.info\/index.php\/wp-json\/wp\/v2\/media?parent=18579"}],"wp:term":[{"taxonomy":"category","embeddable":true,"href":"https:\/\/archivioturi.lavocedelpaese.info\/index.php\/wp-json\/wp\/v2\/categories?post=18579"},{"taxonomy":"post_tag","embeddable":true,"href":"https:\/\/archivioturi.lavocedelpaese.info\/index.php\/wp-json\/wp\/v2\/tags?post=18579"}],"curies":[{"name":"wp","href":"https:\/\/api.w.org\/{rel}","templated":true}]}}