{"id":18577,"date":"2022-01-09T07:11:15","date_gmt":"2022-01-09T07:11:15","guid":{"rendered":"https:\/\/archivioturi.lavocedelpaese.info\/index.php\/2022\/01\/09\/abbiamo-bisogno-di-amministratori-che-esercitino-il-loro-ruolo-con-autentica-serieta\/"},"modified":"2022-01-09T07:11:15","modified_gmt":"2022-01-09T07:11:15","slug":"abbiamo-bisogno-di-amministratori-che-esercitino-il-loro-ruolo-con-autentica-serieta","status":"publish","type":"post","link":"https:\/\/archivioturi.lavocedelpaese.info\/index.php\/2022\/01\/09\/abbiamo-bisogno-di-amministratori-che-esercitino-il-loro-ruolo-con-autentica-serieta\/","title":{"rendered":"\u201cAbbiamo bisogno di amministratori che esercitino il loro ruolo con autentica seriet\u00e0\u201d"},"content":{"rendered":"<p><img loading=\"lazy\" decoding=\"async\" src=\"https:\/\/live.staticflickr.com\/65535\/51808727563_7b91f1fd37_n.jpg\" alt=\"Antonio Tateo\" width=\"320\" height=\"258\" \/><\/p>\n<p style=\"text-align: center;\"><strong>Dal rimpasto del 2020 alla richiesta dell\u2019intervento \u2018salvifico\u2019 di Boccardi, passando per le \u2018gravi mancanze\u2019 del sindaco. Antonio Tateo, ex amministratore, riflette sulle ultime vicende politico-amministrative<\/strong><\/p>\n<p style=\"text-align: justify;\">&nbsp;<\/p>\n<p style=\"text-align: justify;\">Riceviamo e pubblichiamo la riflessione di Antonio Tateo, ex amministratore del Comune di Turi, sulle tempestose vicende che in queste settimane hanno travolto la vita amministrativa turese, costringendo un\u2019intero paese ad aspettare con il fiato sospeso l\u2019esito della crisi aperta in maggioranza dai consiglieri \u201cindipendenti\u201d (Teresa De Carolis, Teresita De Florio, Onofrio Resta), autori di un \u201cdocumento politico\u201d di cui, al momento, si ignora il contenuto.<\/p>\n<p style=\"text-align: justify;\">Al netto delle considerazioni sulle mancanze del sindaco Tina Resta, riteniamo illluminante un passaggio dell\u2019analisi offerta da Tateo: perch\u00e9 gli \u201cindipendenti\u201d hanno invocato l\u2019intervento del Senatore Boccardi, ritenendolo quasi \u201csalvifico\u201d per le sorti di questa consigliatura?<\/p>\n<p style=\"text-align: justify;\">La richiesta \u201cmessianica\u201d stona almeno per tre ragioni. In primis, Boccardi aveva preso pubblicamente le distanze dalle dinamiche amministrative, ritenendo il suo compito esaurito nel momento in cui \u201cTuRinasce\u201d, la lista che ha contribuito a creare, ha vinto la competizione elettorale. Dopo due anni e mezzo di assenza dalla scena politica locale e con ben altri impegni a livello nazionale, come potrebbe essere la figura ideale per risolvere un conflitto interno alla maggioranza?<\/p>\n<p style=\"text-align: justify;\">In secondo luogo, Tateo annota che il prof. Onofrio Resta, data la sua esperienza, dovrebbe ben sapere che spetta agli stessi consiglieri il compito di verificare l\u2019attuazione delle linee programmatiche da parte del sindaco e dei singoli assessori. Dunque, il tridente degli \u201cindipendenti\u201d non dovrebbe aver bisogno di un \u201cpacificatore esterno\u201d per eseguire il tagliando di met\u00e0 mandato; basterebbe svolgere fino in fondo le prerogative del proprio ruolo di consigliere. Magari \u2013 aggiungiamo noi \u2013 iniziando a costituirsi come gruppo consiliare, cos\u00ec da indicare un capogruppo che possa fare sintesi delle istanze che si hanno a cuore e avere voce in capitolo nelle scelte dell\u2019Amministrazione.<\/p>\n<p style=\"text-align: justify;\">Infine, un intervento esterno delegittimerebbe la stessa credibilit\u00e0 istituzionale del sindaco, quale \u201cguida della maggioranza e mediatore delle forze politiche presenti all\u2019interno della stessa maggioranza\u201d, trasformando il Palazzo di Citt\u00e0 in \u201cun teatrino di burattini e pupi, con tanto di burattinai e pupari\u201d.<\/p>\n<p style=\"text-align: justify;\">In sostanza, se l\u2019obiettivo di questa verifica \u00e8 ridare \u201cslancio all\u2019attivit\u00e0 amministrativa\u201d, apportando le correzioni di rotta ritenute necessarie, l\u2019unica via \u00e8 accettare l\u2019invito al confronto avanzato pi\u00f9 volte dal sindaco, formalizzando le proprie richieste senza ulteriori indugi e senza tirare in ballo il \u201cdeus ex machina\u201d di turno.<\/p>\n<p style=\"text-align: justify;\">&nbsp;<\/p>\n<p style=\"text-align: center;\"><strong>***<\/strong><\/p>\n<p style=\"text-align: center;\"><strong><br \/><\/strong><\/p>\n<p style=\"text-align: justify;\">Nell\u2019anno appena iniziato, credo sia opportuno e doveroso da cittadino ed ex amministratore del nostro Comune condividere con i turesi alcune considerazioni e riflessioni sulla situazione politica-amministrativa a seguito delle vicissitudini dell\u2019ultimo Consiglio Comunale, che seguono le polemiche della precedente lettera che sfoci\u00f2 nel rimpasto amministrativo del 2020.<\/p>\n<p style=\"text-align: justify;\">Non conosciamo il contenuto del nuovo documento dei consiglieri comunali indipendenti e per il quale non hanno \u201cavuto ancora una risposta\u201d ma stando a quello che \u00e8 stato detto, citando Carlo Levi: \u201cle parole sono pietre\u201d, la situazione sembra molto seria e merita una risoluzione amministrativa definitiva che non pu\u00f2 essere risolta in maniera sbrigativa con le solite frasi \u201cnon ho tempo da perdere\u201d o \u201cnon fate insinuazioni\u201d o ancora \u201cio non ho padroni e agisco sempre con onest\u00e0 intellettuale\u201d o, addirittura, ventilando \u2013a chiacchiere-le dimissioni che, come noto, non si annunciano ma si danno. E chi scrive lo ha dimostrato in passato.<\/p>\n<p style=\"text-align: justify;\">Se \u00e8 vero come \u00e8 vero che alcuni termini utilizzati durante il Consiglio Comunale da parte delle consigliere comunali Teresa De Carolis e Teresita De Florio, a tratti, duri e diretti e riportati su questa testata, sono stati pronunciati senza tanti infingimenti, l\u2019attuale situazione amministrativa-politica locale merita di essere esaminata con la lente d\u2019ingrandimento da parte dell\u2019opinione pubblica non foss\u2019altro per la trasparenza delle azioni dei protagonisti, altrimenti si riduce il tutto solo nel garantire lo \u201cstipendio a qualcuno\u201d come \u00e8 stato detto sempre nel Consiglio Comunale in videoconferenza del 29 dicembre 2021.<\/p>\n<p style=\"text-align: justify;\"><strong>Una replica \u201cinappropriata\u201d<\/strong><\/p>\n<p style=\"text-align: justify;\">Tantomeno la replica della sindaco: \u00abLa responsabilit\u00e0 non si vede nella votazione di un punto all\u2019ordine del giorno; la responsabilit\u00e0 \u00e8 stare in Consiglio comunale, affrontare i problemi e poi decidere con serenit\u00e0 cosa si vuole fare per il futuro\u00bb pu\u00f2 considerarsi appropriata alle gravi dichiarazioni pronunciate dai suoi stessi consiglieri di maggioranza nel Consiglio Comunale del 29 dicembre.<\/p>\n<p style=\"text-align: justify;\">Le risposte del sindaco appaiono infatti offensive nei confronti di tutti i consiglieri. Come gli atteggiamenti di autentica protervia e offensive per l\u2019intero Consiglio appaiono le sue azioni. Infatti, sia per il Project Financing della Pubblica Illuminazione che per altre importanti questioni riguardo all&#8217;Urbanistica, la Sindaca ha ripetutamente scavalcato la massima assise dell\u2019ente comunale, rappresentativo dell\u2019intera popolazione turese, nonostante la legge contempli la competenza di quest\u2019ultimo in queste materie.<\/p>\n<p style=\"text-align: justify;\">Per non parlare dell\u2019ultima vicenda che ha visto l\u2019aula consiliare occupata dai consiglieri di minoranza in segno di protesta per le continue e perduranti violazioni di legge, di regolamento, del buon senso, oltre che del pi\u00f9 banale rispetto istituzionale della dignit\u00e0 propria dell&#8217;opposizione o minoranza che dir si voglia.<\/p>\n<p style=\"text-align: justify;\"><strong>L\u2019intervento \u201csalvifico\u201d del Senatore Boccardi<\/strong><\/p>\n<p style=\"text-align: justify;\">Il mancato rispetto dei ruoli istituzionali, tuttavia, deve essere colto, altres\u00ec, nelle dichiarazioni dei consiglieri di maggioranza \u201cindipendenti\u201d, quando invocano l\u2019intervento del Sen. Boccardi.<\/p>\n<p style=\"text-align: justify;\">Non me ne voglia il Senatore Michele Boccardi (tantomeno i consiglieri Resta, De Florio e De Carolis) ma, come cittadino di questo paese vorrei sapere a quale titolo e in quale veste egli viene invocato dalle parti in causa come quasi un \u201ctaumaturgo\u201d o come il personaggio del film di Tarantino \u201cSono il signor Wolf, risolvo problemi\u201d per dipanare la matassa o fare, come dire, il tagliando politico-amministrativo di questa amministrazione?<\/p>\n<p style=\"text-align: justify;\">Mi risulta che tra i compiti di un parlamentare vi siano le prerogative di presentare proposte legislative, di esercitare poteri di controllo e di indirizzo politico attraverso mozioni, risoluzioni, ordini del giorno e di atti di sindacato ispettivo, quali interrogazioni e interpellanze, ma solo verso l&#8217;operato del Governo Nazionale e non certo verso l\u2019attivit\u00e0 amministrativa politica locale.<\/p>\n<p style=\"text-align: justify;\">Tra l\u2019altro, penso che egli abbia e debba pensare a ben altro in queste settimane, come l\u2019elezione del Presidente della Repubblica da grande elettore, oltre che all\u2019attivit\u00e0 di Imprenditore e Presidente di Assoeventi di Confindustria.<\/p>\n<p style=\"text-align: justify;\">Mi scuso per le citazioni e sottigliezze tecnico-giuridiche ma devo ricordare che l\u2019articolo 67 della Costituzione prescrive che ogni membro del Parlamento rappresenta la Nazione ed esercita le sue funzioni senza vincolo di mandato e che rappresentano l&#8217;intera nazione e non gruppi consiliari comunali.<\/p>\n<p style=\"text-align: justify;\">Ed \u00e8 appunto per questo che non si riesce a comprendere i motivi per cui il suo intervento venga ritenuto indispensabile e, quasi, \u201csalvifico\u201d per talune e taluni. Mi si potr\u00e0 dire che egli ha la responsabilit\u00e0 di aver fatto nascere e costituita la lista che attualmente governa Turi e che bisogna considerarlo una sorta di \u201cfiancheggiatore\u201d (figura prevista nella normativa ma che cessa con il termine della campagna elettorale). Ma lo stesso Boccardi, non aveva dichiarato in un\u2019intervista pubblica rilasciata ad una testata locale on line che egli non voleva essere associato in alcun modo alla politica turese e che avrebbe addirittura querelato chi avesse associato il suo nome alla politica e alle attivit\u00e0 amministrative di Turi?<\/p>\n<p style=\"text-align: justify;\">Inoltre desta meraviglia che il Prof. Onofrio Resta, politico esperto con notevole esperienza amministrativa quale ex Sindaco e Assessore Provinciale ed ora consigliere comunale, abbia dimenticato che gli stessi consiglieri comunali rappresentano il Consiglio, che \u00e8 destinatario dei compiti individuati e prescritti dalle leggi e dallo statuto. E poich\u00e8 il Consiglio svolge attivit\u00e0 di indirizzo e controllo politico-amministrativo, partecipando alla \u201c\u2026verifica periodica dell&#8217;attuazione delle linee programmatiche da parte del sindaco&#8230; e dei singoli assessori\u201d (art.42, comma 3, T.U.E.L.), rappresentano i cittadini del Comune in cui sono stati eletti, senza vincolo di mandato. Pertanto, non dovrebbero aver bisogno di figure esterne per esaminare e risolvere problematiche politiche e amministrative, n\u00e9, tantomeno, di figure di mediatori, pacificatori, etc.etc.<\/p>\n<p style=\"text-align: justify;\">Ne va della credibilit\u00e0 e autorevolezza della politica stessa, delle azioni poste in essere e della seriet\u00e0, credibilit\u00e0 e competenza degli stessi protagonisti. Altrimenti il tutto si riduce, come spesso accade, in un teatrino di burattini e pupi, con tanto di burattinai e pupari.<\/p>\n<p style=\"text-align: justify;\">Non dimentichiamo poi che il Sindaco \u00e8 il capo dell&#8217; Amministrazione Comunale e non deve aver bisogno dell\u2019intervento esterno, seppure di un senatore, che vada a sostituirlo nel ruolo di guida della maggioranza e anche di mediatore delle forze politiche presenti all\u2019interno della stessa maggioranza. Diversamente ne andrebbe della sua credibilit\u00e0 e autorevolezza del ruolo, e ancor pi\u00f9 del rispetto dei cittadini che l\u2019hanno votato.<\/p>\n<p style=\"text-align: justify;\"><strong>L\u2019appello a un confronto concreto e risolutivo<\/strong><\/p>\n<p style=\"text-align: justify;\">A mio parere, almeno con le parole, si \u00e8 andati ben oltre alle \u201casprezze verbali\u201d. Infatti, le parole sono anche atti, dei quali \u00e8 necessario fronteggiare le conseguenze ed \u00e8 per questo che, per il bene di tutti, auspico che in maniera concreta e veritiera durante le attivit\u00e0 di confronto tra le parti per addivenire all\u2019auspicato \u201cslancio dell\u2019azione amministrativa\u201d, il Sindaco renda conto non solo delle richieste di verifica degli \u201cindipendenti\u201d sugli argomenti di cui nessuno conosce il contenuto, ma rifletta seriamente e velocemente (prima che sia troppo tardi) sulla gravit\u00e0 delle sue mancanze. A partire dalle dichiarate ingerenze gestionali di alcuni assessori nelle attivit\u00e0 dell\u2019edilizia, urbanistica, contenzioso, ambiente e dei lavori pubblici che da qualche anno stanno rendendo l\u2019ufficio posto al secondo piano del palazzo un autentico \u201cporto delle nebbie\u201d.<\/p>\n<p style=\"text-align: justify;\">Se non \u00e8 capace, allora \u00e8 bene che tragga le dovute conseguenze e si dimetta, sia per rispetto verso se stessa ma, soprattutto, verso la collettivit\u00e0, che ha veramente bisogno di avere amministratori che esercitano il loro ruolo con autentica seriet\u00e0.<\/p>\n<p style=\"text-align: right;\"><strong>Antonio Tateo<\/strong><\/p>\n","protected":false},"excerpt":{"rendered":"<p><img loading=\"lazy\" decoding=\"async\" src=\"https:\/\/live.staticflickr.com\/65535\/51808727563_7b91f1fd37_n.jpg\" alt=\"Antonio Tateo\" width=\"320\" height=\"258\" \/><\/p>\n","protected":false},"author":1,"featured_media":0,"comment_status":"open","ping_status":"closed","sticky":false,"template":"","format":"standard","meta":{"colormag_page_container_layout":"default_layout","colormag_page_sidebar_layout":"default_layout","footnotes":""},"categories":[4],"tags":[],"class_list":["post-18577","post","type-post","status-publish","format-standard","hentry","category-politica"],"_links":{"self":[{"href":"https:\/\/archivioturi.lavocedelpaese.info\/index.php\/wp-json\/wp\/v2\/posts\/18577","targetHints":{"allow":["GET"]}}],"collection":[{"href":"https:\/\/archivioturi.lavocedelpaese.info\/index.php\/wp-json\/wp\/v2\/posts"}],"about":[{"href":"https:\/\/archivioturi.lavocedelpaese.info\/index.php\/wp-json\/wp\/v2\/types\/post"}],"author":[{"embeddable":true,"href":"https:\/\/archivioturi.lavocedelpaese.info\/index.php\/wp-json\/wp\/v2\/users\/1"}],"replies":[{"embeddable":true,"href":"https:\/\/archivioturi.lavocedelpaese.info\/index.php\/wp-json\/wp\/v2\/comments?post=18577"}],"version-history":[{"count":0,"href":"https:\/\/archivioturi.lavocedelpaese.info\/index.php\/wp-json\/wp\/v2\/posts\/18577\/revisions"}],"wp:attachment":[{"href":"https:\/\/archivioturi.lavocedelpaese.info\/index.php\/wp-json\/wp\/v2\/media?parent=18577"}],"wp:term":[{"taxonomy":"category","embeddable":true,"href":"https:\/\/archivioturi.lavocedelpaese.info\/index.php\/wp-json\/wp\/v2\/categories?post=18577"},{"taxonomy":"post_tag","embeddable":true,"href":"https:\/\/archivioturi.lavocedelpaese.info\/index.php\/wp-json\/wp\/v2\/tags?post=18577"}],"curies":[{"name":"wp","href":"https:\/\/api.w.org\/{rel}","templated":true}]}}