{"id":18572,"date":"2022-01-05T07:06:49","date_gmt":"2022-01-05T07:06:49","guid":{"rendered":"https:\/\/archivioturi.lavocedelpaese.info\/index.php\/2022\/01\/05\/gravi-difformita-nel-verbale-della-conferenza-dei-capigruppo\/"},"modified":"2022-01-05T07:06:49","modified_gmt":"2022-01-05T07:06:49","slug":"gravi-difformita-nel-verbale-della-conferenza-dei-capigruppo","status":"publish","type":"post","link":"https:\/\/archivioturi.lavocedelpaese.info\/index.php\/2022\/01\/05\/gravi-difformita-nel-verbale-della-conferenza-dei-capigruppo\/","title":{"rendered":"\u201cGravi difformit\u00e0\u201d nel verbale della Conferenza dei Capigruppo"},"content":{"rendered":"<p><img loading=\"lazy\" decoding=\"async\" src=\"https:\/\/live.staticflickr.com\/65535\/51799779662_1466249ca7_n.jpg\" alt=\"verbale capigruppo turi\" width=\"320\" height=\"169\" \/><\/p>\n<p style=\"text-align: center;\"><strong>La minoranza denuncia l\u2019incoerenza del resoconto della riunione convocata a ridosso del Consiglio del 28 dicembre<\/strong><\/p>\n<p style=\"text-align: justify;\">La minoranza riaccende i riflettori sulle vicende che hanno segnato l\u2019ultimo Consiglio comunale, previsto per il 28 dicembre, in seconda convocazione, e \u201crinviato\u201d con una procedura giudicata in contrasto con il nostro Regolamento.<\/p>\n<p style=\"text-align: justify;\">Lo scorso 4 gennaio, i consiglieri Angelo Palmisano e Giannalisa Zaccheo, capigruppo di \u201cPatto per Turi\u201d e del Gruppo Misto, hanno protocollato una contestazione al verbale della Conferenza dei Capigruppo, convocata d\u2019urgenza alle ore 13.00 del 28 dicembre 2021, per confrontarsi \u201ccirca la necessit\u00e0 di svolgere in videoconferenza il Consiglio Comunale, in seconda convocazione, per sopraggiunte esigenze di tutela della salute pubblica\u201d.<\/p>\n<p style=\"text-align: justify;\"><strong>Le \u201cgravi difformit\u00e0\u201d<\/strong><\/p>\n<p style=\"text-align: justify;\">Nella nota, inviata anche al Prefetto, si fa presente che nel verbale della richiamata Conferenza sono state riscontrate alcune \u00abgravi difformit\u00e0 rispetto a quanto avvenuto in quella sede\u00bb.<\/p>\n<p style=\"text-align: justify;\">In primis, i capigruppo denunciano che nella riunione non si \u00e8 fatto \u00abalcun riferimento al rinvio della seconda convocazione del Consiglio alla data del 29 dicembre 2021\u00bb. Circostanza su cui lo stesso sindaco, in risposta alla contestazione, \u00abha dichiarato di non ricordare di averne parlato\u00bb.<\/p>\n<p style=\"text-align: justify;\">In secondo luogo, si cotesta che, \u00abnonostante espressa richiesta del sindaco di verbalizzare le sue dichiarazioni\u00bb, nel resoconto non vi \u00e8 traccia delle ragioni che il primo cittadino avrebbe addotto per motivare la scelta di svolgere la seduta consiliare on line. Ragioni che, secondo quanto testimoniato dai capigruppo di minoranza, non sarebbero legate all\u2019emergenza Covid ma al timore espresso dal sindaco di non \u00abpoter contare sui numeri della sua maggioranza\u00bb, dato che i tre consiglieri \u201cindipendenti\u201d, pi\u00f9 volte contattati telefonicamente dal capogruppo di maggioranza, Lanfranco Netti, non avevano risposto e, dunque, non c\u2019era stato modo di avere conferme in merito alla loro presenza.<\/p>\n<p style=\"text-align: justify;\">In ultimo, si obietta che \u00abper come \u00e8 stato redatto il verbale, appare che i capigruppo di minoranza abbiano dato acquiescenza al rinvio del Consiglio Comunale in seconda convocazione\u00bb. Ipotesi del tutto infondata, come dimostrano le azioni di protesta messe in atto subito dopo aver appreso la decisione del sindaco: oltre ad aver occupato simbolicamente l\u2019Aula consiliare, la minoranza non ha partecipato al Consiglio riunitosi il giorno dopo, ritenendolo una \u00abviolazione alle norme del Regolamento del Consiglio Comunale di Turi e del T.U.E.L.\u00bb.<\/p>\n<p style=\"text-align: justify;\"><strong>Le richieste<\/strong><\/p>\n<p style=\"text-align: justify;\">Alla luce delle difformit\u00e0 evidenziate, i capigruppo di minoranza chiedono alla Segretaria verbalizzante di rimuovere la parte del verbale in cui si fa riferimento al rinvio della seconda convocazione del Consiglio Comunale alla data del 29 dicembre 2021, \u00abperch\u00e9 non \u00e8 stato oggetto di confronto e non \u00e8 mai stata paventata tale ipotesi dal sindaco in sede di Conferenza dei capigruppo\u00bb.<\/p>\n<p style=\"text-align: justify;\">Inoltre, si invita il sindaco ad integrare il verbale con le dichiarazioni \u00abrelative alle reali motivazioni di richiesta di modificare le modalit\u00e0 di tenuta della seconda convocazione del Consiglio Comunale\u00bb.<\/p>\n<p style=\"text-align: justify;\">Qualora non ci sia un riscontro alle proprie istanze entro i prossimi 5 giorni, i consiglieri preannunciano che \u00absi vedranno costretti a denunciare in sede penale quanto accaduto, affinch\u00e9 la magistratura competente intervenga per accertare la sussistenza dei reati configurabili da tale condotta\u00bb.<\/p>\n<p><img loading=\"lazy\" decoding=\"async\" src=\"https:\/\/live.staticflickr.com\/65535\/51800846063_fe2be28e4f_b.jpg\" alt=\"contestazione verbale Conferenza Capigruppo Comune di Turi del 28 dicembre 2021 e richiesta di integrazioni e correzioni_page-0001\" style=\"display: block; margin-left: auto; margin-right: auto; margin-top: 0px;\" width=\"600\" height=\"849\" \/><img loading=\"lazy\" decoding=\"async\" src=\"https:\/\/live.staticflickr.com\/65535\/51801091004_d47103d660_b.jpg\" alt=\"contestazione verbale Conferenza Capigruppo Comune di Turi del 28 dicembre 2021 e richiesta di integrazioni e correzioni_page-0002\" style=\"display: block; margin-left: auto; margin-right: auto;\" width=\"600\" height=\"849\" \/><\/p>\n","protected":false},"excerpt":{"rendered":"<p><img loading=\"lazy\" decoding=\"async\" src=\"https:\/\/live.staticflickr.com\/65535\/51799779662_1466249ca7_n.jpg\" alt=\"verbale capigruppo turi\" width=\"320\" height=\"169\" \/><\/p>\n","protected":false},"author":1,"featured_media":0,"comment_status":"open","ping_status":"closed","sticky":false,"template":"","format":"standard","meta":{"colormag_page_container_layout":"default_layout","colormag_page_sidebar_layout":"default_layout","footnotes":""},"categories":[4],"tags":[],"class_list":["post-18572","post","type-post","status-publish","format-standard","hentry","category-politica"],"_links":{"self":[{"href":"https:\/\/archivioturi.lavocedelpaese.info\/index.php\/wp-json\/wp\/v2\/posts\/18572","targetHints":{"allow":["GET"]}}],"collection":[{"href":"https:\/\/archivioturi.lavocedelpaese.info\/index.php\/wp-json\/wp\/v2\/posts"}],"about":[{"href":"https:\/\/archivioturi.lavocedelpaese.info\/index.php\/wp-json\/wp\/v2\/types\/post"}],"author":[{"embeddable":true,"href":"https:\/\/archivioturi.lavocedelpaese.info\/index.php\/wp-json\/wp\/v2\/users\/1"}],"replies":[{"embeddable":true,"href":"https:\/\/archivioturi.lavocedelpaese.info\/index.php\/wp-json\/wp\/v2\/comments?post=18572"}],"version-history":[{"count":0,"href":"https:\/\/archivioturi.lavocedelpaese.info\/index.php\/wp-json\/wp\/v2\/posts\/18572\/revisions"}],"wp:attachment":[{"href":"https:\/\/archivioturi.lavocedelpaese.info\/index.php\/wp-json\/wp\/v2\/media?parent=18572"}],"wp:term":[{"taxonomy":"category","embeddable":true,"href":"https:\/\/archivioturi.lavocedelpaese.info\/index.php\/wp-json\/wp\/v2\/categories?post=18572"},{"taxonomy":"post_tag","embeddable":true,"href":"https:\/\/archivioturi.lavocedelpaese.info\/index.php\/wp-json\/wp\/v2\/tags?post=18572"}],"curies":[{"name":"wp","href":"https:\/\/api.w.org\/{rel}","templated":true}]}}