{"id":18493,"date":"2021-10-21T07:16:49","date_gmt":"2021-10-21T07:16:49","guid":{"rendered":"https:\/\/archivioturi.lavocedelpaese.info\/index.php\/2021\/10\/21\/un-weekend-ricco-di-gare-per-la-dof\/"},"modified":"2021-10-21T07:16:49","modified_gmt":"2021-10-21T07:16:49","slug":"un-weekend-ricco-di-gare-per-la-dof","status":"publish","type":"post","link":"https:\/\/archivioturi.lavocedelpaese.info\/index.php\/2021\/10\/21\/un-weekend-ricco-di-gare-per-la-dof\/","title":{"rendered":"Un weekend ricco di gare per la D.O.F."},"content":{"rendered":"<p><img loading=\"lazy\" decoding=\"async\" src=\"https:\/\/live.staticflickr.com\/65535\/51612138446_aae336da6f_n.jpg\" alt=\"Laterza2\" width=\"320\" height=\"213\" \/><\/p>\n<p style=\"text-align: center;\"><strong>Ottimi piazzamenti per i podisti turesi, impegnati negli appuntamenti di Lecce, Molfetta e Laterza<\/strong><\/p>\n<p><img loading=\"lazy\" decoding=\"async\" src=\"https:\/\/live.staticflickr.com\/65535\/51612792754_7e2ff1094f_n.jpg\" alt=\"Lecce\" style=\"margin: 6px; float: right;\" width=\"272\" height=\"320\" \/><\/p>\n<p style=\"text-align: justify;\">Weekend ricco di gare quest\u2019ultimo come non si vedeva da tempo. Si comincia da Lecce con la decima edizione della \u201cMezza maratona Corri a Lecce\u201d. 21 km per riassaporare i sapori e gli odori del capoluogo salentino. Vince Njie Nfamara della Casone Noceto, che chiude i 21 km in 1h 8\u2019 33\u201d. A rappresentare la D.O.F. c\u2019\u00e8 Nicola Cantacessi, che chiude 19\u00b0 nella sua categoria in 1h52\u201944\u201d.<\/p>\n<p style=\"text-align: justify;\">In contemporanea si corre la 15\u00aa edizione della \u201cCorriMolfetta\u201d, gara di 10 km circa tutta nel centro abitato a nord di Bari. Poco meno di 600 gli atleti giunti al traguardo, a vincere \u00e8 Vincenzo Grieco dell\u2019Atletica Castello in 31\u2019 30\u201d. Tre i rappresentanti della D.O.F. amatori. Bravissimo Michele Introna, che chiude i 10 km in 39\u2019, sotto l\u2019ambita soglia dei 4\u2019 per km, piazzandosi al nono posto di categoria. Bene anche il debuttante Davide Tauro: con un invidiabile 41\u201920\u201d \u00e8 20\u00b0. Dignitoso Pap\u00e0 Raffaele De Tommaso 23\u00b0 in 59\u2019 circa.<\/p>\n<p><img loading=\"lazy\" decoding=\"async\" src=\"https:\/\/live.staticflickr.com\/65535\/51612138411_6a67a0e8a1_w.jpg\" alt=\"Molfetta1\" style=\"display: block; margin-left: auto; margin-right: auto;\" width=\"400\" height=\"400\" \/><\/p>\n<p><img loading=\"lazy\" decoding=\"async\" src=\"https:\/\/live.staticflickr.com\/65535\/51613020265_2790b9e6fa_n.jpg\" alt=\"laterza1\" style=\"margin: 6px; float: right;\" width=\"284\" height=\"320\" \/><\/p>\n<p style=\"text-align: justify;\">Il pi\u00f9 folto gruppetto D.O.F. si ritrova a Laterza per la prima edizione del \u201cTrail Gran Canyon\u201d, gara di 13 km circa tra le gravine di Laterza e terza tappa del Puglia Trail. Il percorso non \u00e8 molto impegnativo con una prima met\u00e0 quasi tutta in leggera discesa, mentre nella seconda met\u00e0, quasi del tutto in single track, le asperit\u00e0 aumentano costeggiando costantemente il vuoto della gravina. Vince Claudio Algerini della societ\u00e0 di Castelquarto, chiudendo in meno di un ora i 13 km. Bravissimi i nostri top Giovanni Gratton (3\u00b0) e Francesco Massari (4\u00b0) non solo per la prestazione ma anche per la sportivit\u00e0 nell\u2019aiutarsi fra le varie cadute ed asperit\u00e0. Dietro di loro \u00e8 monumentale il primo posto assoluto tra le donne per Lavinia Orlando, che nuovamente batte la fortissima ed esperta Lidia Mongelli questa volta con un bellissimo sprint finale dopo una gara costantemente appaiata all\u2019atleta della Correre Pollino. Seguono Antonio Mele (9\u00b0) e Matteo Mastrofrancesco, ottimo 7\u00b0 posto all\u2019esordio in questa specialit\u00e0.<\/p>\n<p><img loading=\"lazy\" decoding=\"async\" src=\"https:\/\/live.staticflickr.com\/65535\/51612361373_c1c8f9719b_n.jpg\" alt=\"Laterza3\" style=\"margin: 6px; float: left;\" width=\"247\" height=\"320\" \/><\/p>\n<p style=\"text-align: justify;\">Tiene un buon ritmo anche Gregorio Del Giudice, 16\u00b0 tra i suoi pari et\u00e0, ed a poca distanza ecco un duetto di amici, Filippo Dell\u2019aera e Vito Gasparro, appaiati al traguardo. Allenamento leggero per Nicola De Leonardis che precede di poco un altro esordiente nei Trail: Tommaso Nicassio.<\/p>\n<p style=\"text-align: justify;\">Tra i vari trenini che si sono formati nel percorso di single track, ecco arrivare Franco Laera che precede di poco Angelo Longo, Tony Di Tommaso e il superlativo \u201cGladiatore\u201d Nicola Petranca, sempre l\u00ec a combattere e dare l\u2019esempio di come si deve vincere ogni avversit\u00e0, anche la pi\u00f9 difficile. Chiude il gruppetto D.O.F. Rosanna Marzullo sempre pronta al sorriso in ogni caso.<\/p>\n<p style=\"text-align: justify;\">Il prossimo weekend ci porta la quarta ed ultima tappa del Puglia Trail con i 20 km di Amastuola e con la D.O.F. sempre presente e combattiva pi\u00f9 che mai.<\/p>\n","protected":false},"excerpt":{"rendered":"<p><img loading=\"lazy\" decoding=\"async\" src=\"https:\/\/live.staticflickr.com\/65535\/51612138446_aae336da6f_n.jpg\" alt=\"Laterza2\" width=\"320\" height=\"213\" \/><\/p>\n","protected":false},"author":1,"featured_media":0,"comment_status":"open","ping_status":"closed","sticky":false,"template":"","format":"standard","meta":{"colormag_page_container_layout":"default_layout","colormag_page_sidebar_layout":"default_layout","footnotes":""},"categories":[5],"tags":[],"class_list":["post-18493","post","type-post","status-publish","format-standard","hentry","category-sport"],"_links":{"self":[{"href":"https:\/\/archivioturi.lavocedelpaese.info\/index.php\/wp-json\/wp\/v2\/posts\/18493","targetHints":{"allow":["GET"]}}],"collection":[{"href":"https:\/\/archivioturi.lavocedelpaese.info\/index.php\/wp-json\/wp\/v2\/posts"}],"about":[{"href":"https:\/\/archivioturi.lavocedelpaese.info\/index.php\/wp-json\/wp\/v2\/types\/post"}],"author":[{"embeddable":true,"href":"https:\/\/archivioturi.lavocedelpaese.info\/index.php\/wp-json\/wp\/v2\/users\/1"}],"replies":[{"embeddable":true,"href":"https:\/\/archivioturi.lavocedelpaese.info\/index.php\/wp-json\/wp\/v2\/comments?post=18493"}],"version-history":[{"count":0,"href":"https:\/\/archivioturi.lavocedelpaese.info\/index.php\/wp-json\/wp\/v2\/posts\/18493\/revisions"}],"wp:attachment":[{"href":"https:\/\/archivioturi.lavocedelpaese.info\/index.php\/wp-json\/wp\/v2\/media?parent=18493"}],"wp:term":[{"taxonomy":"category","embeddable":true,"href":"https:\/\/archivioturi.lavocedelpaese.info\/index.php\/wp-json\/wp\/v2\/categories?post=18493"},{"taxonomy":"post_tag","embeddable":true,"href":"https:\/\/archivioturi.lavocedelpaese.info\/index.php\/wp-json\/wp\/v2\/tags?post=18493"}],"curies":[{"name":"wp","href":"https:\/\/api.w.org\/{rel}","templated":true}]}}