{"id":18473,"date":"2021-09-22T06:34:46","date_gmt":"2021-09-22T06:34:46","guid":{"rendered":"https:\/\/archivioturi.lavocedelpaese.info\/index.php\/2021\/09\/22\/comizio-della-minoranza-lintervento-di-sergio-spinelli\/"},"modified":"2021-09-22T06:34:46","modified_gmt":"2021-09-22T06:34:46","slug":"comizio-della-minoranza-lintervento-di-sergio-spinelli","status":"publish","type":"post","link":"https:\/\/archivioturi.lavocedelpaese.info\/index.php\/2021\/09\/22\/comizio-della-minoranza-lintervento-di-sergio-spinelli\/","title":{"rendered":"Comizio della minoranza: l\u2019intervento di Sergio Spinelli"},"content":{"rendered":"<p><img loading=\"lazy\" decoding=\"async\" src=\"https:\/\/live.staticflickr.com\/65535\/51502556155_c01833b52c_n.jpg\" alt=\"spinelli comizio 09.21\" width=\"320\" height=\"233\" \/><\/p>\n<p style=\"text-align: center;\"><strong>Dai malumori per la TARI agli &#8216;errori&#8217; del project financing, frutto di \u00abuna decisione di cinque persone riunite attorno a un tavolo, tenendo all\u2019oscuro il resto della stessa maggioranza\u00bb.<\/strong><\/p>\n<p>&nbsp;<\/p>\n<p style=\"text-align: justify;\">Dopo l\u2019<a href=\"politica\/41241-comizio-della-minoranza-lintervento-di-angelo-palmisano.html\" target=\"_self\" rel=\"noopener\">intervento del capogruppo Angelo Palmisano<\/a>, il microfono passa nelle mani del consigliere Sergio Spinelli, che si sofferma in primis sulle ricadute del nuovo regolamento TARI (tassa rifiuti).<\/p>\n<p style=\"text-align: justify;\">\u00abDietro il motto \u201cpaghiamo tutti per pagare meno\u201d, di cui ci si fa sfoggio in maggioranza, si \u00e8 penalizzata pesantemente una categoria di cittadini, soprattutto anziani e pensionati, che generalmente dovrebbe essere tutelata\u00bb. Difatti, \u00ab\u00e8 stata <strong>eliminata la riduzione del 30% prevista per le abitazioni con un unico occupante<\/strong>. Una scelta \u2013 precisa \u2013 che abbiamo contestato in Commissione e in Consiglio. Non abbiamo ottenuto i risultati sperati perch\u00e9 la maggioranza, quando deve votare, alza le mani in maniera compatta, quasi telecomandata, annientando le proprie capacit\u00e0 di valutare le cose\u00bb. Come riportato dall\u2019assessore Gigantelli \u2013 spiega Spinelli \u2013 questo cambio di direzione va imputato al riscontro di vari casi in cui si \u00e8 attestato falsamente di vivere da soli. \u00abSe ci sono delle dichiarazioni mendaci \u2013 obietta \u2013 il problema non si risolve eliminando un\u2019opportunit\u00e0 per i cittadini: chi ha un legittimo diritto deve vederlo riconosciuto; chi invece opera in maniera distorta deve essere rintracciato e punito di conseguenza. Questa \u00e8 equit\u00e0 fiscale\u00bb.<\/p>\n<p style=\"text-align: justify;\">Nel discorso di Spinelli trova ampio spazio anche il ragionamento sul <strong>project financing per la pubblica illuminazione<\/strong>. \u00abIl problema non \u00e8 lo strumento del project \u2013 chiarisce \u2013 ma come ci si arriva. Bisogna mettere insieme tutte le possibilit\u00e0 che sono a disposizione dell\u2019Ente per raggiungere un obiettivo\u00bb. Le altre possibilit\u00e0 erano sostanzialmente due: contrarre un mutuo o utilizzare le convenzioni Consip. Nella prima ipotesi, \u00abil nostro Comune avrebbe potuto valutare di contrarre un mutuo ed effettuare il lavoro di efficientamento in proprio, ottenendo il risparmio sulla bolletta direttamente per s\u00e9\u00bb. Un risparmio che avrebbe permesso di \u00abpagare il mutuo e avere anche un margine di avanzo in Bilancio da destinare ad altre esigenze del paese\u00bb. Nella seconda ipotesi, l\u2019Ente avrebbe potuto \u00abappoggiarsi alle convezioni Consip\u00bb, ovvero \u00abaccordi simili ad un project financing, gi\u00e0 valutati e adottati a livello nazionale, che offrono maggiori garanzie di trasparenza, rapidit\u00e0 e riduzione degli anni di impegno in favore della ditta aggiudicataria\u00bb. \u00abTutto ci\u00f2 non \u00e8 stato valutato \u2013 stigmatizza \u2013 e noi lo abbiamo contestato pi\u00f9 volte, dal 2019 ad oggi, offrendo ripetutamente la nostra collaborazione, puntualmente rigettata e aggirata\u00bb.<\/p>\n<p style=\"text-align: justify;\">Criticit\u00e0 emergerebbero anche sulla procedura seguita del<strong>l\u2019Amministrazione<\/strong> che, secondo la lettura del consigliere Spinelli, <strong>sarebbe venuta meno a due obblighi di legge<\/strong>: \u00abOgni modifica nella gestione del servizio della pubblica illuminazione, per legge, deve passare necessariamente dal vaglio del Consiglio comunale. A Turi questo non \u00e8 avvenuto\u00bb. \u00abSempre la legge prevede che, per poter adottare un progetto di finanza, l\u2019Ente Locale \u00e8 obbligato a redigere una specifica relazione che riporti una comparazione tra le varie possibili soluzioni e da cui si evinca che quella del project \u00e8 la soluzione tecnicamente migliore ed economicamente pi\u00f9 vantaggiosa. A Turi questa relazione non \u00e8 mai stata redatta e pubblicata\u00bb. Sulle due presunte violazioni, \u00aboltre a richiedere due Consigli, abbiamo presentato un esposto all\u2019ANAC, alla Corte dei Conti e a varie autorit\u00e0; siamo in attesa di risposta. Solo per informazione, pochi anni fa in un Comune limitrofo, l\u2019ANAC \u00e8 intervenuta ed ha bloccato il procedimento del project financing proprio per la mancata osservanza delle stesse norme\u00bb.<\/p>\n<p style=\"text-align: justify;\">Il ragionamento si sposta poi sulla <strong>convenienza dell\u2019operazione project<\/strong>. Il consigliere di \u201cPatto per Turi\u201d ricorda che l\u2019Amministrazione ha gi\u00e0 eseguito alcuni lavori di efficientamento dell\u2019impianto, installando le luci a led nelle due ville comunali, in via Casamassima e in parte di via Conversano. Interventi che hanno portato a un risparmio sui consumi di 30.000 euro. Considerando che si sono conclusi i lavori di efficientamento del centro storico, \u00ab\u00e8 verosimile immaginare che, dal prossimo anno, il risparmio in bolletta potr\u00e0 raggiungere anche i 100.000 euro, somma che moltiplicata per 20 anni fa 2 milioni di euro, esattamente l\u2019ammontare stimato all\u2019interno del progetto di finanza per ammodernare il nostro impianto\u00bb. \u00abCredo che chiunque, con la diligenza del buon padre di famiglia, riuscirebbe a capire che una situazione del genere meriterebbe degli approfondimenti non indifferenti e che non ci si pu\u00f2 limitare ad una decisione di cinque persone riunite attorno a un tavolo, tenendo all\u2019oscuro il resto della stessa maggioranza che non conosce i dettagli di uno dei progetti pi\u00f9 impegnativi degli ultimi 20 anni e dei prossimi 20 anni\u00bb.<\/p>\n<p style=\"text-align: justify;\">Ultimo elemento messo in luce nella tormentata vicenda del project riguarda le <strong>\u00abinfinte promesse mai mantenute dall\u2019Amministrazione\u00bb<\/strong>: \u00abGi\u00e0 da luglio 2019, davanti alle nostre rimostranze, il sindaco affermava in Consiglio che il project sarebbe stato condiviso con tutto il Consiglio. Puntualmente ci\u00f2 non \u00e8 avvenuto: sono andati avanti da soli a testa bassa, non hanno mai accettato di confrontarsi e non hanno mai dato risposte adeguate e sufficienti\u00bb. \u00abSi sono trincerati dietro al problema della sicurezza del nostro impianto. Siamo tutti consapevoli che l\u2019impianto \u00e8 in una situazione disastrosa \u2013 annota \u2013 tant\u2019\u00e8 che nell\u2019estate 2020 sono stati sostituiti 60 pali della pubblica illuminazione tra i pi\u00f9 a rischio e, negli scorsi mesi, \u00e8 stato adottato un provvedimento per la sistemazione dei quadri elettrici. Non parliamo di un impianto abbandonato da secoli, sono stati spesi soldi non indifferenti per fare questi interventi urgenti\u00bb. La seconda delle \u00abinfinite promesse\u00bb disattese \u00e8 che, con il project, nessuna strada sarebbe rimasta al buio: \u00abPochi mesi fa \u2013 riferisce Spinelli \u2013 il sindaco e l\u2019assessore Dell\u2019Aera hanno dichiarato in Consiglio che non tutte le strade potranno avere la luce. Stiamo impegnando il paese per 20 anni e c\u2019\u00e8 il rischio che gente che \u00e8 al buio da decenni possa continuare a rimanere al buio. Qual \u00e8 il vantaggio di questo sacrificio? Ecco l\u2019ennesima conferma dell\u2019assenza di una visione completa di quello che stanno facendo\u00bb.<\/p>\n<p style=\"text-align: justify;\">\u00abAlla pubblica illuminazione \u2013 continua Spinelli \u2013 si collega direttamente la <strong>questione delle strade che versano in condizioni disastrate e spesso sono ancora di propriet\u00e0 privata<\/strong>. Quest\u2019ultimo aspetto \u00e8 la ragione per cui l\u2019assessore Dell\u2019Aera ammette che non tutte le strade potranno avere la luce; cosa che sapevamo gi\u00e0 dal 2019, quando abbiamo chiesto che si affrontasse per tempo la questione delle strade non acquisite\u00bb. Sotto accusa anche l\u2019entusiasmo che ha accompagnato le recenti manutenzioni delle strade: \u00abSi sono ricordati di asfaltare via Sammichele oggi, sebbene il Commissario, nel 2018, avesse gi\u00e0 stanziato i fondi necessari, poi distratti di anno in anno per fare altre cose\u00bb. \u00abHo visto proclami per Via martiri di via Fani, 50 metri di strada chiusa al traffico e in periferia; poi abbiamo strade centralissime del paese senza asfalto, marciapiedi, luce e segnaletica o strade con attivit\u00e0 commerciali di rilievo che sono transennate per decisioni dei proprietari\u00bb.<\/p>\n<p style=\"text-align: justify;\">\u00abIl cittadino \u2013 chiosa \u2013 si sta abituando ad accontentarsi delle briciole e quel poco che arriva sembra quasi un regalo. Facciamoci avanti e chiediamo il riconoscimento dei nostri diritti: anche se sono cose impossibili, \u00e8 compito dell\u2019Amministrazione lavorarci. Tutti sappiamo che ci sono cose difficili da realizzare ma questo non vuol dire che devono essere messe sotto il tappeto o fatte scalare in favore di quelle facili, che possono far ottenere una fotografia, una medaglia sul petto o qualche altro voto\u00bb.<\/p>\n","protected":false},"excerpt":{"rendered":"<p><img loading=\"lazy\" decoding=\"async\" src=\"https:\/\/live.staticflickr.com\/65535\/51502556155_c01833b52c_n.jpg\" alt=\"spinelli comizio 09.21\" width=\"320\" height=\"233\" \/><\/p>\n","protected":false},"author":1,"featured_media":0,"comment_status":"open","ping_status":"closed","sticky":false,"template":"","format":"standard","meta":{"colormag_page_container_layout":"default_layout","colormag_page_sidebar_layout":"default_layout","footnotes":""},"categories":[4],"tags":[],"class_list":["post-18473","post","type-post","status-publish","format-standard","hentry","category-politica"],"_links":{"self":[{"href":"https:\/\/archivioturi.lavocedelpaese.info\/index.php\/wp-json\/wp\/v2\/posts\/18473","targetHints":{"allow":["GET"]}}],"collection":[{"href":"https:\/\/archivioturi.lavocedelpaese.info\/index.php\/wp-json\/wp\/v2\/posts"}],"about":[{"href":"https:\/\/archivioturi.lavocedelpaese.info\/index.php\/wp-json\/wp\/v2\/types\/post"}],"author":[{"embeddable":true,"href":"https:\/\/archivioturi.lavocedelpaese.info\/index.php\/wp-json\/wp\/v2\/users\/1"}],"replies":[{"embeddable":true,"href":"https:\/\/archivioturi.lavocedelpaese.info\/index.php\/wp-json\/wp\/v2\/comments?post=18473"}],"version-history":[{"count":0,"href":"https:\/\/archivioturi.lavocedelpaese.info\/index.php\/wp-json\/wp\/v2\/posts\/18473\/revisions"}],"wp:attachment":[{"href":"https:\/\/archivioturi.lavocedelpaese.info\/index.php\/wp-json\/wp\/v2\/media?parent=18473"}],"wp:term":[{"taxonomy":"category","embeddable":true,"href":"https:\/\/archivioturi.lavocedelpaese.info\/index.php\/wp-json\/wp\/v2\/categories?post=18473"},{"taxonomy":"post_tag","embeddable":true,"href":"https:\/\/archivioturi.lavocedelpaese.info\/index.php\/wp-json\/wp\/v2\/tags?post=18473"}],"curies":[{"name":"wp","href":"https:\/\/api.w.org\/{rel}","templated":true}]}}