{"id":18471,"date":"2021-09-21T06:27:07","date_gmt":"2021-09-21T06:27:07","guid":{"rendered":"https:\/\/archivioturi.lavocedelpaese.info\/index.php\/2021\/09\/21\/comizio-della-minoranza-lintervento-di-angelo-palmisano\/"},"modified":"2021-09-21T06:27:07","modified_gmt":"2021-09-21T06:27:07","slug":"comizio-della-minoranza-lintervento-di-angelo-palmisano","status":"publish","type":"post","link":"https:\/\/archivioturi.lavocedelpaese.info\/index.php\/2021\/09\/21\/comizio-della-minoranza-lintervento-di-angelo-palmisano\/","title":{"rendered":"Comizio della minoranza: l\u2019intervento di Angelo Palmisano"},"content":{"rendered":"<p><img loading=\"lazy\" decoding=\"async\" src=\"https:\/\/live.staticflickr.com\/65535\/51499460080_ee63afbf37_n.jpg\" alt=\"comizio opposizione\" width=\"320\" height=\"213\" \/><\/p>\n<p style=\"text-align: center;\"><strong>\u201cQuesta Amministrazione \u00e8 talmente cieca e sgangherata che non riesce neanche a pianificare l\u2019ordinario, figuriamoci tutto il resto\u201d<\/strong><\/p>\n<p style=\"text-align: justify;\">\u00ab&#8230; e oggi voglio parlare! Le denunce dei consiglieri di minoranza al Sindaco e alla sua Giunta\u00bb. Questo lo slogan, divulgato sui social, per annunciare il comizio ospitato domenica 19 settembre in piazza Aldo Moro che, a discapito delle aspettative, ha visto la partecipazione di un nutrito numero di cittadini.<\/p>\n<p style=\"text-align: justify;\">Tanti i temi esposti durante la serata. In questo primo resoconto, vi proponiamo una sintesi dell\u2019intervento di apertura di Angelo Palmisano, capogruppo di \u201cPatto per Turi\u201d.<\/p>\n<p style=\"text-align: justify;\">Dopo aver annunciato l\u2019assenza del consigliere Paolo Tundo per motivi familiari, Palmisano pone l\u2019accento sull\u2019atto \u00abgravissimo e irresponsabile della maggioranza\u00bb che per due volte ha \u00abrespinto la richiesta di un Consiglio comunale in cui confrontarci sul project financing per la pubblica illuminazione\u00bb.<\/p>\n<p style=\"text-align: justify;\">A seguire, Palmisano inquadra i confini in cui si muover\u00e0 il pubblico comizio: \u00abSiamo qui per illustrare quelli che secondo noi sono i punti dolenti di questi due anni di amministrazione. Parleremo di project financing, di TARI (tassa rifiuti), di finanziamenti, di sport e di tante altre cose\u00bb.<\/p>\n<p><img loading=\"lazy\" decoding=\"async\" src=\"https:\/\/live.staticflickr.com\/65535\/51497741602_508cb36c16_n.jpg\" alt=\"comizio opposizione 2\" style=\"margin: 6px; float: right;\" width=\"320\" height=\"213\" \/><\/p>\n<p style=\"text-align: justify;\">L\u2019intervento del capogruppo si concentra su quattro aspetti. Il primo tema sviscerato \u00e8 la<strong> tenuta della maggioranza<\/strong>, accusata di \u00abpassare pi\u00f9 tempo a litigare che a produrre qualcosa per la comunit\u00e0\u00bb. \u00abIl sindaco \u2013 aggiunge Palmisano \u2013 \u00e8 brava nel commiserarsi e nel dire \u201csono sola, faccio tutto io\u201d; forse dimentica che l\u2019ha scelta lei questa Amministrazione e che serve a poco piangere sul latte versato. In pi\u00f9, non fa altro che dividere: ognuno si chiude nel proprio orticello, coltivando il proprio elettorato e non tenendo conto delle esigenze reali di questo paese che sono sotto gli occhi di tutti\u00bb.<\/p>\n<p style=\"text-align: justify;\">Il secondo punto \u00e8 l\u2019<strong>assenza di programmazione<\/strong>: \u00abQuando non c\u2019\u00e8 armonia in una maggioranza \u2013 sentenzia Palmisano \u2013 manca anche un chiaro indirizzo di quello che si vuole fare. Si naviga a vista, si rincorre l\u2019emergenza o il finanziamento suggerito dall\u2019amico all\u2019ultimo momento utile\u00bb. \u00abBasta vedere quello che sta succedendo nei lavori pubblici\u00bb \u2013 prosegue, rilevando che tutte le opere sono frutto di \u00abprogettazioni ereditate dal passato\u00bb e per giunta \u00absono ferme con le quattro frecce\u00bb. Da via Dell\u2019Andro al campo sportivo, dai lavori in via Conversano alle case popolari che \u00abda un anno e mezzo, in ogni Consiglio, l\u2019assessore competente rassicura che si stanno per assegnare, omettendo di dire che c\u2019\u00e8 ancora un contenzioso aperto con la ditta\u00bb. <br \/>\u00abSono bugiardi \u2013 affonda \u2013 quando dicono che non ci sono soldi per il Comune di Turi, basta solo avere progettazioni pronte e usarle all\u2019occorrenza. Abbiamo l\u2019opportunit\u00e0 unica di dover spendere circa 200 miliardi di euro ma questa maggioranza non ha idea di come cambiare il paese; sono l\u00ec a raccattare quattro voti\u00bb.<\/p>\n<p style=\"text-align: justify;\">Si arriva quindi al terzo aspetto analizzato da Palmisano, quello della <strong>carenza dei dipendenti comunali<\/strong>: \u00abUn problema su cui si continua a girare la testa e a temporeggiare. Abbiamo pi\u00f9 volte chiesto alla maggioranza di concentrarsi su un concorso pubblico. \u00c8 impensabile che ogni volta dobbiamo attingere personale da graduatorie di Comuni della provincia di Lecce perch\u00e9 non abbiamo una nostra graduatoria\u00bb. \u00abPer non parlare della <strong>gestione del personale<\/strong>, dove si fa tutto di nascosto, nell\u2019ombra. Ci sono capisettore che protocollano dimissioni e poi proseguono a svolgere il proprio lavoro senza una giustificazione. Possono sembrare stupidaggini ma dalla stabilit\u00e0 amministrativa, oltre che politica, dipende il futuro di Turi. Se un caposettore cambia ogni tre mesi, se il personale viene e va via dopo qualche settimana, ci ritroveremo sempre a dover ricominciare da zero. Come potremo dare una svolta al nostro Comune?\u00bb.<\/p>\n<p style=\"text-align: justify;\">Ultimo punto toccato da Palmisano riguarda l\u2019<strong>agricoltura<\/strong>: \u00abDa anni diciamo che la nostra ciliegia Ferrovia ha bisogno di un marchio che la renda riconoscibile agli occhi del consumatore. Abbiamo proposto di snellire le procedure, usando la DeCo (Denominazione Comunale), ma non siamo mai stati presi in considerazione\u00bb.<\/p>\n<p style=\"text-align: justify;\">\u00abQuesta Amministrazione \u2013 conclude prima di cedere la parola al collega Sergio Spinelli \u2013 \u00e8 talmente cieca e sgangherata che non riesce neanche a pianificare l\u2019ordinario, figuriamoci tutto il resto\u00bb.<\/p>\n<p><img loading=\"lazy\" decoding=\"async\" src=\"https:\/\/live.staticflickr.com\/65535\/51499460225_2654240a6c.jpg\" alt=\"comizio opposizione 3\" style=\"display: block; margin-left: auto; margin-right: auto;\" width=\"500\" height=\"307\" \/><\/p>\n","protected":false},"excerpt":{"rendered":"<p><img loading=\"lazy\" decoding=\"async\" src=\"https:\/\/live.staticflickr.com\/65535\/51499460080_ee63afbf37_n.jpg\" alt=\"comizio opposizione\" width=\"320\" height=\"213\" \/><\/p>\n","protected":false},"author":1,"featured_media":0,"comment_status":"open","ping_status":"closed","sticky":false,"template":"","format":"standard","meta":{"colormag_page_container_layout":"default_layout","colormag_page_sidebar_layout":"default_layout","footnotes":""},"categories":[4],"tags":[],"class_list":["post-18471","post","type-post","status-publish","format-standard","hentry","category-politica"],"_links":{"self":[{"href":"https:\/\/archivioturi.lavocedelpaese.info\/index.php\/wp-json\/wp\/v2\/posts\/18471","targetHints":{"allow":["GET"]}}],"collection":[{"href":"https:\/\/archivioturi.lavocedelpaese.info\/index.php\/wp-json\/wp\/v2\/posts"}],"about":[{"href":"https:\/\/archivioturi.lavocedelpaese.info\/index.php\/wp-json\/wp\/v2\/types\/post"}],"author":[{"embeddable":true,"href":"https:\/\/archivioturi.lavocedelpaese.info\/index.php\/wp-json\/wp\/v2\/users\/1"}],"replies":[{"embeddable":true,"href":"https:\/\/archivioturi.lavocedelpaese.info\/index.php\/wp-json\/wp\/v2\/comments?post=18471"}],"version-history":[{"count":0,"href":"https:\/\/archivioturi.lavocedelpaese.info\/index.php\/wp-json\/wp\/v2\/posts\/18471\/revisions"}],"wp:attachment":[{"href":"https:\/\/archivioturi.lavocedelpaese.info\/index.php\/wp-json\/wp\/v2\/media?parent=18471"}],"wp:term":[{"taxonomy":"category","embeddable":true,"href":"https:\/\/archivioturi.lavocedelpaese.info\/index.php\/wp-json\/wp\/v2\/categories?post=18471"},{"taxonomy":"post_tag","embeddable":true,"href":"https:\/\/archivioturi.lavocedelpaese.info\/index.php\/wp-json\/wp\/v2\/tags?post=18471"}],"curies":[{"name":"wp","href":"https:\/\/api.w.org\/{rel}","templated":true}]}}