{"id":18452,"date":"2021-08-10T06:20:31","date_gmt":"2021-08-10T06:20:31","guid":{"rendered":"https:\/\/archivioturi.lavocedelpaese.info\/index.php\/2021\/08\/10\/turi-russia-e-ritorno\/"},"modified":"2021-08-10T06:20:31","modified_gmt":"2021-08-10T06:20:31","slug":"turi-russia-e-ritorno","status":"publish","type":"post","link":"https:\/\/archivioturi.lavocedelpaese.info\/index.php\/2021\/08\/10\/turi-russia-e-ritorno\/","title":{"rendered":"Turi &#8211; Russia e ritorno"},"content":{"rendered":"<p><img loading=\"lazy\" decoding=\"async\" src=\"https:\/\/live.staticflickr.com\/65535\/51368588583_25534581e4_n.jpg\" alt=\"gemma benedetta elefante (5)\" width=\"320\" height=\"207\" \/><\/p>\n<p style=\"text-align: center;\"><strong>Gemma Benedetta Elefante suona in Piazza Hermitage a San Pietroburgo<\/strong><\/p>\n<p><img loading=\"lazy\" decoding=\"async\" src=\"https:\/\/live.staticflickr.com\/65535\/51367606887_f1509d98fe_n.jpg\" alt=\"gemma benedetta elefante (4)\" style=\"margin: 6px; float: right;\" width=\"240\" height=\"320\" \/><\/p>\n<p style=\"text-align: justify;\">Una vita raccontata sulle note di spartiti musicali; studio, impegno e lavoro costante hanno seguito una fortissima passione. Successi e onori hanno impreziosito il suo percorso ed oggi, Gemma Benedetta Elefante porta a casa un album di ricordi che ha ancora tante pagine da riempire, con una valigia sempre pronta in una mano e i suoi strumenti a corda nell\u2019altra.<\/p>\n<p style=\"text-align: justify;\">Classe 1965, violinista e violista, oggi Gemma suona stabilmente nell&#8217;Orchestra del Petruzzelli di Bari sin dal gennaio 2010, ed \u00e8 con loro che lo scorso 3 giugno ha suonato in Russia, nella bellissima San Pietroburgo, per il mega Concerto tenutosi in Piazza Hermitage, in occasione dello SPIEF 2021, evento dell\u2019Economia e Imprenditoria Mondiale che ha visto, per quest\u2019anno, la Puglia essere Ospite d\u2019Onore. L\u2019Orchestra \u00e8 stata accompagnata dal Presidente della Regione Puglia, Michele Emiliano, insieme ad altre Autorit\u00e0 di spicco, ed ha ottenuto un enorme successo di pubblico (pi\u00f9 di 40.000 persone) e di critica. La Direzione era affidata a una delle bacchette pi\u00f9 illustri del panorama musicale internazionale, Renato Palumbo, e l\u2019esecuzione del meraviglioso Programma alla professionalit\u00e0 e musicalit\u00e0 degli oltre 60 elementi dell&#8217;Orchestra del Teatro Petruzzelli di Bari, di cui appunto Gemma Elefante fa parte nella fila dei Violini.<\/p>\n<p style=\"text-align: justify;\"><img loading=\"lazy\" decoding=\"async\" src=\"https:\/\/live.staticflickr.com\/65535\/51367606937_7c473dd6bc_n.jpg\" alt=\"gemma benedetta elefante (1)\" style=\"margin: 6px; float: left;\" width=\"253\" height=\"320\" \/><\/p>\n<p style=\"text-align: justify;\">Televisioni e giornali italiani e del mondo hanno ripreso i momenti pi\u00f9 emozionanti della manifestazione offrendo cos\u00ec occasione, all&#8217;Orchestra e alla Regione Puglia di avere una visibilit\u00e0 e una notoriet\u00e0 meritatissime. Che sia solo l\u2019inizio di un doveroso rilancio della Stagione Sinfonica e Operistica del Petruzzelli dopo due anni di chiusura forzata? Noi ce lo auguriamo, perch\u00e9 andrebbe sicuramente a impreziosire quelle bellezze paesaggistiche ed architettoniche che la Puglia racchiude. Ecco che dalla maestria degli oltre 60 maestri, la Piazza Hermitage ha fatto echeggiare le maggiori opere del nostro panorama artistico: da Rossini con l\u2019Overture de \u201cItaliana in Algeri\u201d, a seguire \u201cIl Barbiere di Siviglia\u201d e \u201cLa Gazza Ladra\u201d; poi ancora Verdi con l&#8217;overture da \u201cLa Forza del Destino\u201d e \u201cIl Nabucco\u201d; Martucci con il \u201cNotturno\u201d; Glinka con overture da \u201cRusslan e Ludmilla\u201d. Musiche senza tempo che hanno riscosso un notevole successo di pubblico che ha applaudito entusiasticamente tributando ovazioni e saluti all\u2019Orchestra di quell\u2019Italia che li \u00e8 tanto apprezzata e ricercata.<\/p>\n<p style=\"text-align: justify;\"><img loading=\"lazy\" decoding=\"async\" src=\"https:\/\/live.staticflickr.com\/65535\/51367606882_21e17803a6_n.jpg\" alt=\"gemma benedetta elefante (3)\" style=\"margin: 6px; float: right;\" width=\"240\" height=\"320\" \/><\/p>\n<p style=\"text-align: justify;\">Un carico di emozioni per la nostra concittadina Gemma Elefante, nativa di Turi, rientrata nel luglio 2019, nella storica casa di famiglia nel centro cittadino, dove, tra studio, lavoro e famiglia, trova anche il tempo di dedicarsi alle sue altre passioni e propensioni. Un\u2019artista a 365 gradi, che assieme alla musica ha conseguito qualifiche in vari settori sportivi, come il Nuoto, l\u2019Hata Yoga, il Pilates, il Massaggio Professionale di vari tipi. \u00c8 poi tra le file di alcune societ\u00e0 sportive locali che possiamo riconoscerla, perch\u00e9 grande appassionata di Mountain Bike, Running, Camminata di Resistenza e Sportiva. \u201cAvrei conseguito volentieri la Laurea in Scienze Motorie se non avessi preferito e conseguito a suo tempo l&#8217;Alta Formazione Orchestrale&#8230; Ma, anche in et\u00e0 &#8220;avanzata&#8221; \u00e8 sempre possibile coronare gli altri sogni sepolti nel proprio personale cassetto delle passioni pi\u00f9 importanti&#8230;\u201d.<\/p>\n<p style=\"text-align: justify;\">Rientrata a Turi ha infatti da subito preso contatti amicali con le Associazioni Sportive locali: 5&amp;9 Mb e Dof Amatori che vantano postazioni e traguardi di rilievo nel panorama regionale e nazionale, i &#8220;50&amp;passa&#8221;, e l\u2019&#8221;Abcclett&#8221; che ringrazia di cuore. Una personalit\u00e0 come poche, quella di Gemma. Bella carismatica, trascinatrice, ricca di idee e spunti che si fanno carico di tutte le esperienze vissute nei suoi lunghi viaggi e la sua vita fuori dal piccolo paese.<\/p>\n<p style=\"text-align: justify;\"><strong>Guardando Turi dalla lente di ingrandimento, quale crede sia il suo punto debole e su cosa dovrebbe piuttosto puntare?<\/strong><\/p>\n<p style=\"text-align: justify;\">\u00abColgo l\u2019occasione per associarmi allo storico e giornalista Stefano De Carolis che recentemente ha pubblicato un articolo circa la presenza a Turi di un Teatro nel 1881. A lui ho espresso l&#8217;auspicio di recuperare il Teatro alla cittadinanza, vista anche la presenza al suo interno (attuali Uffici Anagrafe) di affreschi riconducibili a un noto Pittore Siciliano del tempo. Ma principalmente per un precipuo scopo culturale e artistico, vista la spiccata attitudine della gente di Turi verso la Musica, la Danza, la Commedia. Avere un \u201ccontenitore\u201d adeguato non sarebbe sbagliato e l\u2019Amministrazione comunale dovrebbe interessarsi e valutare le effettive possibilit\u00e0 di recupero dell\u2019immobile che pare fosse fornito di dieci quinte sceniche e 200 posti a sedere. Non male per un Teatro di terz\u2019ordine, come fu definito all&#8217;epoca&#8230;\u00bb.<\/p>\n<p style=\"text-align: justify;\">Ecco che la voce di Gemma Elefante si unisce al coro che nel corso di questi anni \u00e8 stato ascoltato da numerosi artisti locali, desiderosi di avere un contenitore culturale cittadino che permettesse di dare il giusto lustro alle arti che qui, a Turi, hanno grande seguito.<\/p>\n<p style=\"text-align: right;\"><strong>Cinzia Debiase<\/strong><\/p>\n","protected":false},"excerpt":{"rendered":"<p><img loading=\"lazy\" decoding=\"async\" src=\"https:\/\/live.staticflickr.com\/65535\/51368588583_25534581e4_n.jpg\" alt=\"gemma benedetta elefante (5)\" width=\"320\" height=\"207\" \/><\/p>\n","protected":false},"author":1,"featured_media":0,"comment_status":"open","ping_status":"closed","sticky":false,"template":"","format":"standard","meta":{"colormag_page_container_layout":"default_layout","colormag_page_sidebar_layout":"default_layout","footnotes":""},"categories":[6],"tags":[],"class_list":["post-18452","post","type-post","status-publish","format-standard","hentry","category-cultura"],"_links":{"self":[{"href":"https:\/\/archivioturi.lavocedelpaese.info\/index.php\/wp-json\/wp\/v2\/posts\/18452","targetHints":{"allow":["GET"]}}],"collection":[{"href":"https:\/\/archivioturi.lavocedelpaese.info\/index.php\/wp-json\/wp\/v2\/posts"}],"about":[{"href":"https:\/\/archivioturi.lavocedelpaese.info\/index.php\/wp-json\/wp\/v2\/types\/post"}],"author":[{"embeddable":true,"href":"https:\/\/archivioturi.lavocedelpaese.info\/index.php\/wp-json\/wp\/v2\/users\/1"}],"replies":[{"embeddable":true,"href":"https:\/\/archivioturi.lavocedelpaese.info\/index.php\/wp-json\/wp\/v2\/comments?post=18452"}],"version-history":[{"count":0,"href":"https:\/\/archivioturi.lavocedelpaese.info\/index.php\/wp-json\/wp\/v2\/posts\/18452\/revisions"}],"wp:attachment":[{"href":"https:\/\/archivioturi.lavocedelpaese.info\/index.php\/wp-json\/wp\/v2\/media?parent=18452"}],"wp:term":[{"taxonomy":"category","embeddable":true,"href":"https:\/\/archivioturi.lavocedelpaese.info\/index.php\/wp-json\/wp\/v2\/categories?post=18452"},{"taxonomy":"post_tag","embeddable":true,"href":"https:\/\/archivioturi.lavocedelpaese.info\/index.php\/wp-json\/wp\/v2\/tags?post=18452"}],"curies":[{"name":"wp","href":"https:\/\/api.w.org\/{rel}","templated":true}]}}