{"id":18445,"date":"2021-08-05T05:59:04","date_gmt":"2021-08-05T05:59:04","guid":{"rendered":"https:\/\/archivioturi.lavocedelpaese.info\/index.php\/2021\/08\/05\/loratorio-estivo-vola-con-carlo-acutis\/"},"modified":"2021-08-05T05:59:04","modified_gmt":"2021-08-05T05:59:04","slug":"loratorio-estivo-vola-con-carlo-acutis","status":"publish","type":"post","link":"https:\/\/archivioturi.lavocedelpaese.info\/index.php\/2021\/08\/05\/loratorio-estivo-vola-con-carlo-acutis\/","title":{"rendered":"L\u2019Oratorio estivo \u2018vola\u2019 con Carlo Acutis"},"content":{"rendered":"<p><img loading=\"lazy\" decoding=\"async\" src=\"https:\/\/live.staticflickr.com\/65535\/51356901307_7fc8289fcd_n.jpg\" alt=\"oratorio estivo turi 2021 (35)\" width=\"320\" height=\"212\" \/><\/p>\n<p style=\"text-align: center;\"><strong>Concluse le attivit\u00e0 ludiche e formative organizzate dalla Parrocchia &#8220;Maria SS. Ausiliatrice&#8221;<\/strong><\/p>\n<p style=\"text-align: justify;\">Si sono concluse sabato 31 luglio le attivit\u00e0 pianificate per l&#8217;Oratorio estivo dedicato, in questo anno pastorale 2020-2021, alla figura del beato Carlo Acutis.<\/p>\n<p style=\"text-align: justify;\">Luned\u00ec 26 luglio, il cancello del centro estivo si \u00e8 \u201caperto\u201d per accogliere circa una novantina di fanciulli sprizzanti energia e vitalit\u00e0, curiosi della nuova esperienza da vivere.<\/p>\n<p style=\"text-align: justify;\">Questo viaggio ha saputo abbracciare tematiche coinvolgenti, unite dal fil rouge \u201cCRESCERE E VOLARE CON CARLO ACUTIS\u201d. Le attivit\u00e0 intenzionalmente programmate hanno utilizzato vari linguaggi, verbali e non, spaziando da momenti di riflessione, a momenti di preghiera, alle attivit\u00e0 ludico-ricreative, ai laboratori manipolativi. Una sfida che ha richiesto creativit\u00e0 e realismo da parte di tutti gli educatori ecclesiali, giovani e adulti, impegnati in questo percorso formativo.<\/p>\n<p style=\"text-align: justify;\">Gli animatori hanno suddiviso i bambini in cinque gruppi, ognuno contraddistinto da un colore: giallo, arancione, rosso, verde e azzurro. La figura di Acutis \u00e8 entrata in punta di piedi sul palcoscenico delle menti dei nostri fanciulli e ha saputo segnare con estrema maestranza la loro memoria; ha inciso, naturalmente, anche nei loro cuori il messaggio della solidariet\u00e0 e della responsabilit\u00e0 che ogni persona ha verso Dio e il prossimo.<\/p>\n<p style=\"text-align: justify;\">Le azioni hanno richiesto un numero adeguato di adulti educatori, direttamente impegnati nell\u2019accompagnamento dei fanciulli. In questo senso, \u00e8 stato offerto pi\u00f9 spazio d\u2019intervento ai diversi soggetti della comunit\u00e0. Non a caso \u00e8 stato coinvolto il gruppo dei giovani e dei giovanissimi che hanno accolto con gioia l\u2019invito a partecipare alle attivit\u00e0 del campo estivo in oratorio. Infatti, si sono prodigati in tutti i sensi affiancando gli educatori con efficienza e gioiosa cooperazione. Si \u00e8 registrato un ottimo il lavoro di squadra. Lavorare insieme per Dio ha costituito una straordinaria opportunit\u00e0 di imparare gli uni dagli altri, di riconoscere pi\u00f9 facilmente gli errori da evitare in futuro, di ricevere feedback da prospettive diverse e di acquisire abilit\u00e0 e conoscenze grazie all\u2019esperienza di tutti. All\u2019interno di un programma di formazione ben strutturato, il lavoro di squadra agisce come ulteriore rinforzo alla capacit\u00e0 di costruire comunit\u00e0 edificanti.<\/p>\n<p style=\"text-align: justify;\">Il progetto ha avuto una positiva ricaduta sui nostri fanciulli in termini formativi: hanno manifestato interesse, partecipazione e rispetto delle norme imposte dal contesto storico che stiamo vivendo.<\/p>\n<p style=\"text-align: justify;\">Si ringraziano i genitori che hanno accolto l\u2019invito a far presenziare i loro figli agli incontri progettati e, inoltre, Don Giuseppe per le occasioni che propone a tutti coloro che percepiscono la comunit\u00e0 come \u201cfamiglia in cammino\u201d.<\/p>\n<p style=\"text-align: justify;\">&nbsp;<\/p>\n<p style=\"text-align: right;\"><strong>Maria Antonietta Spada<\/strong><\/p>\n<p style=\"text-align: justify;\"><span style=\"color: #ff0000;\"><strong>Clicca sull&#8217;immagine in basso per guardare la galleria fotografica<\/strong><\/span><\/p>\n<p><a data-flickr-embed=\"true\" data-header=\"true\" href=\"https:\/\/www.flickr.com\/photos\/91470992@N02\/albums\/72157719690619995\" title=\"Turi - Oratorio estivo 2021\" marked=\"1\"><img loading=\"lazy\" decoding=\"async\" src=\"https:\/\/live.staticflickr.com\/65535\/51356902587_5121449ced_z.jpg\" alt=\"Turi - Oratorio estivo 2021\" width=\"640\" height=\"480\" \/><\/a><\/p>\n","protected":false},"excerpt":{"rendered":"<p><img loading=\"lazy\" decoding=\"async\" src=\"https:\/\/live.staticflickr.com\/65535\/51356901307_7fc8289fcd_n.jpg\" alt=\"oratorio estivo turi 2021 (35)\" width=\"320\" height=\"212\" \/><\/p>\n","protected":false},"author":1,"featured_media":0,"comment_status":"open","ping_status":"closed","sticky":false,"template":"","format":"standard","meta":{"colormag_page_container_layout":"default_layout","colormag_page_sidebar_layout":"default_layout","footnotes":""},"categories":[4],"tags":[],"class_list":["post-18445","post","type-post","status-publish","format-standard","hentry","category-politica"],"_links":{"self":[{"href":"https:\/\/archivioturi.lavocedelpaese.info\/index.php\/wp-json\/wp\/v2\/posts\/18445","targetHints":{"allow":["GET"]}}],"collection":[{"href":"https:\/\/archivioturi.lavocedelpaese.info\/index.php\/wp-json\/wp\/v2\/posts"}],"about":[{"href":"https:\/\/archivioturi.lavocedelpaese.info\/index.php\/wp-json\/wp\/v2\/types\/post"}],"author":[{"embeddable":true,"href":"https:\/\/archivioturi.lavocedelpaese.info\/index.php\/wp-json\/wp\/v2\/users\/1"}],"replies":[{"embeddable":true,"href":"https:\/\/archivioturi.lavocedelpaese.info\/index.php\/wp-json\/wp\/v2\/comments?post=18445"}],"version-history":[{"count":0,"href":"https:\/\/archivioturi.lavocedelpaese.info\/index.php\/wp-json\/wp\/v2\/posts\/18445\/revisions"}],"wp:attachment":[{"href":"https:\/\/archivioturi.lavocedelpaese.info\/index.php\/wp-json\/wp\/v2\/media?parent=18445"}],"wp:term":[{"taxonomy":"category","embeddable":true,"href":"https:\/\/archivioturi.lavocedelpaese.info\/index.php\/wp-json\/wp\/v2\/categories?post=18445"},{"taxonomy":"post_tag","embeddable":true,"href":"https:\/\/archivioturi.lavocedelpaese.info\/index.php\/wp-json\/wp\/v2\/tags?post=18445"}],"curies":[{"name":"wp","href":"https:\/\/api.w.org\/{rel}","templated":true}]}}