{"id":18433,"date":"2021-06-23T07:08:58","date_gmt":"2021-06-23T07:08:58","guid":{"rendered":"https:\/\/archivioturi.lavocedelpaese.info\/index.php\/2021\/06\/23\/braccianti-assunti-a-nero-denunciati-due-imprenditori\/"},"modified":"2021-06-23T07:08:58","modified_gmt":"2021-06-23T07:08:58","slug":"braccianti-assunti-a-nero-denunciati-due-imprenditori","status":"publish","type":"post","link":"https:\/\/archivioturi.lavocedelpaese.info\/index.php\/2021\/06\/23\/braccianti-assunti-a-nero-denunciati-due-imprenditori\/","title":{"rendered":"Braccianti assunti &#8216;a nero&#8217;, denunciati due imprenditori"},"content":{"rendered":"<p><img loading=\"lazy\" decoding=\"async\" src=\"https:\/\/live.staticflickr.com\/65535\/51266429310_e65c4e7276_n.jpg\" alt=\"1\" width=\"320\" height=\"240\" \/><\/p>\n<p style=\"text-align: center;\"><strong>La task force anti-caporalato ha elevato multe e sanzioni amministrative per oltre 500.000 euro<\/strong><\/p>\n<p style=\"text-align: justify;\">Il Comando Provinciale Carabinieri di Bari ha istituito una \u201ctask force\u201d, composta da militari dei reparti dipendenti e da personale specializzato del Nucleo Ispettorato del Lavoro, dedicata al contrasto dei fenomeni dell\u2019intermediazione illecita e dello sfruttamento del lavoro.<\/p>\n<p style=\"text-align: justify;\"><img loading=\"lazy\" decoding=\"async\" src=\"https:\/\/live.staticflickr.com\/65535\/51264658322_5c6272c934_n.jpg\" alt=\"IMG-20210621-WA0018\" style=\"margin: 6px; float: right;\" width=\"320\" height=\"257\" \/><\/p>\n<p style=\"text-align: justify;\">In particolare, i controlli, svolti in Turi e Conversano, ove \u00e8 in corso la campagna cerasicola, hanno portato alla denuncia a piede libero di un imprenditore che impiegava 7 braccianti \u201ca nero\u201d, di cui 2 extracomunitari privi di permesso di soggiorno e gi\u00e0 colpiti da provvedimento di espulsione. Fra gli illeciti contestati rientra il pagamento mediante metodi non tracciabili e l\u2019omessa assicurazione dei dipendenti all\u2019Inail.<\/p>\n<p style=\"text-align: justify;\">Un altro imprenditore \u00e8 stato deferito in stato di libert\u00e0 in quanto, per la raccolta delle ciliegie, impiegava alcuni braccianti privi di permesso di soggiorno, assunti in nero, senza aver ricevuto la prescritta formazione sulla sicurezza sul lavoro n\u00e9 aver passato la visita medica per stabilirne l\u2019idoneit\u00e0 fisica al lavoro manuale. Nel corso delle attivit\u00e0, \u00e8 stato documentato come molti braccianti venivano reclutati \u201ca giornata\u201d e caricati nel vano bagagli di autovetture, al fine di nasconderli da eventuali controlli, mentre i sedili passeggeri erano occupati dai cesti di ciliegie appena raccolti.<\/p>\n<p style=\"text-align: justify;\">All\u2019esito dei controlli, sono state elevate altre sanzioni amministrative per violazione della normativa speciale di settore.<\/p>\n","protected":false},"excerpt":{"rendered":"<p><img loading=\"lazy\" decoding=\"async\" src=\"https:\/\/live.staticflickr.com\/65535\/51266429310_e65c4e7276_n.jpg\" alt=\"1\" width=\"320\" height=\"240\" \/><\/p>\n","protected":false},"author":1,"featured_media":0,"comment_status":"open","ping_status":"closed","sticky":false,"template":"","format":"standard","meta":{"colormag_page_container_layout":"default_layout","colormag_page_sidebar_layout":"default_layout","footnotes":""},"categories":[8],"tags":[],"class_list":["post-18433","post","type-post","status-publish","format-standard","hentry","category-cronaca"],"_links":{"self":[{"href":"https:\/\/archivioturi.lavocedelpaese.info\/index.php\/wp-json\/wp\/v2\/posts\/18433","targetHints":{"allow":["GET"]}}],"collection":[{"href":"https:\/\/archivioturi.lavocedelpaese.info\/index.php\/wp-json\/wp\/v2\/posts"}],"about":[{"href":"https:\/\/archivioturi.lavocedelpaese.info\/index.php\/wp-json\/wp\/v2\/types\/post"}],"author":[{"embeddable":true,"href":"https:\/\/archivioturi.lavocedelpaese.info\/index.php\/wp-json\/wp\/v2\/users\/1"}],"replies":[{"embeddable":true,"href":"https:\/\/archivioturi.lavocedelpaese.info\/index.php\/wp-json\/wp\/v2\/comments?post=18433"}],"version-history":[{"count":0,"href":"https:\/\/archivioturi.lavocedelpaese.info\/index.php\/wp-json\/wp\/v2\/posts\/18433\/revisions"}],"wp:attachment":[{"href":"https:\/\/archivioturi.lavocedelpaese.info\/index.php\/wp-json\/wp\/v2\/media?parent=18433"}],"wp:term":[{"taxonomy":"category","embeddable":true,"href":"https:\/\/archivioturi.lavocedelpaese.info\/index.php\/wp-json\/wp\/v2\/categories?post=18433"},{"taxonomy":"post_tag","embeddable":true,"href":"https:\/\/archivioturi.lavocedelpaese.info\/index.php\/wp-json\/wp\/v2\/tags?post=18433"}],"curies":[{"name":"wp","href":"https:\/\/api.w.org\/{rel}","templated":true}]}}