{"id":18425,"date":"2021-06-11T13:41:11","date_gmt":"2021-06-11T13:41:11","guid":{"rendered":"https:\/\/archivioturi.lavocedelpaese.info\/index.php\/2021\/06\/11\/lunitalsi-apre-il-primo-emporio-solidale\/"},"modified":"2021-06-11T13:41:11","modified_gmt":"2021-06-11T13:41:11","slug":"lunitalsi-apre-il-primo-emporio-solidale","status":"publish","type":"post","link":"https:\/\/archivioturi.lavocedelpaese.info\/index.php\/2021\/06\/11\/lunitalsi-apre-il-primo-emporio-solidale\/","title":{"rendered":"L\u2019Unitalsi apre il primo Emporio Solidale"},"content":{"rendered":"<p><img loading=\"lazy\" decoding=\"async\" src=\"https:\/\/live.staticflickr.com\/65535\/51239348422_e66a8e2703_n.jpg\" alt=\"emporio unitalsi\" width=\"320\" height=\"180\" \/><\/p>\n<p style=\"text-align: center;\"><strong>Imma Bianco: \u201cUn importante passo verso una \u2018rete etica\u2019 di collaborazione tra Amministrazione e associazioni\u201d<\/strong><\/p>\n<p style=\"text-align: justify;\">\u201cChi pu\u00f2 doni, chi vuole prenda\u201d. Questo il motto che compendia la filosofia dell\u2019Emporio Solidale inaugurato pochi giorni fa a Turi. Non un semplice \u201cpunto di consegna\u201d ma uno speciale \u201cnegozio di abbigliamento\u201d dove si viene subito messi a proprio agio dalla genuina cordialit\u00e0 di Anna Maria Camponobile, referente cittadina dell&#8217;Unitalsi ed anima dell\u2019encomiabile progetto che, come ci spiega Imma Bianco, assessore alle Politiche Sociali, si pone l\u2019obiettivo di \u00abcreare una rete a sostegno dei nostri cittadini per contrastare, arginare e lenire forme di disagio economico e sociale\u00bb.<\/p>\n<p style=\"text-align: justify;\">Ogni marted\u00ec e gioved\u00ec, dalle ore 16.00 alle ore 19.00, ci si pu\u00f2 recare all\u2019Emporio, presso la sede dell\u2019Unitalsi (vicino la Chiesa di Santa Chiara), sia per ricevere che per donare abbigliamento e calzatura per ogni fascia d\u2019et\u00e0, accessori per l\u2019infanzia e giochi.<\/p>\n<p><img loading=\"lazy\" decoding=\"async\" src=\"https:\/\/live.staticflickr.com\/65535\/51240258178_c55c125cd0.jpg\" alt=\"emporio solidale interno (2)\" style=\"display: block; margin-left: auto; margin-right: auto;\" width=\"500\" height=\"225\" \/><\/p>\n<p style=\"text-align: justify;\">\u00abPorto avanti questa iniziativa da diverso tempo, anche se in forma privata\u00bb \u2013 ci spiega Anna Maria Camponobile, sottolineando che \u00abla molla che ha spinto a trasformare il gesto solidale del singolo in un servizio strutturato \u00e8 scattata con il periodo Covid. La pandemia ha inciso profondamente sul tessuto sociale turese, creando nuove povert\u00e0 e, dunque, ampliando il numero di concittadini in stato di bisogno\u00bb.<\/p>\n<p style=\"text-align: right;\"><img loading=\"lazy\" decoding=\"async\" src=\"https:\/\/live.staticflickr.com\/65535\/51241109905_6771101ecd_n.jpg\" alt=\"emporio unitalsi 2\" style=\"margin: 6px; float: right;\" width=\"320\" height=\"315\" \/><\/p>\n<p style=\"text-align: justify;\">\u00abIl limite dell\u2019agire come privata cittadina \u2013 aggiunge \u2013 \u00e8 che quando giungeva una richiesta d\u2019aiuto, non conoscendo i destinatari, non si era mai certi di aver fornito il vestiario adeguato. Proprio per superare questo ostacolo, abbiamo deciso di aprire uno spazio fisico dove chiunque si trovi in difficolt\u00e0 pu\u00f2 entrare e prendere direttamente ci\u00f2 che serve; in questo modo siamo in grado di rispondere in maniera pi\u00f9 efficace alle esigenze di chi, con grande dignit\u00e0, ci contatta. Ritengo sia un bel traguardo quello che abbiamo raggiunto grazie alla sinergia con il Sindaco, l\u2019Amministrazione, l\u2019assessore Imma Bianco e i Servizi Sociali\u00bb.<\/p>\n<p style=\"text-align: justify;\">\u00abUna delle lezioni che abbiamo imparato dall&#8217;emergenza Covid \u2013 rimarca l\u2019assessore Bianco, centrando l\u2019attenzione sul carattere virtuoso dell\u2019Emporio Solidale \u2013 \u00e8 l\u2019importanza di fare squadra, costruendo una rete diffusa in cui l&#8217;Amministrazione proceda al fianco delle associazioni che operano sul territorio. Oggi con grande orgoglio inauguriamo questa realt\u00e0 che segna un\u2019ulteriore tappa del percorso di collaborazione con l\u2019Unitalsi; l\u2019augurio \u00e8 che anche altre associazioni siano spinte a presentare progetti di utilit\u00e0 sociale, entrando nell\u2019ottica che collaborare con l\u2019Amministrazione significa aiutare l\u2019intera comunit\u00e0\u00bb.<\/p>\n<p><img loading=\"lazy\" decoding=\"async\" src=\"https:\/\/live.staticflickr.com\/65535\/51239348492_da8bc6006e.jpg\" alt=\"emporio solidale interno (1)\" style=\"display: block; margin-left: auto; margin-right: auto;\" width=\"500\" height=\"225\" \/><\/p>\n<p style=\"text-align: justify;\">\u00abOltre alla passione disinteressata di Anna Maria \u2013 conclude l\u2019assessore \u2013 un doveroso ringraziamento va all\u2019assistente sociale, la dott.ssa Cinzia Pizzutilo, che ci ha sostenuto sempre con grande entusiasmo e professionalit\u00e0. Senza dimenticare la riconoscenza verso tutti i cittadini che decideranno di dare una mano concreta alla causa\u00bb.<\/p>\n<p><img loading=\"lazy\" decoding=\"async\" src=\"https:\/\/live.staticflickr.com\/65535\/51240057461_3e332bde7a_c.jpg\" alt=\"emporio unitalsi locandina\" style=\"display: block; margin-left: auto; margin-right: auto;\" width=\"550\" height=\"800\" \/><\/p>\n","protected":false},"excerpt":{"rendered":"<p><img loading=\"lazy\" decoding=\"async\" src=\"https:\/\/live.staticflickr.com\/65535\/51239348422_e66a8e2703_n.jpg\" alt=\"emporio unitalsi\" width=\"320\" height=\"180\" \/><\/p>\n","protected":false},"author":1,"featured_media":0,"comment_status":"open","ping_status":"closed","sticky":false,"template":"","format":"standard","meta":{"colormag_page_container_layout":"default_layout","colormag_page_sidebar_layout":"default_layout","footnotes":""},"categories":[6],"tags":[],"class_list":["post-18425","post","type-post","status-publish","format-standard","hentry","category-cultura"],"_links":{"self":[{"href":"https:\/\/archivioturi.lavocedelpaese.info\/index.php\/wp-json\/wp\/v2\/posts\/18425","targetHints":{"allow":["GET"]}}],"collection":[{"href":"https:\/\/archivioturi.lavocedelpaese.info\/index.php\/wp-json\/wp\/v2\/posts"}],"about":[{"href":"https:\/\/archivioturi.lavocedelpaese.info\/index.php\/wp-json\/wp\/v2\/types\/post"}],"author":[{"embeddable":true,"href":"https:\/\/archivioturi.lavocedelpaese.info\/index.php\/wp-json\/wp\/v2\/users\/1"}],"replies":[{"embeddable":true,"href":"https:\/\/archivioturi.lavocedelpaese.info\/index.php\/wp-json\/wp\/v2\/comments?post=18425"}],"version-history":[{"count":0,"href":"https:\/\/archivioturi.lavocedelpaese.info\/index.php\/wp-json\/wp\/v2\/posts\/18425\/revisions"}],"wp:attachment":[{"href":"https:\/\/archivioturi.lavocedelpaese.info\/index.php\/wp-json\/wp\/v2\/media?parent=18425"}],"wp:term":[{"taxonomy":"category","embeddable":true,"href":"https:\/\/archivioturi.lavocedelpaese.info\/index.php\/wp-json\/wp\/v2\/categories?post=18425"},{"taxonomy":"post_tag","embeddable":true,"href":"https:\/\/archivioturi.lavocedelpaese.info\/index.php\/wp-json\/wp\/v2\/tags?post=18425"}],"curies":[{"name":"wp","href":"https:\/\/api.w.org\/{rel}","templated":true}]}}