{"id":18419,"date":"2021-06-04T13:40:37","date_gmt":"2021-06-04T13:40:37","guid":{"rendered":"https:\/\/archivioturi.lavocedelpaese.info\/index.php\/2021\/06\/04\/i-cittadini-hanno-diritto-a-risposte-chiare\/"},"modified":"2021-06-04T13:40:37","modified_gmt":"2021-06-04T13:40:37","slug":"i-cittadini-hanno-diritto-a-risposte-chiare","status":"publish","type":"post","link":"https:\/\/archivioturi.lavocedelpaese.info\/index.php\/2021\/06\/04\/i-cittadini-hanno-diritto-a-risposte-chiare\/","title":{"rendered":"\u201cI cittadini hanno diritto a risposte chiare\u201d"},"content":{"rendered":"<p><img loading=\"lazy\" decoding=\"async\" src=\"https:\/\/live.staticflickr.com\/65535\/51225490375_7ddcc1085c_n.jpg\" alt=\"Paolo Tundo\" width=\"320\" height=\"246\" \/><\/p>\n<p style=\"text-align: center;\"><strong>Project financing, viabilit\u00e0 e \u201cprogetto Gramsci\u201d: Paolo Tundo invita il sindaco a confrontarsi con trasparenza in Consiglio<\/strong><\/p>\n<p style=\"text-align: justify;\">\u00abNon \u00e8 stato un atto di immaturit\u00e0 ma una protesta civica per invitare il sindaco a cambiare atteggiamento nei confronti della minoranza\u00bb. Cos\u00ec il consigliere Paolo Tundo chiarisce la scelta dei consiglieri di opposizione di abbandonare i lavori dell\u2019ultimo Consiglio comunale, lasciando l\u2019onere di approvare il Bilancio Consuntivo alla sola maggioranza.<\/p>\n<p style=\"text-align: justify;\">\u00abLa richiesta di convocare un Consiglio per discutere sul project financing \u2013 aggiunge \u2013 non \u00e8 un capriccio o modo per ostacolare il lavoro della maggioranza. Al contrario, ci sono numerose perplessit\u00e0 sulla procedura con cui \u00e8 stato portato avanti questo provvedimento; perplessit\u00e0, evidenziate pi\u00f9 volte, che meritano risposte da parte dell\u2019Amministrazione, soprattutto perch\u00e9 parliamo di un progetto che impegner\u00e0 il Comune per 20 anni\u00bb.<\/p>\n<p style=\"text-align: justify;\">\u00abNon capisco l\u2019atteggiamento del sindaco. Se \u00e8 convinta che tutto sia regolare \u2013 prosegue \u2013 perch\u00e9 continua a rimandare il confronto, alimentando un clima di dubbio tra i cittadini? Venga in Consiglio il prima possibile e risponda alle legittime domande che la minoranza pone da oltre un anno\u00bb.<\/p>\n<p style=\"text-align: center;\"><strong>&#8220;UN RENDICONTO CHE LASCIA L\u2019AMARO IN BOCCA&#8221;<\/strong><\/p>\n<p style=\"text-align: justify;\">Passando all\u2019approvazione del Rendiconto 2020, Tundo rileva che \u00abanche quest\u2019anno non c\u2019\u00e8 stato un avanzo di amministrazione. Tuttavia, quello che lascia l\u2019amaro in bocca \u00e8 l\u2019assenza di qualsiasi prospettiva di crescita per il paese: la maggioranza continua a investire tutto il proprio impegno nelle lotte di potere interne, finendo per riuscire a malapena a dare seguito all\u2019ordinaria amministrazione\u00bb.<\/p>\n<p style=\"text-align: justify;\">Un esempio \u00e8 la viabilit\u00e0: \u00abDopo due anni di governo \u2013 constata il consigliere \u2013 non si \u00e8 trovata alcuna soluzione concreta per mettere in sicurezza le strade cittadine e quelle extraurbane. In particolare, era indispensabile intervenire sulle strade di campagna prima dell\u2019inizio dell\u2019annata cerasicola, in modo da mettere i nostri agricoltori nelle condizioni di andare a lavoro senza disagi. La pazienza dei cerasicoltori \u00e8 gi\u00e0 allo stremo per via del crollo dei prezzi delle ciliegie, non \u00e8 il caso di infierire costringendoli a percorre strade ridotte a un colabrodo\u00bb.<\/p>\n<p style=\"text-align: justify;\">\u00abMi auguro \u2013 dichiara \u2013 che i prossimi 3 anni siano sufficienti a risolvere il problema, senza limitarsi ad aspettare che piovano dal cielo i fondi europei. Occorre mappare le strade che necessitano di manutenzione e redigere una progettazione tecnica esaustiva, cos\u00ec da essere subito pronti a candidarsi a tutti i bandi idonei\u00bb.<\/p>\n<p style=\"text-align: center;\"><strong>&#8220;PROGETTO GRAMSCI: DOVE SONO LE AUTORIZZAZIONI?&#8221;<\/strong><\/p>\n<p style=\"text-align: justify;\">Un\u2019ultima riflessione Tundo la riserva al \u201cprogetto Gramsci\u201d: \u00abSi discute di quest\u2019opera dalla Giunta Coppi e, dopo anni di parole, non c\u2019\u00e8 ancora un progetto definitivo su cui sia possibile esprimere un parere circostanziato\u00bb.<\/p>\n<p style=\"text-align: justify;\">\u00abVoglio chiarire \u2013 annota \u2013 che non sono contrario al progetto in s\u00e9 ma, prima di tutto, bisogna verificare che ci siano le autorizzazioni del Ministero della Giustizia e della Soprintendenza. Da quanto mi risulta, sussistono seri dubbi sulla possibilit\u00e0 di realizzare l\u2019opera poich\u00e9, superando in altezza il muro di cinta della Casa Penale, andrebbe in contrasto con i vincoli che insistono nell\u2019area attorno al carcere. Inoltre, va considerato anche il vincolo storico-paesaggistico, legato alla presenza delle antiche cisterne al di sotto della Villa comunale e alle alberature centenarie\u00bb.<\/p>\n<p style=\"text-align: justify;\">\u00abVa bene istituire una Commissione di studio per dare un indirizzo politico il pi\u00f9 possibile condiviso; tuttavia, prima di qualsiasi confronto, deve esserci la garanzia che l\u2019opera rispetti le normative vigenti. Altrimenti \u2013 conclude \u2013 si rischia che, dopo aver perso anni a parlare di massimi sistemi e teoremi culturali, tutto si traduca in una grande beffa per la nostra comunit\u00e0\u00bb.<\/p>\n<p style=\"text-align: right;\"><strong>FD<\/strong><\/p>\n","protected":false},"excerpt":{"rendered":"<p><img loading=\"lazy\" decoding=\"async\" src=\"https:\/\/live.staticflickr.com\/65535\/51225490375_7ddcc1085c_n.jpg\" alt=\"Paolo Tundo\" width=\"320\" height=\"246\" \/><\/p>\n","protected":false},"author":1,"featured_media":0,"comment_status":"open","ping_status":"closed","sticky":false,"template":"","format":"standard","meta":{"colormag_page_container_layout":"default_layout","colormag_page_sidebar_layout":"default_layout","footnotes":""},"categories":[4],"tags":[],"class_list":["post-18419","post","type-post","status-publish","format-standard","hentry","category-politica"],"_links":{"self":[{"href":"https:\/\/archivioturi.lavocedelpaese.info\/index.php\/wp-json\/wp\/v2\/posts\/18419","targetHints":{"allow":["GET"]}}],"collection":[{"href":"https:\/\/archivioturi.lavocedelpaese.info\/index.php\/wp-json\/wp\/v2\/posts"}],"about":[{"href":"https:\/\/archivioturi.lavocedelpaese.info\/index.php\/wp-json\/wp\/v2\/types\/post"}],"author":[{"embeddable":true,"href":"https:\/\/archivioturi.lavocedelpaese.info\/index.php\/wp-json\/wp\/v2\/users\/1"}],"replies":[{"embeddable":true,"href":"https:\/\/archivioturi.lavocedelpaese.info\/index.php\/wp-json\/wp\/v2\/comments?post=18419"}],"version-history":[{"count":0,"href":"https:\/\/archivioturi.lavocedelpaese.info\/index.php\/wp-json\/wp\/v2\/posts\/18419\/revisions"}],"wp:attachment":[{"href":"https:\/\/archivioturi.lavocedelpaese.info\/index.php\/wp-json\/wp\/v2\/media?parent=18419"}],"wp:term":[{"taxonomy":"category","embeddable":true,"href":"https:\/\/archivioturi.lavocedelpaese.info\/index.php\/wp-json\/wp\/v2\/categories?post=18419"},{"taxonomy":"post_tag","embeddable":true,"href":"https:\/\/archivioturi.lavocedelpaese.info\/index.php\/wp-json\/wp\/v2\/tags?post=18419"}],"curies":[{"name":"wp","href":"https:\/\/api.w.org\/{rel}","templated":true}]}}