{"id":18395,"date":"2021-05-24T06:29:25","date_gmt":"2021-05-24T06:29:25","guid":{"rendered":"https:\/\/archivioturi.lavocedelpaese.info\/index.php\/2021\/05\/24\/giuseppe-daddabbo-alla-guida-dei-giovani-democratici\/"},"modified":"2021-05-24T06:29:25","modified_gmt":"2021-05-24T06:29:25","slug":"giuseppe-daddabbo-alla-guida-dei-giovani-democratici","status":"publish","type":"post","link":"https:\/\/archivioturi.lavocedelpaese.info\/index.php\/2021\/05\/24\/giuseppe-daddabbo-alla-guida-dei-giovani-democratici\/","title":{"rendered":"Giuseppe D\u2019Addabbo alla guida dei Giovani Democratici"},"content":{"rendered":"<p><img loading=\"lazy\" decoding=\"async\" src=\"https:\/\/live.staticflickr.com\/65535\/51194268323_dc90ee0e8f_n.jpg\" alt=\"Giuseppe D'Addabbo\" width=\"320\" height=\"320\" \/><\/p>\n<p style=\"text-align: center;\"><strong>Il nuovo Segretario: \u201cVogliamo rimboccarci le maniche ed essere partecipi della vita politica, prima come \u2018manovali\u2019 e poi come \u2018architetti\u2019 del nostro domani\u201d<\/strong><\/p>\n<p style=\"text-align: justify;\">Sabato 15 maggio si \u00e8 celebrato il Congresso del Circolo cittadino dei Giovani Democratici (GD), che ha sancito l\u2019elezione a Segretario del ventiduenne Giuseppe D\u2019Addabbo. Iscritto alla Facolt\u00e0 di Scienze Politiche, D\u2019Addabbo divide il suo tempo tra lo studio, il lavoro come amministratore di condominio e tante passioni: accanto alla politica, coltiva l\u2019interesse per storia e letteratura, musica e cinema d\u2019epoca, nonch\u00e9 per l\u2019immancabile calcio.<\/p>\n<p style=\"text-align: justify;\">Il neoeletto Segretario raccoglie idealmente il testimone da Valery De Grisantis, alla guida dei GD per due anni (2015 e 2016), e si trova dinanzi all\u2019arduo compito di far rinascere la \u201cprimavera\u201d del Partito Democratico, azzeratasi nel 2019 quando nessuno dei Giovani Democratici rinnov\u00f2 la propria tessera.<\/p>\n<p style=\"text-align: justify;\">Per conoscere le idee e i programmi di Giuseppe D\u2019Addabbo gli abbiamo rivolto alcune domande, cui ha accettato di rispondere non prima di averci presentato la squadra dei dieci compagni di viaggio: \u00abOltre a Stefano Palmisano e Margherita Mirizzi, i miei due vicesegretari, ringrazio i ragazzi che hanno voluto seguirmi in questa avventura aderendo al Circolo dei Giovani Democratici: Mattia Arr\u00e8, Ivano Cervellera, Micaela Gassi, Antonio Mileto, Alessandro Palmisano, Braian Sabatelli, Bianca Tardi e Annabella Volza\u00bb.<\/p>\n<p style=\"text-align: justify;\"><strong>Come \u00e8 iniziata la sua esperienza politica?<\/strong><\/p>\n<p style=\"text-align: justify;\">\u00abHo capito di essere comunista perch\u00e9 me lo hanno detto cos\u00ec tante volte che alla fine ho deciso di studiare e approfondire la storia e l\u2019ideologia del Comunismo. Mi sono avvicinato agli ambienti di quella che viene definita \u201cestrema sinistra\u201d e per un anno sono stato tesserato al Fronte della Giovent\u00f9 Comunista che, prima della rottura del patto d\u2019azione, rappresentava la \u201cgiovanile\u201d del PC (Partito Comunista). Con il lockdown, ho sperimentato cosa significhi \u201ccedere\u201d la propria libert\u00e0, anche solo in minima parte, e ho deciso di abbandonare questa esperienza, che tendeva a idolatrare troppo le posizioni staliniste e che, tra l\u2019altro, mi permetteva di fare ben poco per Turi e a Turi, dovendo spostarmi ogni volta a Bari\u00bb.<\/p>\n<p style=\"text-align: justify;\"><strong>Abbandonato il Comunismo, quale ideologia abbraccia?<\/strong><\/p>\n<p style=\"text-align: justify;\">\u00abMi definisco un riformista progressista, che fonda la propria ideologia sui due valori fulcro della sinistra: l\u2019uguaglianza e la giustizia sociale\u00bb.<\/p>\n<p style=\"text-align: justify;\"><strong>In che modo \u00e8 avvenuto l\u2019incontro con il Partito Democratico?<\/strong><\/p>\n<p style=\"text-align: justify;\">\u00abMia madre, Marilena Lerede, milita nel Partito Democratico da un paio d\u2019anni e mi ha sempre spronato ad avvicinarmi; invito che ho declinato fino alle ultime elezioni regionali quando, per pura coincidenza, ho ascoltato un comizio di Emiliano e De Santis e mi sono ritrovato nelle loro idee \u201cmoderate\u201d. Successivamente, mi sono confrontato anche con il Segretario Lilli Susca e, alla fine, ho deciso di sposare il progetto del PD sia per le persone che lo animano, sia perch\u00e9, nell\u2019attuale panorama politico, \u00e8 il partito con cui ideologicamente mi trovo pi\u00f9 in linea\u00bb.<\/p>\n<p style=\"text-align: justify;\"><strong>Perch\u00e9 si \u00e8 candidato alla Segreteria dei Giovani Democratici?<\/strong><\/p>\n<p style=\"text-align: justify;\">\u00abDato che a Turi non c\u2019era pi\u00f9 il Circolo dei Giovani Democratici, ho voluto provare a ricostruirlo. Ho coinvolto due amici storici \u2013 Stefano Palmisano, con cui ho condiviso anche l\u2019esperienza politica comunista, e Margherita Mirizzi \u2013 e abbiamo iniziato a guardarci intorno, riuscendo a coinvolgere una decina di nostri coetanei. Cos\u00ec si \u00e8 concretizzata la possibilit\u00e0 di riportare i GD a Turi, oltre che \u201cde iure\u201d anche \u201cde facto\u201d, ovvero con l\u2019apporto concreto dell\u2019entusiasmo e dei progetti dei ragazzi e delle ragazze che si sono voluti mettere in gioco insieme a noi. Nella strada che mi ha portato a rifondare il Circolo \u00e8 stato importante l\u2019aiuto dell\u2019amico Massimo Mancini, Segretario dei GD di Putignano, che mi ha messo in contatto con Carlo Moretti, Segretario provinciale dei GD, il quale mi ha supportato nell\u2019iter burocratico da seguire per arrivare preparato al Congresso\u00bb.<\/p>\n<p style=\"text-align: justify;\"><strong>Quale programma avete in mente?<\/strong><\/p>\n<p style=\"text-align: justify;\">\u00abVogliamo partire dal formarci e formare alla politica, estendendo il desiderio di partecipare attivamente al maggior numero di giovani, cos\u00ec da poter sognare in grande. A lungo termine abbiamo tanti progetti ma, prima di esternarli, \u00e8 opportuno misurare le nostre forze. Sicuramente, un obiettivo su cui lavorare \u00e8 fare in modo che i miei coetanei possano rimanere a Turi e realizzarsi sia personalmente che lavorativamente, evitando la fuga verso il Nord che penalizza da troppo tempo il Meridione. Al tempo stesso, vorremmo anche creare le premesse per valorizzare ci\u00f2 che di bello offre il nostro paese, motivando i ragazzi turesi e quelli dei Comuni limitrofi a scegliere Turi come luogo per trascorrere le proprie serate. In tal senso, ci proponiamo di rinforzare la proposta delle attivit\u00e0 culturali che gi\u00e0 esistono, spingendo i giovani ad uscire dai locali e prendere parte alla vita cittadina\u00bb.<\/p>\n<p style=\"text-align: justify;\"><strong>Se dovesse spiegare la politica a un suo coetaneo, quale definizione sceglierebbe?<\/strong><\/p>\n<p style=\"text-align: justify;\">\u00abTutto quello che facciamo \u00e8 politica e in qualsiasi aspetto della nostra vita ci sono ripercussioni delle scelte politiche. Ecco perch\u00e9 occorre schierarsi, non avendo timore di prendere una posizione o di essere tacciati di \u201cpoliticizzare\u201d una questione. So bene che, nel sentito comune, oggi la politica \u00e8 associata a comportamenti indegni, come i voti di scambio o le tessere fittizie, e si tende a prenderne le distanze, con il risultato che sempre meno persone se ne occupano. Quello che ho intenzione di dimostrare, anche con l\u2019aiuto dei Giovani Democratici, \u00e8 che non tutta la politica \u00e8 \u201cmarcia\u201d ma si pu\u00f2 fare tanto di buono. Come ha scritto Victor Hugo, \u201cil tempo \u00e8 l\u2019architetto e il popolo \u00e8 il muratore\u201d; ebbene, noi vogliamo essere i muratori del nostro presente e del nostro futuro, respingendo al mittente l\u2019offesa pi\u00f9 grande che si fa alla mia generazione, ovvero quella di essere \u201cspettatori inerti\u201d, di non avere idee e prospettive\u00bb.<\/p>\n<p style=\"text-align: justify;\"><strong>Per concludere, in che modo la politica pu\u00f2 riacquistare credibilit\u00e0 tra i pi\u00f9 giovani?<\/strong><\/p>\n<p style=\"text-align: justify;\">\u00abLa questione \u00e8 che a Turi, come a livello nazionale, si fa poco per i giovani; d\u2019altro canto, se i ragazzi non iniziano a ritrovare la determinazione di far sentire la propria voce, rischiano di restare una maggioranza silenziosa. Amo il mio paese ma, a volte, sembra che il mio paese non ami me e i miei coetanei: questa credo sia la frase che sintetizza la situazione che viviamo. Il nostro scopo, dunque, deve essere quello di cambiare questa percezione: ritornare ad avere voce in capitolo, rimboccarci le maniche e, per riprendere la citazione di Hugo, essere partecipi prima come \u201cmuratori\u201d e poi come \u201carchitetti\u201d del nostro domani\u00bb.<\/p>\n<p style=\"text-align: right;\"><strong>Fabio D\u2019Aprile<\/strong><\/p>\n","protected":false},"excerpt":{"rendered":"<p><img loading=\"lazy\" decoding=\"async\" src=\"https:\/\/live.staticflickr.com\/65535\/51194268323_dc90ee0e8f_n.jpg\" alt=\"Giuseppe D'Addabbo\" width=\"320\" height=\"320\" \/><\/p>\n","protected":false},"author":1,"featured_media":0,"comment_status":"open","ping_status":"closed","sticky":false,"template":"","format":"standard","meta":{"colormag_page_container_layout":"default_layout","colormag_page_sidebar_layout":"default_layout","footnotes":""},"categories":[4],"tags":[],"class_list":["post-18395","post","type-post","status-publish","format-standard","hentry","category-politica"],"_links":{"self":[{"href":"https:\/\/archivioturi.lavocedelpaese.info\/index.php\/wp-json\/wp\/v2\/posts\/18395","targetHints":{"allow":["GET"]}}],"collection":[{"href":"https:\/\/archivioturi.lavocedelpaese.info\/index.php\/wp-json\/wp\/v2\/posts"}],"about":[{"href":"https:\/\/archivioturi.lavocedelpaese.info\/index.php\/wp-json\/wp\/v2\/types\/post"}],"author":[{"embeddable":true,"href":"https:\/\/archivioturi.lavocedelpaese.info\/index.php\/wp-json\/wp\/v2\/users\/1"}],"replies":[{"embeddable":true,"href":"https:\/\/archivioturi.lavocedelpaese.info\/index.php\/wp-json\/wp\/v2\/comments?post=18395"}],"version-history":[{"count":0,"href":"https:\/\/archivioturi.lavocedelpaese.info\/index.php\/wp-json\/wp\/v2\/posts\/18395\/revisions"}],"wp:attachment":[{"href":"https:\/\/archivioturi.lavocedelpaese.info\/index.php\/wp-json\/wp\/v2\/media?parent=18395"}],"wp:term":[{"taxonomy":"category","embeddable":true,"href":"https:\/\/archivioturi.lavocedelpaese.info\/index.php\/wp-json\/wp\/v2\/categories?post=18395"},{"taxonomy":"post_tag","embeddable":true,"href":"https:\/\/archivioturi.lavocedelpaese.info\/index.php\/wp-json\/wp\/v2\/tags?post=18395"}],"curies":[{"name":"wp","href":"https:\/\/api.w.org\/{rel}","templated":true}]}}