{"id":1838,"date":"2010-04-08T08:10:01","date_gmt":"2010-04-08T08:10:01","guid":{"rendered":"https:\/\/archivioturi.lavocedelpaese.info\/index.php\/2010\/04\/08\/fuoco-e-passione-sulle-tele-di-daniela-de-carlo\/"},"modified":"2010-04-08T08:10:01","modified_gmt":"2010-04-08T08:10:01","slug":"fuoco-e-passione-sulle-tele-di-daniela-de-carlo","status":"publish","type":"post","link":"https:\/\/archivioturi.lavocedelpaese.info\/index.php\/2010\/04\/08\/fuoco-e-passione-sulle-tele-di-daniela-de-carlo\/","title":{"rendered":"FUOCO E PASSIONE SULLE TELE DI DANIELA DE CARLO"},"content":{"rendered":"<div style=\"text-align: justify;\"><img loading=\"lazy\" decoding=\"async\" class=\" size-full wp-image-1837\" src=\"https:\/\/archivioturi.lavocedelpaese.info\/wp-content\/uploads\/2010\/04\/mostra.jpg\" alt=\"mostra\" width=\"320\" height=\"150\" srcset=\"https:\/\/archivioturi.lavocedelpaese.info\/wp-content\/uploads\/2010\/04\/mostra.jpg 640w, https:\/\/archivioturi.lavocedelpaese.info\/wp-content\/uploads\/2010\/04\/mostra-300x141.jpg 300w\" sizes=\"auto, (max-width: 320px) 100vw, 320px\" \/><\/div>\n<div style=\"text-align: justify;\"><\/div>\n<div style=\"text-align: justify;\"><span style=\"font-size: 10pt;\"><span style=\"font-family: verdana,geneva;\">Il chiostro delle clarisse, sito nella Biblioteca Comunale di Turi, fa da scenario alla mostra di pittura della giovane Daniela De Carlo. Aperta dal luned\u00ec alla domenica, dal 6\u00a0 al 18 aprile, l\u2019artista accoglie i visitatori alla scoperta e alla conoscenza delle proprie opere. Curiosit\u00e0, emozioni e misteri, dietro ogni dipinto.<\/span><\/span><\/div>\n<p style=\"text-align: justify;\"><span style=\"font-size: 10pt;\"><span style=\"font-family: verdana,geneva;\">In un excursus di colori e movimenti, dal tono freddo del \u201cGiocoliere\u201d al calore sprigionato dalla luce in \u201cMeraviglie di primavera\u201d, Daniela De Carlo modella e d\u00e0 vita a sentimenti e bisogni a volte tra loro contrastanti. Nella <strong>necessit\u00e0 di esprimere la propria personalit\u00e0,<\/strong> pone comunque l\u2019accento su chi \u00e8 l\u2019uomo, sulla sua posizione nella societ\u00e0 e sulla sua transitoriet\u00e0, instabilit\u00e0 e fragilit\u00e0 all\u2019interno del cosmo.<\/span><\/span><\/p>\n<p style=\"text-align: justify;\"><span style=\"font-size: 10pt;\"><span style=\"font-family: verdana,geneva;\">Un bisogno di libert\u00e0 e di ricerca di nuovi spazi e nuove avventure sono letti nelle diverse rappresentazioni, legate tutte da fili conduttori che marcano queste esigenze. Gli animali sono il simbolo di questo percorso.<\/span><\/span><\/p>\n<p style=\"text-align: justify;\"><span style=\"font-size: 10pt;\"><span style=\"font-family: verdana,geneva;\">La creativit\u00e0 della De Carlo si esprime nell\u2019impressionare la tela secondo l\u2019originale tecnica creativa dello \u201cSpecchio Corrotto\u201d, cos\u00ec denominata dall\u2019artista per esprimere il bisogno di ottenere la \u201crestituzione di un\u2019immagine, intenzionalmente illusa, che corrompe l\u2019originaria realt\u00e0, offrendo una nuova e suggestiva dimensione nella quale far immergere lo spettatore ed emozionarlo\u201d. Molto forte \u00e8 l\u2019<strong>intreccio tra il \u201cVero e il Non Vero\u201d, tra il \u201cNaturale e l\u2019Artificiale\u201d, tra \u201cl\u2019Esterno e l\u2019Interno\u201d,<\/strong> che ha l\u2019obiettivo di creare una nuova dimensione dove sentimenti ed emozioni dell\u2019artista vogliono far nascere, allo stesso modo, sentimenti e sensazioni di benessere nello spettatore.<\/span><\/span><\/p>\n<div style=\"text-align: justify;\"><span style=\"font-size: 10pt;\"><span style=\"font-family: verdana,geneva;\">Domenica 18 Aprile, in conclusione della mostra, tutta la cittadinanza \u00e8 invitata ad una <strong>esibizione musicale <\/strong>dei pi\u00f9 grandi successi italiani e stranieri.<\/span><\/span><\/div>\n","protected":false},"excerpt":{"rendered":"<div style=\"text-align: justify;\"><img loading=\"lazy\" decoding=\"async\" class=\" size-full wp-image-1837\" src=\"https:\/\/archivioturi.lavocedelpaese.info\/wp-content\/uploads\/2010\/04\/mostra.jpg\" alt=\"mostra\" width=\"320\" height=\"150\" srcset=\"https:\/\/archivioturi.lavocedelpaese.info\/wp-content\/uploads\/2010\/04\/mostra.jpg 640w, https:\/\/archivioturi.lavocedelpaese.info\/wp-content\/uploads\/2010\/04\/mostra-300x141.jpg 300w\" sizes=\"auto, (max-width: 320px) 100vw, 320px\" \/><\/div>\n","protected":false},"author":1,"featured_media":1837,"comment_status":"open","ping_status":"closed","sticky":false,"template":"","format":"standard","meta":{"colormag_page_container_layout":"default_layout","colormag_page_sidebar_layout":"default_layout","footnotes":""},"categories":[6],"tags":[],"class_list":["post-1838","post","type-post","status-publish","format-standard","has-post-thumbnail","hentry","category-cultura"],"_links":{"self":[{"href":"https:\/\/archivioturi.lavocedelpaese.info\/index.php\/wp-json\/wp\/v2\/posts\/1838","targetHints":{"allow":["GET"]}}],"collection":[{"href":"https:\/\/archivioturi.lavocedelpaese.info\/index.php\/wp-json\/wp\/v2\/posts"}],"about":[{"href":"https:\/\/archivioturi.lavocedelpaese.info\/index.php\/wp-json\/wp\/v2\/types\/post"}],"author":[{"embeddable":true,"href":"https:\/\/archivioturi.lavocedelpaese.info\/index.php\/wp-json\/wp\/v2\/users\/1"}],"replies":[{"embeddable":true,"href":"https:\/\/archivioturi.lavocedelpaese.info\/index.php\/wp-json\/wp\/v2\/comments?post=1838"}],"version-history":[{"count":0,"href":"https:\/\/archivioturi.lavocedelpaese.info\/index.php\/wp-json\/wp\/v2\/posts\/1838\/revisions"}],"wp:featuredmedia":[{"embeddable":true,"href":"https:\/\/archivioturi.lavocedelpaese.info\/index.php\/wp-json\/wp\/v2\/media\/1837"}],"wp:attachment":[{"href":"https:\/\/archivioturi.lavocedelpaese.info\/index.php\/wp-json\/wp\/v2\/media?parent=1838"}],"wp:term":[{"taxonomy":"category","embeddable":true,"href":"https:\/\/archivioturi.lavocedelpaese.info\/index.php\/wp-json\/wp\/v2\/categories?post=1838"},{"taxonomy":"post_tag","embeddable":true,"href":"https:\/\/archivioturi.lavocedelpaese.info\/index.php\/wp-json\/wp\/v2\/tags?post=1838"}],"curies":[{"name":"wp","href":"https:\/\/api.w.org\/{rel}","templated":true}]}}