{"id":18364,"date":"2021-05-10T09:17:07","date_gmt":"2021-05-10T09:17:07","guid":{"rendered":"https:\/\/archivioturi.lavocedelpaese.info\/index.php\/2021\/05\/10\/un-copia-e-incolla-senza-prospettive\/"},"modified":"2021-05-10T09:17:07","modified_gmt":"2021-05-10T09:17:07","slug":"un-copia-e-incolla-senza-prospettive","status":"publish","type":"post","link":"https:\/\/archivioturi.lavocedelpaese.info\/index.php\/2021\/05\/10\/un-copia-e-incolla-senza-prospettive\/","title":{"rendered":"\u201cUn copia e incolla senza prospettive\u201d"},"content":{"rendered":"<p><img loading=\"lazy\" decoding=\"async\" src=\"https:\/\/live.staticflickr.com\/65535\/51165350975_7ecba43ccd_n.jpg\" alt=\"f6\" width=\"320\" height=\"180\" \/><\/p>\n<p style=\"text-align: center;\"><strong>\u201cPatto per Turi\u201d sfiducia DUP e Bilancio di Previsione<\/strong><\/p>\n<p style=\"text-align: justify;\">Nell\u2019ultimo Consiglio comunale del 29 aprile, il gruppo \u201cPatto per Turi\u201d si \u00e8 espresso sfavorevolmente sia sul Documento Unico Programmatico che sul Bilancio di Previsione. Abbiamo approfondito le ragioni del voto contrario, raccogliendo le riflessioni del capogruppo Angelo Palmisano.<\/p>\n<p style=\"text-align: justify;\"><strong>DUP: ignorato il centro storico<\/strong><\/p>\n<p style=\"text-align: justify;\">\u00abIl Documento Unico Programmatico (DUP) \u2013 inizia Palmisano \u2013 risulta un \u201ccopia e incolla\u201d di quello dello scorso anno. In pi\u00f9, di molte progettualit\u00e0, sviscerate dalla maggioranza in Consiglio, non c\u2019\u00e8 traccia nella documentazione ufficiale\u00bb.<\/p>\n<p style=\"text-align: justify;\">\u00abTra le varie dissonanze presenti nel DUP \u2013 aggiunge \u2013 balza agli occhi la scelta dell\u2019Amministrazione di continuare ad ignorare completamente il centro storico. Ci aspettavamo che si gettassero le basi per avviare lo sviluppo delle attivit\u00e0 commerciali nel nostro borgo antico o per incentivarne il decoro con interventi che, con pochi soldi, avrebbero un grande impatto. Questo era il momento giusto: il Covid prima o poi finir\u00e0 e dovremo essere pronti a ripartire con idee e progettualit\u00e0 chiare\u00bb.<\/p>\n<p style=\"text-align: justify;\"><strong>Bilancio: \u201cRisorse risicate e congelate\u201d<\/strong><\/p>\n<p style=\"text-align: justify;\">\u00abNoi crediamo che il Bilancio di un Comune sia un documento di grande valore, poich\u00e9 descrive le risorse economico-finanziarie a disposizione dell\u2019Ente, dunque indica da dove provengono le entrate e come vengono spese. Alla luce della discussione consiliare \u2013 dichiara il capogruppo di \u201cPatto per Turi\u201d \u2013 anche quest\u2019anno non abbiamo visto alcuna prospettiva o programmazione coerente\u00bb.<\/p>\n<p style=\"text-align: justify;\">\u00abEmblematici \u2013 rimarca \u2013 sono i 10.000 euro per la manutenzione ordinaria delle strade extraurbane, assolutamente insufficienti viste le condizioni disastrose delle vie di campagna, e i 181.000 euro stanziati \u201cgenericamente\u201d per i lavori pubblici, soldi \u201ccongelati\u201d tra le spese in conto capitale che sicuramente non potranno essere utilizzati prima del prossimo anno\u00bb.<\/p>\n<p style=\"text-align: justify;\">\u00abA fronte delle risorse risicate \u2013 stigmatizza \u2013 non sono state prese in considerazione azioni semplici e prive di costi per l\u2019Ente, come ad esempio l\u2019ampliamento della rete idrico-fognaria, per cui sarebbe stato sufficiente presentare un progetto all\u2019attenzione di AQP che metterebbe a disposizione i fondi necessari\u00bb.<\/p>\n<p style=\"text-align: justify;\">\u00abUn appunto \u2013 continua \u2013 va fatto anche sulle tempistiche del parere del Revisore dei Conti: \u00e8 arrivato un giorno prima lo svolgimento dei lavori consiliari, il che contrasta con il regolamento comunale che impone il rilascio 25 giorni prima della sessione di Bilancio. Questa pecca, che non \u00e8 solo una formalit\u00e0, rischia di inficiare la regolarit\u00e0 di ogni atto approvato\u00bb.<\/p>\n<p style=\"text-align: justify;\"><strong>\u201cLa Corte dei Conti ci ha dato ragione\u201d<\/strong><\/p>\n<p style=\"text-align: justify;\">\u00abAltro aspetto rilevante \u2013 prosegue Palmisano \u2013 \u00e8 stata la comunicazione della Corte dei Conti, che ha allarmato la maggioranza, fino a spingere il consigliere Tiziana Di Bari a chiedere al Segretario comunale una pi\u00f9 attenta verifica dell\u2019operato dell\u2019Amministrazione, che deve essere in linea con le raccomandazioni ricevute.<\/p>\n<p style=\"text-align: justify;\">Per noi della minoranza, al contrario, questa nota non rappresenta una sorpresa: lo scorso anno, in fase di approvazione del rendiconto 2020, avevamo gi\u00e0 evidenziato le criticit\u00e0 riscontrate dai giudici contabili, tra cui la \u201cchiusura a zero\u201d del consuntivo e l\u2019annoso problema degli avanzi di gestione presenti in ordine sparso. Oggi la Corte dei Conti ci ha dato ragione: una magra consolazione che sottolinea la supponenza dell\u2019Amministrazione, incapace di accogliere i suggerimenti della minoranza\u00bb.<\/p>\n<p style=\"text-align: justify;\"><strong>\u201cUna kafkiana riunione di maggioranza\u201d<\/strong><\/p>\n<p style=\"text-align: justify;\">Tirando le somme sui lavori dell\u2019assise cittadina, Palmisano riflette: \u00abIl dato politico \u00e8 limpido: i consiglieri Onofrio Resta e Teresa De Carolis hanno contestato platealmente alcune lacune dell\u2019attivit\u00e0 amministrativa, costringendo l\u2019intera assise ad essere spettatrice di una kafkiana riunione di maggioranza piuttosto che di un Consiglio comunale. \u00c8 evidente che, quantomeno, ci sia un problema di scarsa comunicazione interna, non saprei se per mancanza di volont\u00e0 o per incompatibilit\u00e0\u00bb.<\/p>\n<p style=\"text-align: justify;\">\u00abSia chiaro \u2013 precisa \u2013 \u201cPatto per Turi\u201d condivide la presa di posizione dei consiglieri Resta e De Carolis; tuttavia, il Consiglio comunale non era il luogo indicato per questo tipo di sollecitazioni. Soprattutto se si considera che alla fine, dopo una serie di ammonimenti, i due consiglieri hanno votato a favore di ogni provvedimento, trasformando le assennate annotazioni in una perdita di tempo per i consiglieri e i cittadini che hanno assistito a questo teatrino\u00bb.<\/p>\n<p style=\"text-align: justify;\"><strong>Consiglio urgente sul Project: \u201cSi rispettino i tempi\u201d<\/strong><\/p>\n<p style=\"text-align: justify;\">\u00abIl 21 aprile abbiamo protocollato la richiesta di convocazione urgente di un Consiglio comunale sul Project Financing per l\u2019efficientamento della pubblica illuminazione. A sostegno delle nostre perplessit\u00e0 \u2013 anticipa Palmisano \u2013 abbiamo preparato una mozione in cui argomentiamo i motivi per cui la deliberazione numero 19 del 24 febbraio 2020 \u2013 con cui la Giunta ha approvato il progetto di fattibilit\u00e0 del project senza alcun passaggio in Consiglio \u2013 vada ritenuta illegittima e annullata in autotutela assieme a tutte le determinazioni gestionali conseguenti\u00bb.<\/p>\n<p style=\"text-align: justify;\">\u00abIl nostro obiettivo \u2013 chiarisce \u2013 \u00e8 riportare nella \u201ccasa della democrazia\u201d la discussione di un progetto che intende impegnare la comunit\u00e0 turese per i prossimi 20 anni: riteniamo che non sia sufficiente una decisione assunta dalla Giunta ma occorra coinvolgere il Consiglio cui, per legge, \u00e8 attribuita la competenza sulla concessione dei servizi pubblici, quale appunto la pubblica illuminazione\u00bb.<\/p>\n<p style=\"text-align: justify;\">\u00abSiamo certi \u2013 conclude \u2013 che la nostra istanza verr\u00e0 presa seriamente in considerazione, senza tergiversare e rispettando i termini del regolamento comunale che, ricordo a tutti noi, prevedono che l\u2019assise venga convocata entro 20 giorni dalla data della richiesta, dunque entro l\u201911 maggio\u00bb.<\/p>\n<p style=\"text-align: right;\"><strong>FD<\/strong><\/p>\n","protected":false},"excerpt":{"rendered":"<p><img loading=\"lazy\" decoding=\"async\" src=\"https:\/\/live.staticflickr.com\/65535\/51165350975_7ecba43ccd_n.jpg\" alt=\"f6\" width=\"320\" height=\"180\" \/><\/p>\n","protected":false},"author":1,"featured_media":0,"comment_status":"open","ping_status":"closed","sticky":false,"template":"","format":"standard","meta":{"colormag_page_container_layout":"default_layout","colormag_page_sidebar_layout":"default_layout","footnotes":""},"categories":[4],"tags":[],"class_list":["post-18364","post","type-post","status-publish","format-standard","hentry","category-politica"],"_links":{"self":[{"href":"https:\/\/archivioturi.lavocedelpaese.info\/index.php\/wp-json\/wp\/v2\/posts\/18364","targetHints":{"allow":["GET"]}}],"collection":[{"href":"https:\/\/archivioturi.lavocedelpaese.info\/index.php\/wp-json\/wp\/v2\/posts"}],"about":[{"href":"https:\/\/archivioturi.lavocedelpaese.info\/index.php\/wp-json\/wp\/v2\/types\/post"}],"author":[{"embeddable":true,"href":"https:\/\/archivioturi.lavocedelpaese.info\/index.php\/wp-json\/wp\/v2\/users\/1"}],"replies":[{"embeddable":true,"href":"https:\/\/archivioturi.lavocedelpaese.info\/index.php\/wp-json\/wp\/v2\/comments?post=18364"}],"version-history":[{"count":0,"href":"https:\/\/archivioturi.lavocedelpaese.info\/index.php\/wp-json\/wp\/v2\/posts\/18364\/revisions"}],"wp:attachment":[{"href":"https:\/\/archivioturi.lavocedelpaese.info\/index.php\/wp-json\/wp\/v2\/media?parent=18364"}],"wp:term":[{"taxonomy":"category","embeddable":true,"href":"https:\/\/archivioturi.lavocedelpaese.info\/index.php\/wp-json\/wp\/v2\/categories?post=18364"},{"taxonomy":"post_tag","embeddable":true,"href":"https:\/\/archivioturi.lavocedelpaese.info\/index.php\/wp-json\/wp\/v2\/tags?post=18364"}],"curies":[{"name":"wp","href":"https:\/\/api.w.org\/{rel}","templated":true}]}}