{"id":18363,"date":"2021-05-10T06:44:39","date_gmt":"2021-05-10T06:44:39","guid":{"rendered":"https:\/\/archivioturi.lavocedelpaese.info\/index.php\/2021\/05\/10\/ciliegie-tutti-ai-nastri-di-partenza\/"},"modified":"2021-05-10T06:44:39","modified_gmt":"2021-05-10T06:44:39","slug":"ciliegie-tutti-ai-nastri-di-partenza","status":"publish","type":"post","link":"https:\/\/archivioturi.lavocedelpaese.info\/index.php\/2021\/05\/10\/ciliegie-tutti-ai-nastri-di-partenza\/","title":{"rendered":"Ciliegie, tutti ai nastri di partenza"},"content":{"rendered":"<p><img loading=\"lazy\" decoding=\"async\" src=\"https:\/\/live.staticflickr.com\/65535\/51163580452_f44d25fc86_n.jpg\" alt=\"ciliegie 2021 (1)\" width=\"320\" height=\"240\" \/><\/p>\n<p style=\"text-align: center;\"><strong>Schivato il pericolo delle gelate, bisogna fare i conti con il \u201crischio Covid\u201d. L\u2019analisi di Tonio Palmisano<\/strong><\/p>\n<p style=\"text-align: justify;\">Tra un paio di giorni prender\u00e0 il via la nuova annata cerasicola: si inizier\u00e0 con la raccolta delle \u201cBigarreaux\u201d, per poi proseguire con la \u201cGiorgia\u201d e concludere la volata con la \u201cFerrovia\u201d, la regina delle ciliegie turesi sulla cui vendita sono riposte le speranze di gran parte dei produttori turesi.<\/p>\n<p><img loading=\"lazy\" decoding=\"async\" src=\"https:\/\/live.staticflickr.com\/65535\/51164488243_20f8f82cc1_n.jpg\" alt=\"ciliegie 2021 (2)\" style=\"margin: 6px; float: right;\" width=\"240\" height=\"320\" \/><\/p>\n<p style=\"text-align: justify;\">\u00abL\u2019annata \u2013 commenta l\u2019imprenditore agricolo Tonio Palmisano \u2013 si presenta con una buona produzione a livello quantitativo; anche nelle \u201czone fredde\u201d (Putignano &#8211; Gioia del Colle), dove le gelate avevano fatto temere il peggio, i danni sono stati contenuti\u00bb.<\/p>\n<p style=\"text-align: justify;\">\u00abContinuiamo a sperare che le condizioni meteorologiche non ci riservino tristi sorprese. Nel frattempo \u2013 aggiunge \u2013 faccio a tutti i cerasicoltori un grosso in bocca al lupo per questa annata, confidando nella protezione di Dio e del nostro Sant\u2019Oronzo\u00bb.<\/p>\n<p style=\"text-align: justify;\"><strong>Le ombre del Covid<\/strong><\/p>\n<p style=\"text-align: justify;\">Meteo a parte, il principale ostacolo per il nostro oro rosso si chiama Covid. \u00abL\u2019anno scorso, di questi tempi, avevamo pochi contagi; oggi non possiamo dire lo stesso. Fornire i dispositivi di protezione individuale (mascherine e guanti) \u00e8 diventata una routine ed \u00e8 il \u201cminore dei mali\u201d. Il vero problema \u2013 spiega Palmisano \u2013 \u00e8 che, se un operaio dovesse contrarre il virus, si rischia di bloccare l\u2019intera squadra per 15 giorni, il che vuol dire perdere l\u2019annata: abbiamo un paio di settimane di tempo per raccogliere ciascuna variet\u00e0, e mettere insieme una nuova squadra non \u00e8 affatto semplice\u00bb.<\/p>\n<p style=\"text-align: justify;\">\u00abSi scarica ogni responsabilit\u00e0 sui produttori che, al contrario, andrebbero tutelati. Le associazioni di categoria e la politica \u2013 sottolinea \u2013 dovrebbero prendere in seria considerazione il rischio di vedere andare in fumo il lavoro di un anno intero, studiando interventi pianificati e strutturali per sostenere il comparto. Gli imprenditori agricoli forniscono cibo, lavoro e fanno muovere un indotto non indifferente dell\u2019economia italiana, eppure sembra che non esistano\u00bb.<\/p>\n<p style=\"text-align: justify;\"><strong>Misure di sostegno ridicole<\/strong><\/p>\n<p style=\"text-align: justify;\">\u00abL\u2019anno scorso \u2013 prosegue Palmisano \u2013 il Governo ha previsto ristori a fondo perduto per le imprese che subivano una perdita del 30% del fatturato. Ci sono aziende che fatturavano 100.000 euro e, a causa della pandemia, ne hanno fatturati 40.000. Ebbene, il contributo che hanno ricevuto \u00e8 stato di appena 5.000 euro, una cifra ridicola che non consente all\u2019azienda di rialzarsi e guardare con fiducia al proprio futuro. Senza contare che, paradossalmente, l\u2019azienda che ha perso il 29,9% del fatturato \u00e8 esclusa da qualsiasi beneficio\u00bb.<\/p>\n<p style=\"text-align: justify;\">\u00abDir\u00f2 di pi\u00f9. Noi imprenditori saremmo anche pronti a rinunciare agli aiuti governativi ma devono darci la possibilit\u00e0 di interfacciarci con le banche per ottenere prestiti a tassi realmente agevolati, non con interessi intorno al 3% e con l\u2019obbligo di rientro in 72 mesi, un lasso di tempo troppo stretto visto che non sappiamo quando usciremo da questa pandemia e potremo riprendere il nostro lavoro a pieno regime\u00bb.<\/p>\n<p style=\"text-align: justify;\"><strong>L\u2019incoerenza del piano vaccinale<\/strong><\/p>\n<p style=\"text-align: justify;\">Anche sul fronte della pianificazione delle vaccinazioni, secondo l\u2019imprenditore Palmisano, si \u00e8 stati poco lungimiranti: \u00abDa profano, mi chiedo perch\u00e9 non si sia pensato di vaccinare subito i lavoratori stagionali. Parliamo di un flusso importante, nell\u2019ordine delle migliaia di persone, che si sposta da una regione all\u2019altra e che, potenzialmente, pu\u00f2 veicolare il virus, determinando un aumento dei contagi. Vaccinare questa categoria avrebbe voluto dire proteggere tutti: i cittadini, i lavoratori e le imprese\u00bb.<\/p>\n<p style=\"text-align: justify;\">\u00abVorrei pregare le associazioni di categoria e la classe politica di aprire quanto prima un tavolo di confronto in cui discutere con tutti i produttori, centrando il dibattito non sui sofismi ma sui problemi reali che ogni giorno dobbiamo affrontare; non sulle buone intenzioni ma sui rimedi concreti per liberare le aziende dai macchinosi vincoli della burocrazia, concepiti da chi non ha mai messo un piede in campagna. \u00c8 arrivato il momento \u2013 conclude \u2013 di staccare la spina alla \u201cpolitica dei proclami\u201d e mettere in campo strategie serie per evitare il collasso del sistema produttivo\u00bb.<\/p>\n<p style=\"text-align: right;\"><strong>Fabio D\u2019Aprile<\/strong><\/p>\n","protected":false},"excerpt":{"rendered":"<p><img loading=\"lazy\" decoding=\"async\" src=\"https:\/\/live.staticflickr.com\/65535\/51163580452_f44d25fc86_n.jpg\" alt=\"ciliegie 2021 (1)\" width=\"320\" height=\"240\" \/><\/p>\n","protected":false},"author":1,"featured_media":0,"comment_status":"open","ping_status":"closed","sticky":false,"template":"","format":"standard","meta":{"colormag_page_container_layout":"default_layout","colormag_page_sidebar_layout":"default_layout","footnotes":""},"categories":[7],"tags":[],"class_list":["post-18363","post","type-post","status-publish","format-standard","hentry","category-attualita"],"_links":{"self":[{"href":"https:\/\/archivioturi.lavocedelpaese.info\/index.php\/wp-json\/wp\/v2\/posts\/18363","targetHints":{"allow":["GET"]}}],"collection":[{"href":"https:\/\/archivioturi.lavocedelpaese.info\/index.php\/wp-json\/wp\/v2\/posts"}],"about":[{"href":"https:\/\/archivioturi.lavocedelpaese.info\/index.php\/wp-json\/wp\/v2\/types\/post"}],"author":[{"embeddable":true,"href":"https:\/\/archivioturi.lavocedelpaese.info\/index.php\/wp-json\/wp\/v2\/users\/1"}],"replies":[{"embeddable":true,"href":"https:\/\/archivioturi.lavocedelpaese.info\/index.php\/wp-json\/wp\/v2\/comments?post=18363"}],"version-history":[{"count":0,"href":"https:\/\/archivioturi.lavocedelpaese.info\/index.php\/wp-json\/wp\/v2\/posts\/18363\/revisions"}],"wp:attachment":[{"href":"https:\/\/archivioturi.lavocedelpaese.info\/index.php\/wp-json\/wp\/v2\/media?parent=18363"}],"wp:term":[{"taxonomy":"category","embeddable":true,"href":"https:\/\/archivioturi.lavocedelpaese.info\/index.php\/wp-json\/wp\/v2\/categories?post=18363"},{"taxonomy":"post_tag","embeddable":true,"href":"https:\/\/archivioturi.lavocedelpaese.info\/index.php\/wp-json\/wp\/v2\/tags?post=18363"}],"curies":[{"name":"wp","href":"https:\/\/api.w.org\/{rel}","templated":true}]}}