{"id":18358,"date":"2021-05-06T08:04:25","date_gmt":"2021-05-06T08:04:25","guid":{"rendered":"https:\/\/archivioturi.lavocedelpaese.info\/index.php\/2021\/05\/06\/apparecchi-elettronici-una-nuova-vita-per-i-loro-componenti\/"},"modified":"2021-05-06T08:04:25","modified_gmt":"2021-05-06T08:04:25","slug":"apparecchi-elettronici-una-nuova-vita-per-i-loro-componenti","status":"publish","type":"post","link":"https:\/\/archivioturi.lavocedelpaese.info\/index.php\/2021\/05\/06\/apparecchi-elettronici-una-nuova-vita-per-i-loro-componenti\/","title":{"rendered":"Apparecchi elettronici, una nuova vita per i loro componenti"},"content":{"rendered":"<p><img loading=\"lazy\" decoding=\"async\" src=\"https:\/\/live.staticflickr.com\/65535\/51150365255_899147c5e3_n.jpg\" alt=\"Giandavide De Marco\" width=\"320\" height=\"205\" \/><\/p>\n<p style=\"text-align: center;\"><strong>Il dott. Giandavide De Marco lancia un sondaggio sui social per un progetto portato avanti assieme ad alcuni colleghi di corso del Politecnico di Torino; \u00e8 l\u2019economia circolare il futuro in cui credere<\/strong><\/p>\n<p style=\"text-align: justify;\">Agli inizi del 2020, abbiamo avuto il piacere di intervistare Andrea De Marco, turese classe 2001, all\u2019epoca prossimo a concludere il suo percorso di studi presso l\u2019IISS \u201cLuigi Dell\u2019Erba\u201d di Castellana Grotte; in quell\u2019occasione ha raccontato la sua \u201csettimana fantascientifica\u201d trascorsa al CERN di Ginevra. A met\u00e0 novembre \u201919, lui ed un suo compagno di scuola sono stati infatti ospiti nel pi\u00f9 grande laboratorio al mondo di fisica delle particelle, in virt\u00f9 di una media scolastica che recitava per entrambi un\u2019eloquente 10 e, non da meno, grazie all\u2019impegno dei professori, desiderosi di premiare adeguatamente i loro studenti pi\u00f9 brillanti e diligenti.<\/p>\n<p style=\"text-align: justify;\">Un anno prima di intervistare Andrea, era finito sotto la nostra lente d\u2019ingrandimento il lavoro di tesi di suo fratello, Giandavide De Marco, classe \u201996, laureatosi il 20 febbraio 2019 in Ingegneria Gestionale con una tesi dal titolo \u201cControllo e supervisione avanzata dei processi produttivi\u201d. Lo studio di De Marco rientrava nella cornice dell\u2019Industria 4.0, ovverosia l\u2019industria che impiega sistemi cibernetici in quella che \u00e8 la Quarta Rivoluzione Industriale, ormai in atto da quasi dieci anni.<\/p>\n<p style=\"text-align: justify;\">\u00abL\u2019avvento dell\u2019Industria 4.0 coincide difatti con l\u2019arrivo di nuove e pi\u00f9 avanzate configurazioni di controllo, nonch\u00e9 con l\u2019affermarsi di una visione moderna del settore produttivo, da intendersi ormai basato sul binomio macchina-uomo: sostanzialmente dunque, in maniera simile a quanto avvenne nel passaggio dal controllo manuale a quello automatico, la Quarta Rivoluzione Industriale \u00e8 stata resa possibile dalla forte innovazione tecnologica degli ultimi anni, nonch\u00e9 dal pressing esercitato dalle richieste del mercato, il quale ha sub\u00ecto indubbiamente la Terza Rivoluzione, quella della globalizzazione e dell\u2019Internet. Tutta questa innovazione si traduce nell\u2019applicazione di robot e softwares sui sistemi di controllo e supervisione: ne sono un esempio la sensorizzazione ed il virtual commissioning, entrambi aspetti che ho approfondito nel mio studio al fine di capirne i vantaggi produttivi nell\u2019ambito dell\u2019Industria 4.0\u00bb \u2013 spiegava Giandavide De Marco.<\/p>\n<p style=\"text-align: justify;\"><strong>IL SONDAGGIO LANCIATO DA DE MARCO<\/strong><\/p>\n<p style=\"text-align: justify;\">Tornando al presente, il dott. Giandavide De Marco frequenta adesso il secondo anno della Laurea Magistrale in Ingegneria Gestionale \u2013 Indirizzo Logistica presso il Politecnico di Torino. Il nostro concittadino, assieme ad altri 5 colleghi di corso, compone un team attualmente impegnato in un project work di cui stiamo per parlarvi e del quale siamo venuti a conoscenza grazie ad un sondaggio pubblicato sui social dallo stesso De Marco: \u00abStiamo conducendo un\u2019indagine sulla vita degli apparecchi elettronici, per studiare un sistema che permetta di dare nuova vita ai componenti che li costituiscono. Ti saremmo grati se compilassi il questionario (all\u2019incirca 2 minuti) e ti chiediamo di diffonderlo il pi\u00f9 possibile. Grazie per l\u2019aiuto!\u00bb. Il team si compone di Giandavide De Marco, Piervito Lofano (\u201997), Riccardo Pampalone (\u201997), Dario Zappal\u00e0 (\u201996), Francesca Peschechera (\u201997), Raffaella Menelao (\u201997).<\/p>\n<p style=\"text-align: justify;\"><strong>PARTIRE DALLA FINE\u2026<\/strong><\/p>\n<p style=\"text-align: justify;\"><strong>Entrando nel merito, potresti parlarci di questo progetto?<\/strong><\/p>\n<p style=\"text-align: justify;\">\u00abIl progetto nasce da una materia caratterizzante il nostro percorso di studi ovvero SUPPLY CHAIN MANAGEMENT che fornisce una serie di nozioni dettagliate su com\u2019\u00e8 costituita una intera catena di fornitori: dai produttori di materie prime fino ai retailers finali (rivenditori al dettaglio), nonch\u00e9 tutte le connessioni presenti tra di essi che permettono il raggiungimento degli obiettivi aziendali, migliorando l\u2019efficacia e l\u2019efficienza dei servizi e business dei diversi attori presenti nella filiera. Oltre ad un esame finale che sosterremo e al project work che stiamo attualmente portando avanti, a noi studenti \u00e8 stato richiesto di sviluppare un business game simulato, che abbiamo gi\u00e0 svolto e durante il quale il nostro gruppo, scisso in due sottogruppi, si \u00e8 classificato a podio (uno primo e uno terzo)\u00bb.<\/p>\n<p style=\"text-align: justify;\"><strong>Qual \u00e8 la problematica affrontata nel vostro progetto?<\/strong><\/p>\n<p style=\"text-align: justify;\">\u00abIl nostro project work ha come oggetto lo studio di uno o pi\u00f9 servizi logistici innovativi. Il termine \u201clogistico\u201d \u2013 precisa De Marco &#8211; \u00e8 da intendersi in senso ampio, con riferimento alla fornitura di prodotti o servizi tra due o pi\u00f9 soggetti economici, inclusi eventualmente i servizi di trasporto di persone. Come da comando dei professori, il servizio logistico innovativo scelto come oggetto di studio dai diversi gruppi di lavoro deve garantire il soddisfacimento di una necessit\u00e0 di mercato esistente e ad oggi non completamente esaurita. In questo senso, \u00e8 possibile apportare un\u2019innovazione ad un servizio gi\u00e0 esistente ma non ancora consolidato su larga scala. Noi abbiamo scelto di affrontare un problema legato alla sostenibilit\u00e0 ambientale sempre pi\u00f9 importante nelle nostre vite ed anche, fortunatamente, nelle nostre materie di studio. A seguito di un brainstorming interno al nostro gruppo, si \u00e8 deciso di \u201cpartire dalla fine\u201d ed effettuare una \u201creverse logistic\u201d, sfruttando quello che \u00e8 il concetto di economia circolare, ovvero dare una ciclicit\u00e0 al prodotto. Ci\u00f2 \u00e8 possibile comprendendo in un servizio anche la fase di smaltimento del prodotto a fine utilizzo; aspetto, questo, che non \u00e8 contemplato dall\u2019economia lineare. Quest\u2019ultima si fonda su tre fasi: sfruttamento delle risorse, produzione e consumo. L\u2019economia circolare, invece, grazie ad uno smaltimento che diventa riciclo, permette il perpetuarsi delle tre fasi, nonch\u00e9 il riutilizzo\u00bb.<\/p>\n<p style=\"text-align: justify;\"><strong>RECUPERO, STOCCAGGIO E RICICLO<\/strong><\/p>\n<p style=\"text-align: justify;\">\u00abIl progetto consiste quindi nell\u2019implementare una catena logistica che parta dal recupero di dispositivi dismessi, presenti in quasi tutte le nostre abitazioni, stoccarli in un hub centrale e successivamente effettuare un check della merce per riuscire a recuperare materiale da poter utilizzare per riparazioni (come prodotto riciclato) e materiale metallico pi\u00f9 o meno pregiato presente nei chip e nelle schede dei nostri dispositivi. Effettuando delle ricerche, siamo venuti a conoscenza di un impianto pilota sviluppato da dei ricercatori Enea che permette di recuperare materiali preziosi dai RAEE (rifiuti da apparecchiature elettriche ed elettroniche) con una resa del 95% nell\u2019estrazione di oro, argento, platino, palladio, rame, stagno e piombo. La nostra intenzione \u00e8 quello di inserire questo impianto pilota nella nostra catena logistica ed implementare un sistema di stoccaggio e vendita a clienti esterni che, in questo modo, sfrutterebbero tali risorse come materie prime o, quantomeno, come materiale per i loro processi produttivi. Contemporaneamente, implementando una rete di raccolta estesa sul territorio italiano (anche avvalendoci di partnership commerciali con retailers mondiali, ad es. Mediaworld, che ci permetterebbero di avere una presenza pi\u00f9 capillare sul territorio), c\u2019\u00e8 da parte nostra l\u2019intenzione di fornire un servizio di manutenzione dei dispositivi elettronici. Grazie ad una pi\u00f9 efficiente rete di fornitura, ci auguriamo di essere competitivi, nei tempi e nei costi, rispetto a negozi specializzati o multinazionali che da tempo offrono tale servizio\u00bb.<\/p>\n<p style=\"text-align: justify;\"><strong>ECONOMIA CIRCOLARE: IL FUTURO IN CUI CREDERE<\/strong><\/p>\n<p style=\"text-align: justify;\"><strong>Qual \u00e8 lo scopo del sondaggio?<\/strong><\/p>\n<p style=\"text-align: justify;\">\u00abLo abbiamo realizzato per cercare di capire cosa ne pensa la gente di queste tematiche. Le domande che abbiamo posto ci aiuteranno a perfezionare alcuni iter e nodi dell\u2019intera catena di fornitura. Il sondaggio \u00e8 accessibile a tutti ed \u00e8 molto breve. In buona sostanza, ci permette di capire quanto questa idea sia innovativa\u00bb.<\/p>\n<p style=\"text-align: justify;\"><strong>Considerazioni conclusive?<\/strong><\/p>\n<p style=\"text-align: justify;\">\u00abIl tema dell\u2019economia circolare prende sempre pi\u00f9 piede e sono sicuro che sar\u00e0 affrontato in molti ambiti dalla scuola, in tutti i suoi livelli, dalle associazioni e dalle istituzioni. Ovviamente per permettere, anche a livello economico, un corretto e sostenibile sviluppo ed un\u2019implementazione di queste economie, c\u2019\u00e8 bisogno di preparazione ed investimenti dedicati. Ci auguriamo che la sostenibilit\u00e0 diventi una priorit\u00e0 per le persone e per le imprese\u00bb.<\/p>\n<p style=\"text-align: right;\"><strong>LEONARDO FLORIO<\/strong><\/p>\n","protected":false},"excerpt":{"rendered":"<p><img loading=\"lazy\" decoding=\"async\" src=\"https:\/\/live.staticflickr.com\/65535\/51150365255_899147c5e3_n.jpg\" alt=\"Giandavide De Marco\" width=\"320\" height=\"205\" \/><\/p>\n","protected":false},"author":1,"featured_media":0,"comment_status":"open","ping_status":"closed","sticky":false,"template":"","format":"standard","meta":{"colormag_page_container_layout":"default_layout","colormag_page_sidebar_layout":"default_layout","footnotes":""},"categories":[6],"tags":[],"class_list":["post-18358","post","type-post","status-publish","format-standard","hentry","category-cultura"],"_links":{"self":[{"href":"https:\/\/archivioturi.lavocedelpaese.info\/index.php\/wp-json\/wp\/v2\/posts\/18358","targetHints":{"allow":["GET"]}}],"collection":[{"href":"https:\/\/archivioturi.lavocedelpaese.info\/index.php\/wp-json\/wp\/v2\/posts"}],"about":[{"href":"https:\/\/archivioturi.lavocedelpaese.info\/index.php\/wp-json\/wp\/v2\/types\/post"}],"author":[{"embeddable":true,"href":"https:\/\/archivioturi.lavocedelpaese.info\/index.php\/wp-json\/wp\/v2\/users\/1"}],"replies":[{"embeddable":true,"href":"https:\/\/archivioturi.lavocedelpaese.info\/index.php\/wp-json\/wp\/v2\/comments?post=18358"}],"version-history":[{"count":0,"href":"https:\/\/archivioturi.lavocedelpaese.info\/index.php\/wp-json\/wp\/v2\/posts\/18358\/revisions"}],"wp:attachment":[{"href":"https:\/\/archivioturi.lavocedelpaese.info\/index.php\/wp-json\/wp\/v2\/media?parent=18358"}],"wp:term":[{"taxonomy":"category","embeddable":true,"href":"https:\/\/archivioturi.lavocedelpaese.info\/index.php\/wp-json\/wp\/v2\/categories?post=18358"},{"taxonomy":"post_tag","embeddable":true,"href":"https:\/\/archivioturi.lavocedelpaese.info\/index.php\/wp-json\/wp\/v2\/tags?post=18358"}],"curies":[{"name":"wp","href":"https:\/\/api.w.org\/{rel}","templated":true}]}}