{"id":18347,"date":"2021-05-02T07:09:30","date_gmt":"2021-05-02T07:09:30","guid":{"rendered":"https:\/\/archivioturi.lavocedelpaese.info\/index.php\/2021\/05\/02\/25-aprile-unoccasione-per-migliorarci\/"},"modified":"2021-05-02T07:09:30","modified_gmt":"2021-05-02T07:09:30","slug":"25-aprile-unoccasione-per-migliorarci","status":"publish","type":"post","link":"https:\/\/archivioturi.lavocedelpaese.info\/index.php\/2021\/05\/02\/25-aprile-unoccasione-per-migliorarci\/","title":{"rendered":"25 aprile, \u201cUn\u2019occasione per migliorarci\u201d"},"content":{"rendered":"<p><img loading=\"lazy\" decoding=\"async\" src=\"https:\/\/live.staticflickr.com\/65535\/51149192341_6f9d8d8469_n.jpg\" alt=\"25 aprile 2021 (2)\" width=\"320\" height=\"207\" \/><\/p>\n<p style=\"text-align: justify;\">\u201cPer un momento di memoria vera bastano anche il fiore deposto, il gesto grato, lo scorcio di muro, la fotografia, il portone, la lapide, il cippo, la breve sosta silenziosa. Basta un minuto per sentire che oggi \u00e8 il 25 aprile\u201d. Questa la citazione scelta dal sindaco Tina Resta per riassumere il significato della celebrazione della Festa della Liberazione, la seconda dall\u2019inizio della pandemia, in \u201ctono minore\u201d e con i volti \u201cimprigionati\u201d nelle mascherine.<\/p>\n<p style=\"text-align: justify;\">Come da protocollo, il corteo delle autorit\u00e0 civili, militari e religiose si \u00e8 riunito davanti a Palazzo di citt\u00e0 e ha sfilato lungo via Maggiore Orlandi, preceduto dagli agenti della Polizia Locale, dai volontari della Protezione Civile e dai labari imbracciati dai rappresentati delle sezioni locali delle Associazioni Nazionali dell\u2019Aereonautica, dei Bersaglieri, dei Combattenti e dei Finanzieri. Presente anche l\u2019Ufficiale di Croce Rossa Militare, Giuseppe Capurso, in rappresentanza dell\u2019Area Sud Provincia di Bari.<\/p>\n<p style=\"text-align: center;\"><strong>\u201cUno sprone a interrogarci sul senso di comunit\u00e0\u201d<\/strong><\/p>\n<p><img loading=\"lazy\" decoding=\"async\" src=\"https:\/\/live.staticflickr.com\/65535\/51149972379_899129bb8b_n.jpg\" alt=\"25 aprile 2021 (5)\" style=\"margin: 6px; float: right;\" width=\"320\" height=\"213\" \/><\/p>\n<p style=\"text-align: justify;\">Raggiunto il Monumento ai Caduti, il primo cittadino ha omaggiato la corona deposta ai piedi della statua dedicata ai turesi che hanno donato la propria vita per realizzare il sogno di un\u2019Italia libera, soffermandosi sul \u00absenso della gratitudine, che si esprime anche nei piccoli dettagli che, per vari motivi, non riusciamo pi\u00f9 a cogliere\u00bb e sul valore della memoria, \u00abnon come arido esercizio mnemonico di date e luoghi, ma come ricerca dei fatti e delle ragioni che hanno mosso una generazione a sacrificarsi eroicamente\u00bb.<\/p>\n<p style=\"text-align: justify;\">\u00abIl monumento del milite ignoto \u2013 asserisce il primo cittadino \u2013 rappresenta per Turi e per tutta l\u2019Italia un simbolo che ci deve spingere a riflettere, a migliorarci e a trovare forme di insegnamento etico, valoriale e comportamentale. Questo \u00e8 il senso del 25 aprile, una giornata voluta da De Gasperi per ricordare la Liberazione dell\u2019Italia, che io voglio onorare assieme a tutte le persone che hanno contribuito con la loro vita\u00bb.<\/p>\n<p style=\"text-align: justify;\">\u00abIl 25 aprile \u2013 prosegue \u2013 non deve diventare una \u201cgiornata dell\u2019abitudine\u201d o una commemorazione di rito; deve essere uno sprone a interrogarci sul \u201csenso di comunit\u00e0\u201d che rischiamo di smarrire al pari del rispetto della divisa. Le Forze dell\u2019Ordine costituiscono un baluardo essenziale della nostra sicurezza e dei nostri valori; per questo ringrazio tutti coloro che hanno indossato e indossano la divisa: senza di loro saremmo persi\u00bb.<\/p>\n<p style=\"text-align: justify;\">\u00abStiamo vivendo un periodo di battaglie, diverse eppur simili a quelle che abbiamo studiato sui libri di storia; una \u201cguerra\u201d che sta spezzando molte vite umane e che siamo fiduciosi di vincere il prima possibile. In questo momento storico \u2013 chiosa \u2013 la Liberazione assume molti significati, tra cui quello della \u201crinascita\u201d che auguro a tutta la mia comunit\u00e0\u00bb.<\/p>\n<p style=\"text-align: center;\"><strong>\u201cLa libert\u00e0 ci affranca dagli od\u00ee e dalle discriminazioni\u201d<\/strong><\/p>\n<p><img loading=\"lazy\" decoding=\"async\" src=\"https:\/\/live.staticflickr.com\/65535\/51148513697_52fc19c47b_n.jpg\" alt=\"25 aprile 2021 (6)\" style=\"margin: 6px; float: left;\" width=\"320\" height=\"213\" \/><\/p>\n<p style=\"text-align: justify;\">Dopo l\u2019intervento del sindaco, la parola passa all\u2019arciprete don Giovanni Amodio: \u00abQuesto \u00e8 un momento di grande mestizia, di grande riflessione sulle persone che hanno dato la vita per l\u2019ideale della libert\u00e0. Quella libert\u00e0 che oggi agogniamo e di cui abbiamo compreso il valore solo quando ci \u00e8 stata tolta in un batter d\u2019occhio\u00bb.<\/p>\n<p style=\"text-align: justify;\">\u00abCi uniamo in questo sentimento di riflessione e chiediamo a tutti di collaborare, di essere attenti e rispettosi, di seguire tutte le norme che ci porteranno a riottenere la libert\u00e0. Quella libert\u00e0 per cui si sono battuti e sono caduti i nostri avi che non \u00e8 fare ci\u00f2 che vogliamo ma affrancarsi dagli od\u00ee, dai conflitti, dalle discriminazioni. La libert\u00e0 \u00e8 bella perch\u00e9 mette insieme persone con differenti idee, mentalit\u00e0 e culto\u00bb.<\/p>\n<p style=\"text-align: justify;\">\u00abDopo la deposizione della corona, primo dovere, andavamo a compiere un altro momento di gioia alla cappellina di San Rocco: il \u201cPassa passa\u201d. Quest\u2019anno non ci sar\u00e0: un altro anno senza il calore delle relazioni; perch\u00e9 il \u201cPassa passa\u201d \u00e8 la festa delle relazioni, del padrino e della madrina che accompagnano i bambini in questa preghiera alla Madonna\u00bb.<\/p>\n<p style=\"text-align: justify;\">Se il rito festoso del \u201cPassa passa\u201d si \u00e8 dovuto rimandare a tempi migliori, non si \u00e8 persa l\u2019occasione per onorare l\u2019Annunziata con una santa messa, durante la quale don Giovanni ha impartito la benedizione a tutti i bambi, idealmente presenti in Chiesa Madre.<\/p>\n<p style=\"text-align: right;\"><em><strong>Foto Antonio Gasparro<\/strong><\/em><\/p>\n<p><strong>Clicca sulla foto in basso per vedere la fotogallery<\/strong><\/p>\n<p><a data-flickr-embed=\"true\" href=\"https:\/\/www.flickr.com\/photos\/91470992@N02\/albums\/72157719065178799\" title=\"25 aprile 2021\"><img loading=\"lazy\" decoding=\"async\" src=\"https:\/\/live.staticflickr.com\/65535\/51150293650_bd68994314_z.jpg\" alt=\"25 aprile 2021\" style=\"display: block; margin-left: auto; margin-right: auto;\" width=\"640\" height=\"480\" \/><\/a><\/p>\n","protected":false},"excerpt":{"rendered":"<p><img loading=\"lazy\" decoding=\"async\" src=\"https:\/\/live.staticflickr.com\/65535\/51149192341_6f9d8d8469_n.jpg\" alt=\"25 aprile 2021 (2)\" width=\"320\" height=\"207\" \/><\/p>\n","protected":false},"author":1,"featured_media":0,"comment_status":"open","ping_status":"closed","sticky":false,"template":"","format":"standard","meta":{"colormag_page_container_layout":"default_layout","colormag_page_sidebar_layout":"default_layout","footnotes":""},"categories":[6],"tags":[],"class_list":["post-18347","post","type-post","status-publish","format-standard","hentry","category-cultura"],"_links":{"self":[{"href":"https:\/\/archivioturi.lavocedelpaese.info\/index.php\/wp-json\/wp\/v2\/posts\/18347","targetHints":{"allow":["GET"]}}],"collection":[{"href":"https:\/\/archivioturi.lavocedelpaese.info\/index.php\/wp-json\/wp\/v2\/posts"}],"about":[{"href":"https:\/\/archivioturi.lavocedelpaese.info\/index.php\/wp-json\/wp\/v2\/types\/post"}],"author":[{"embeddable":true,"href":"https:\/\/archivioturi.lavocedelpaese.info\/index.php\/wp-json\/wp\/v2\/users\/1"}],"replies":[{"embeddable":true,"href":"https:\/\/archivioturi.lavocedelpaese.info\/index.php\/wp-json\/wp\/v2\/comments?post=18347"}],"version-history":[{"count":0,"href":"https:\/\/archivioturi.lavocedelpaese.info\/index.php\/wp-json\/wp\/v2\/posts\/18347\/revisions"}],"wp:attachment":[{"href":"https:\/\/archivioturi.lavocedelpaese.info\/index.php\/wp-json\/wp\/v2\/media?parent=18347"}],"wp:term":[{"taxonomy":"category","embeddable":true,"href":"https:\/\/archivioturi.lavocedelpaese.info\/index.php\/wp-json\/wp\/v2\/categories?post=18347"},{"taxonomy":"post_tag","embeddable":true,"href":"https:\/\/archivioturi.lavocedelpaese.info\/index.php\/wp-json\/wp\/v2\/tags?post=18347"}],"curies":[{"name":"wp","href":"https:\/\/api.w.org\/{rel}","templated":true}]}}