{"id":18343,"date":"2021-04-29T06:31:30","date_gmt":"2021-04-29T06:31:30","guid":{"rendered":"https:\/\/archivioturi.lavocedelpaese.info\/index.php\/2021\/04\/29\/la-polizia-locale-cambia-sede\/"},"modified":"2021-04-29T06:31:30","modified_gmt":"2021-04-29T06:31:30","slug":"la-polizia-locale-cambia-sede","status":"publish","type":"post","link":"https:\/\/archivioturi.lavocedelpaese.info\/index.php\/2021\/04\/29\/la-polizia-locale-cambia-sede\/","title":{"rendered":"La Polizia Locale cambia sede"},"content":{"rendered":"<p><img loading=\"lazy\" decoding=\"async\" src=\"https:\/\/live.staticflickr.com\/65535\/51134114431_90dc29ca7c_n.jpg\" alt=\"La nuova sede temporanea\" width=\"320\" height=\"202\" \/><\/p>\n<p style=\"text-align: center;\"><strong>Il consigliere De Florio: \u201cFinalmente gli agenti potranno lavorare in ambienti consoni e dignitosi\u201d<\/strong><\/p>\n<p style=\"text-align: justify;\">Si stanno ultimando in questi giorni le operazioni di trasloco del Comando della Polizia Locale che si trasferisce temporaneamente nel complesso scolastico \u201cResta &#8211; De Donato Giannini\u201d, precisamente al piano terra della struttura adibita a scuola media, con ingresso da Via Tenente Vitantonio Notarnicola.<\/p>\n<p><img loading=\"lazy\" decoding=\"async\" src=\"https:\/\/live.staticflickr.com\/65535\/51133445167_5bc19dfc0e_n.jpg\" alt=\"Teresita De Florio\" style=\"margin: 6px; float: left;\" width=\"224\" height=\"320\" \/><\/p>\n<p style=\"text-align: justify;\">\u00abQuesto trasferimento \u2013 precisa la dott.ssa Teresita De Florio, consigliere delegato alla Polizia Locale \u2013 non nasce da un capriccio ma da una necessit\u00e0: da anni era stata rappresentata alle varie amministrazioni l\u2019insalubrit\u00e0 dei locali che ospitavano il Comando, evidenziando come la precariet\u00e0 degli ambienti esponeva a gravi rischi la salute degli agenti. Era nostro dovere trovare una soluzione, soprattutto in questo periodo di emergenza sanitaria che impone al personale di stazionare molte ore all\u2019interno degli uffici per adempiere alle proprie funzioni istituzionali\u00bb.<\/p>\n<p style=\"text-align: center;\"><strong>Uno \u201cspreco\u201d trasformato in risorsa<\/strong><\/p>\n<p style=\"text-align: justify;\">La soluzione \u00e8 arrivata ed ha il merito di rimediare ad uno spreco che andava avanti da oltre 4 anni. Ricordiamo, infatti, che il piano terra della scuola media, ristrutturato con fondi comunali e regionali, a partire dal 2016 viene destinato a Centro Polivalente per disabili. L\u2019Ambito Territoriale, gi\u00e0 dal 2014, ne affida la gestione decennale al Centro Meridionale Riabilitativo, una srl con sede in provincia di Matera. Tuttavia, dopo alcuni mesi, le attivit\u00e0 previste dal contratto vengono interrotte \u201ca causa di carenza di utenti interessati al servizio\u201d. E da quel momento non sono mai riprese. Dopo aver chiesto vani chiarimenti all\u2019Ufficio di Piano sullo stato del progetto, la Giunta, piuttosto che continuare ad avere una \u2018struttura fantasma\u2019, in deroga al vincolo di destinazione, ha deciso di assegnare in via provvisoria ed eccezionale quei locali alla Polizia Locale.<\/p>\n<p style=\"text-align: center;\"><strong>\u201cSi respira entusiasmo\u201d<\/strong><\/p>\n<p style=\"text-align: justify;\">Prima di rivolgere le nostre domande, il consigliere De Florio e il Comandante Raffaele Campanella ci hanno consentito di visitare la nuova sede provvisoria. Inutile dire che il \u201csalto di qualit\u00e0\u201d \u00e8 incommensurabile, come traspare dal commento della dott.ssa De Florio, che condividiamo appieno: \u00abSi respira molto entusiasmo: dopo anni di sacrifici, gli agenti potranno finalmente lavorare in ambienti consoni che, sono certa, saranno di stimolo per una migliore operativit\u00e0. Finora sono stati costretti a fare i conti con spazi che, oltre ad essere insalubri, erano angusti, tant\u2019\u00e8 che una postazione veniva condivisa da pi\u00f9 agenti, cosa che mal si conciliava con il particolare momento storico in cui la distanza interpersonale \u00e8 imperativa. La nuova sede, al contrario, si presenta molto pi\u00f9 luminosa e accogliente, con due ingressi separati rigorosamente privi di barriere architettoniche, uno riservato agli utenti e uno al personale. Ogni agente ha la propria postazione attrezzata, si \u00e8 creato un ambiente separato per l\u2019Ufficio SUAP e ci sono spazi congrui per l\u2019archivio delle pratiche\u00bb.<\/p>\n<p style=\"text-align: justify;\">\u00abSiamo grati all\u2019Amministrazione per essere intervenuta e aver risolto l\u2019annoso problema. La nuova sede \u2013 aggiunge il Comandante Campanella \u2013 permetter\u00e0 di rendere pi\u00f9 efficiente il nostro lavoro. In primis, abbiamo un parcheggio interno e non dovremo pi\u00f9 sprecare tempo per recuperare i mezzi di servizio, che venivano custoditi nell\u2019area dell\u2019ex mattatoio comunale di Largo Pozzi. In secondo luogo, siamo a due passi dalla scuola, il che ci permette di assolvere al servizio di viabilit\u00e0 con tempestivit\u00e0\u00bb.<\/p>\n<p style=\"text-align: justify;\"><strong>Il trasferimento era previsto per la fine di dicembre. A cosa \u00e8 dovuto il ritardo?<\/strong><\/p>\n<p style=\"text-align: justify;\">\u00abLe operazioni di trasferimento sono state ritardate da alcuni problemi di connettivit\u00e0 tra la nuova sede provvisoria e il Palazzo Municipale. La rete risultava estremamente lenta, tanto da inficiare l\u2019operativit\u00e0 del Comando, creando una paralisi dell\u2019attivit\u00e0 amministrativa\u00bb.<\/p>\n<p><img loading=\"lazy\" decoding=\"async\" src=\"https:\/\/live.staticflickr.com\/65535\/51133484517_b114b0f60e_w.jpg\" alt=\"comando pl piazza XX Settembre\" style=\"margin: 6px; float: right;\" width=\"225\" height=\"400\" \/><\/p>\n<p style=\"text-align: justify;\"><strong>Quanto durer\u00e0 questa ubicazione provvisoria?<\/strong><\/p>\n<p style=\"text-align: justify;\">\u00ab\u00c8 difficile ipotizzare una scadenza poich\u00e9 i locali della sede storica della Polizia Locale necessitano di importanti opere di risanamento, essendo interessati da un problema di umidit\u00e0, molto probabilmente riveniente dalla presenza di cisterne sotterranee.<\/p>\n<p style=\"text-align: justify;\">Occorre elaborare un progetto serio per attuare un intervento risolutivo; tra l\u2019altro, \u00e8 intenzione dell\u2019Amministrazione riqualificare tutto il piano terra del Palazzo Municipale, ridistribuendo gli spazi in modo che, oltre ad accogliere in maniera degna il Comando della Polizia Locale e l\u2019Ufficio Anagrafe, possa trovare la giusta collocazione anche l\u2019Ufficio dei Servizi Sociali, conseguendo un risparmio rispetto alle spese che attualmente vengono sostenute per la sede distaccata presso la Biblioteca Comunale\u00bb.<\/p>\n<p style=\"text-align: justify;\"><strong>\u00c8 stato obiettato che la nuova sede \u00e8 troppo periferica rispetto al cuore del paese. Perch\u00e9 non avete valutato di utilizzare la struttura dell&#8217;ex Cinema Zaccheo?<\/strong><\/p>\n<p style=\"text-align: justify;\">\u00abIn verit\u00e0, la sede provvisoria \u00e8 a due passi dalla scuola che, a mio parere, dovrebbe essere considerata il vero cuore del paese. Ad ogni modo, il monitoraggio del territorio non risentir\u00e0 della nuova ubicazione del Comando, anzi sar\u00e0 agevolato: abbiamo allestito una centrale operativa da cui sar\u00e0 possibile visionare in tempo reale i filmati trasmessi dalle videocamere di sorveglianza, recentemente installate nei punti nevralgici del paese.<\/p>\n<p style=\"text-align: justify;\">Quanto alla struttura dell\u2019ex Cinema Zaccheo, non \u00e8 stata presa in considerazione poich\u00e9 la cooperativa assegnataria avvier\u00e0 le proprie attivit\u00e0 nell\u2019arco di un paio di mesi, prendendo possesso dell\u2019immobile che, ricordo, \u00e8 vincolato per 5 anni a finalit\u00e0 socio-assistenziali. Al di l\u00e0 di questo, sarebbe stato uno spreco: la struttura, dislocata su tre piani, \u00e8 stata organizzata in vari mini-appartamenti, ciascuno dotato di servizi sanitari, spazi relax comuni e un\u2019immensa cucina con annesso deposito e garage interrato. Capite bene che sarebbe risultata sproporzionata per le esigenze del Comando.<\/p>\n<p style=\"text-align: justify;\"><strong>Avete valutato altre opzioni?<\/strong><\/p>\n<p style=\"text-align: justify;\">\u00abCerto. In un primo momento si era pensato alla Biblioteca Comunale ma, dopo vari sopralluoghi, abbiamo scartato questa ipotesi per via dei corposi lavori indispensabili per renderla conforme agli standard richiesti.<\/p>\n<p style=\"text-align: justify;\">Un\u2019altra opzione che abbiamo ponderato \u00e8 stata quella di ricorrere alla locazione di un immobile privato, in particolare avevamo individuato un palazzo in via Maggiore Orlandi. Tuttavia, questa strada avrebbe comportato, solo per il canone di locazione, un costo annuo di circa 15.000 euro. Inoltre, visto che il privato doveva eseguire alcuni interventi di adeguamento, chiedeva all\u2019Ente di assicurare il rapporto di locazione per un periodo da 5 a 10 anni. Pur comprendendo le logiche del privato, che ragiona nell\u2019ottica di ammortizzare le proprie spese, abbiamo ritenuto impensabile investire migliaia di euro di soldi pubblici senza che ci fosse un concreto beneficio per la comunit\u00e0. Confrontandomi con il sindaco, si \u00e8 convenuto di trovare un immobile di propriet\u00e0 comunale, cosicch\u00e9 ogni risorsa impiegata sarebbe stata un investimento sul patrimonio dell\u2019Ente che, un domani, rester\u00e0 a disposizione della cittadinanza\u00bb.<\/p>\n<p style=\"text-align: justify;\"><strong>Accennava all\u2019installazione delle nuove videocamere di sorveglianza. Pu\u00f2 darci qualche dettaglio?<\/strong><\/p>\n<p style=\"text-align: justify;\">\u00abA fine 2019, ci siamo aggiudicati un finanziamento regionale di 70.000 euro, volto alla realizzazione di un sistema integrato di videosorveglianza. Abbiamo impiegato le risorse per acquistare e installare 15 telecamere posizionate in sette postazioni: Piazza Silvio Orlandi, Via XX Settembre, Largo Pozzi, Villa Comunale \u201cAldo Moro\u201d, Largo San Giovanni, Piazza Sandro Pertini e Largo Marchesale.<\/p>\n<p style=\"text-align: justify;\">Al momento i lavori sono fermi: per alimentare le videocamere occorre collegarle alla rete elettrica comunale e siamo in attesa dell\u2019intervento dell\u2019Enel, cui abbiamo fatto richiesta di attivare il contatore gi\u00e0 presente a Largo Pozzi e di installarne uno nuovo a Largo Marchesale. Non appena Enel far\u00e0 la propria parte, si ripartir\u00e0 speditamente e, sicuramente, per l\u2019estate saremo operativi.<\/p>\n<p style=\"text-align: justify;\">Aggiungo che, entro giugno, andr\u00e0 in porto anche il progetto \u201cSmart City\u201d, che permetter\u00e0 di ammodernare l\u2019illuminazione del centro storico, installando parallelamente un sistema avanzato di videosorveglianza\u00bb.<\/p>\n<p style=\"text-align: center;\"><strong>Nessun \u201cgrande fratello\u201d<\/strong><\/p>\n<p style=\"text-align: justify;\">\u00abPremesso che chi si comporta correttamente non ha nulla da temere \u2013 riflette il consigliere prima di congedarci \u2013 i tre progetti di videosorveglianza non vogliono creare un\u2019atmosfera da \u201cgrande fratello\u201d di orwelliana suggestione. Non si ha intenzione di \u201cspiare\u201d o controllare ma di dare ai cittadini una maggiore sensazione di sicurezza. I filmati verranno visionati solo dal personale della Polizia Locale, come supporto per ricostruire le dinamiche di eventuali reati.<\/p>\n<p style=\"text-align: justify;\">\u00c8 innegabile che le videocamere svolgono un ruolo deterrente contro atteggiamenti incivili e costituiscono uno strumento indispensabile per la prevenzione degli atti vandalici e dei fenomeni di degrado, come l\u2019odiosa prassi dell\u2019abbandono dei rifiuti che, ogni anno, fa ricadere sull\u2019intera comunit\u00e0 inutili costi aggiuntivi\u00bb.<\/p>\n<p style=\"text-align: right;\"><strong>Fabio D\u2019Aprile<\/strong><\/p>\n","protected":false},"excerpt":{"rendered":"<p><img loading=\"lazy\" decoding=\"async\" src=\"https:\/\/live.staticflickr.com\/65535\/51134114431_90dc29ca7c_n.jpg\" alt=\"La nuova sede temporanea\" width=\"320\" height=\"202\" \/><\/p>\n","protected":false},"author":1,"featured_media":0,"comment_status":"open","ping_status":"closed","sticky":false,"template":"","format":"standard","meta":{"colormag_page_container_layout":"default_layout","colormag_page_sidebar_layout":"default_layout","footnotes":""},"categories":[7],"tags":[],"class_list":["post-18343","post","type-post","status-publish","format-standard","hentry","category-attualita"],"_links":{"self":[{"href":"https:\/\/archivioturi.lavocedelpaese.info\/index.php\/wp-json\/wp\/v2\/posts\/18343","targetHints":{"allow":["GET"]}}],"collection":[{"href":"https:\/\/archivioturi.lavocedelpaese.info\/index.php\/wp-json\/wp\/v2\/posts"}],"about":[{"href":"https:\/\/archivioturi.lavocedelpaese.info\/index.php\/wp-json\/wp\/v2\/types\/post"}],"author":[{"embeddable":true,"href":"https:\/\/archivioturi.lavocedelpaese.info\/index.php\/wp-json\/wp\/v2\/users\/1"}],"replies":[{"embeddable":true,"href":"https:\/\/archivioturi.lavocedelpaese.info\/index.php\/wp-json\/wp\/v2\/comments?post=18343"}],"version-history":[{"count":0,"href":"https:\/\/archivioturi.lavocedelpaese.info\/index.php\/wp-json\/wp\/v2\/posts\/18343\/revisions"}],"wp:attachment":[{"href":"https:\/\/archivioturi.lavocedelpaese.info\/index.php\/wp-json\/wp\/v2\/media?parent=18343"}],"wp:term":[{"taxonomy":"category","embeddable":true,"href":"https:\/\/archivioturi.lavocedelpaese.info\/index.php\/wp-json\/wp\/v2\/categories?post=18343"},{"taxonomy":"post_tag","embeddable":true,"href":"https:\/\/archivioturi.lavocedelpaese.info\/index.php\/wp-json\/wp\/v2\/tags?post=18343"}],"curies":[{"name":"wp","href":"https:\/\/api.w.org\/{rel}","templated":true}]}}