{"id":18322,"date":"2021-04-21T09:07:24","date_gmt":"2021-04-21T09:07:24","guid":{"rendered":"https:\/\/archivioturi.lavocedelpaese.info\/index.php\/2021\/04\/21\/didattica-a-distanza-unodissea-senza-fine\/"},"modified":"2021-04-21T09:07:24","modified_gmt":"2021-04-21T09:07:24","slug":"didattica-a-distanza-unodissea-senza-fine","status":"publish","type":"post","link":"https:\/\/archivioturi.lavocedelpaese.info\/index.php\/2021\/04\/21\/didattica-a-distanza-unodissea-senza-fine\/","title":{"rendered":"Didattica a distanza, un\u2019odissea senza fine"},"content":{"rendered":"<p><img loading=\"lazy\" decoding=\"async\" src=\"https:\/\/live.staticflickr.com\/65535\/51120904785_0aa0f77774_n.jpg\" alt=\"Comprensivo Turi\" width=\"320\" height=\"210\" \/><\/p>\n<p style=\"text-align: center;\"><strong>I problemi di connessione non sono ancora stati risolti. I genitori chiedono risposte alla Dirigente e al sindaco<\/strong><\/p>\n<p style=\"text-align: justify;\">Circa il 50% degli alunni dell\u2019Istituto Comprensivo \u201cResta &#8211; De Donato Giannini\u201d ha deciso di continuare a seguire le lezioni da remoto. Questa \u00e8 la stima \u2013 sicuramente approssimativa, dal momento che non ci sono comunicazioni ufficiali in merito \u2013 all\u2019indomani dell\u2019ultima Ordinanza del Ministero della Salute, che ha disposto il rientro in classe per gli alunni della Scuola Primaria e delle classi prime della Scuola Secondaria di Primo Grado (la Scuola Media), prevedendo, al contempo, l\u2019obbligo di assicurare \u201cla didattica digitale integrata a favore di tutti gli alunni le cui famiglie richiedano espressamente di adottarla\u201d.<\/p>\n<p style=\"text-align: justify;\">Sebbene la scelta della didattica integrata a distanza (DID) sia un diritto, ribadito anche dall\u2019Ordinanza regionale del 4 aprile, a Turi si fa ancora fatica a rendere questa opzione realmente fruibile. Alcuni mesi fa, ci siamo occupati dei disagi vissuti dagli studenti che abitano in zone del paese non ancora servite da una linea telefonica; oggi ritorniamo sul tema facendoci portavoce dei genitori degli alunni della Scuola Primaria, che ci hanno contattato per evidenziare le criticit\u00e0 della connessione che si riscontrano quotidianamente.<\/p>\n<p style=\"text-align: justify;\"><strong>La denuncia dei genitori<\/strong><\/p>\n<p style=\"text-align: justify;\">\u00abNei giorni in cui siamo \u201cfortunati\u201d \u2013 ci confidano \u2013 si riescono a seguire due o tre ore di lezione, seppure a singhiozzo; quando va male, dopo mille tentativi, la lezione \u201csalta\u201d, vanificando gli sforzi degli insegnanti, e si passa direttamente ad assegnare i compiti per il giorno dopo. I problemi di connessione, inoltre, creano inevitabilmente un senso di frustrazione nei genitori e nei bambini, costretti a fissare lo schermo del computer in attesa che la lezione inizi\u00bb.<\/p>\n<p style=\"text-align: justify;\">\u00abNell\u2019ambito dell\u2019autonomia organizzativa \u2013 rimarcano i genitori \u2013 spetta alla scuola garantire le infrastrutture necessarie a fruire correttamente della didattica integrata a distanza, adottando le implementazioni tecnologiche necessarie a superare tempestivamente qualsiasi inconveniente. Tuttavia, nonostante abbiamo comunicato le nostre difficolt\u00e0 fin dall\u2019inizio dell\u2019anno scolastico, ad oggi non \u00e8 mai giunta alcuna risposta\u00bb.<\/p>\n<p style=\"text-align: justify;\">Un silenzio che ha costretto i genitori degli alunni di 18 classi a scrivere formalmente alla Dirigente scolastica e al sindaco Resta, sollecitando, ognuno per la propria parte di competenza, a prendere a cuore la situazione e a trovare una soluzione in tempi congrui. \u00abLa pessima condizione della connessione internet \u2013 chiosano i genitori \u2013 di fatto condiziona la nostra libert\u00e0 di scegliere se mandare o meno a scuola i nostri figli; una scelta non facile visto che siamo chiamati ad assumerci una lunga serie di responsabilit\u00e0 a fronte di un\u2019organizzazione delle misure di prevenzione dei contagi che, in alcuni casi, \u00e8 risultata farraginosa sul fronte comunicativo\u00bb.<\/p>\n<p style=\"text-align: justify;\"><strong>Verso una possibile soluzione<\/strong><\/p>\n<p style=\"text-align: justify;\">Il cuore della vicenda, per quanto abbiamo potuto appurare, va rintracciato nel fatto che i quattro padiglioni dell\u2019Istituto Comprensivo dispongono di una sola linea telefonica, allacciata nel plesso della Scuola Media, cui si devono appoggiare le connessioni internet degli altri tre padiglioni, che ospitano le classi della Scuola Primaria.<\/p>\n<p style=\"text-align: justify;\">Un ostacolo strutturale che l\u2019Amministrazione ha iniziato ad affrontare con la determinazione del Settore Lavori Pubblici, datata 30 dicembre 2020, che ha affidato alla societ\u00e0 Wind Tre il compito di attivare tre nuove linee telefoniche. Nel provvedimento si prende atto della necessit\u00e0 di \u201campliare la banda di connettivit\u00e0, cos\u00ec come espressamente richiesto pi\u00f9 volte dalla Dirigente dell&#8217;Istituto Comprensivo\u201d, poich\u00e9 la scuola non \u00e8 dotata di un servizio capace di assicurare \u201cuna connessione internet stabile, veloce ed affidabile, che consenta agli alunni di essere collegati contemporaneamente alla rete durante lo svolgimento delle lezioni\u201d.<\/p>\n<p style=\"text-align: justify;\">\u00abApprezziamo l\u2019indirizzo dell\u2019Amministrazione. Forse \u2013 obiettano i genitori \u2013 si sarebbe potuto agire prima, magari durante il periodo estivo, in modo che i nostri bambini potessero iniziare l\u2019anno scolastico serenamente. Ora \u2013 concludono \u2013 speriamo in una generosa risposta da parte della Scuola, destinataria di un finanziamento ministeriale di circa 7.000 euro, stanziato appositamente per il potenziamento della rete internet\u00bb.<\/p>\n<p style=\"text-align: right;\"><strong>Fabio D\u2019Aprile<\/strong><\/p>\n","protected":false},"excerpt":{"rendered":"<p><img loading=\"lazy\" decoding=\"async\" src=\"https:\/\/live.staticflickr.com\/65535\/51120904785_0aa0f77774_n.jpg\" alt=\"Comprensivo Turi\" width=\"320\" height=\"210\" \/><\/p>\n","protected":false},"author":1,"featured_media":0,"comment_status":"open","ping_status":"closed","sticky":false,"template":"","format":"standard","meta":{"colormag_page_container_layout":"default_layout","colormag_page_sidebar_layout":"default_layout","footnotes":""},"categories":[7],"tags":[],"class_list":["post-18322","post","type-post","status-publish","format-standard","hentry","category-attualita"],"_links":{"self":[{"href":"https:\/\/archivioturi.lavocedelpaese.info\/index.php\/wp-json\/wp\/v2\/posts\/18322","targetHints":{"allow":["GET"]}}],"collection":[{"href":"https:\/\/archivioturi.lavocedelpaese.info\/index.php\/wp-json\/wp\/v2\/posts"}],"about":[{"href":"https:\/\/archivioturi.lavocedelpaese.info\/index.php\/wp-json\/wp\/v2\/types\/post"}],"author":[{"embeddable":true,"href":"https:\/\/archivioturi.lavocedelpaese.info\/index.php\/wp-json\/wp\/v2\/users\/1"}],"replies":[{"embeddable":true,"href":"https:\/\/archivioturi.lavocedelpaese.info\/index.php\/wp-json\/wp\/v2\/comments?post=18322"}],"version-history":[{"count":0,"href":"https:\/\/archivioturi.lavocedelpaese.info\/index.php\/wp-json\/wp\/v2\/posts\/18322\/revisions"}],"wp:attachment":[{"href":"https:\/\/archivioturi.lavocedelpaese.info\/index.php\/wp-json\/wp\/v2\/media?parent=18322"}],"wp:term":[{"taxonomy":"category","embeddable":true,"href":"https:\/\/archivioturi.lavocedelpaese.info\/index.php\/wp-json\/wp\/v2\/categories?post=18322"},{"taxonomy":"post_tag","embeddable":true,"href":"https:\/\/archivioturi.lavocedelpaese.info\/index.php\/wp-json\/wp\/v2\/tags?post=18322"}],"curies":[{"name":"wp","href":"https:\/\/api.w.org\/{rel}","templated":true}]}}