{"id":18313,"date":"2021-04-18T06:45:38","date_gmt":"2021-04-18T06:45:38","guid":{"rendered":"https:\/\/archivioturi.lavocedelpaese.info\/index.php\/2021\/04\/18\/non-e-possibile\/"},"modified":"2021-04-18T06:45:38","modified_gmt":"2021-04-18T06:45:38","slug":"non-e-possibile","status":"publish","type":"post","link":"https:\/\/archivioturi.lavocedelpaese.info\/index.php\/2021\/04\/18\/non-e-possibile\/","title":{"rendered":"\u201cNon \u00e8 possibile\u201d"},"content":{"rendered":"<p><img loading=\"lazy\" decoding=\"async\" src=\"https:\/\/live.staticflickr.com\/65535\/51119486157_3f9860c7cd_n.jpg\" alt=\"comitato centro storico\" width=\"253\" height=\"320\" \/><\/p>\n<p style=\"text-align: center;\"><strong>Il Comitato Borgo Antico risponde a \u201cPatto per Turi\u201d: nessuna polemica becera e pretestuosa<\/strong><\/p>\n<p style=\"text-align: justify;\">Due settimane fa, documentavamo il dissenso del gruppo consigliare \u201cPatto per Turi\u201d sulle riserve avanzate in un comunicato stampa dal \u201cComitato per la Salvaguardia e la Promozione del Borgo Antico di Turi\u201d in merito alla votazione relativa ai Regolamenti sui nuovi canoni per l\u2019occupazione degli spazi pubblici.<\/p>\n<p style=\"text-align: justify;\">Oggi, il Comitato ci invia una nuova nota \u2013 che vi proponiamo di seguito \u2013 in cui ritorna a chiarire il significato e l\u2019obiettivo della propria contestazione.<\/p>\n<p style=\"text-align: center;\"><strong>***<\/strong><\/p>\n<p style=\"text-align: justify;\">\u00abNon \u00e8 possibile pensare di dire la verit\u00e0 e invece essere accusati di fare polemica becera e pretestuosa. Verit\u00e0 e polemica sono due poli contrapposti, incapaci di dialogare, frantumati e frastornati, per\u00f2 attorno ad un unico oggetto: il voto in Consiglio comunale del 25 marzo c.a. sui regolamenti relativi al Canone Unico Patrimoniale e al Canone Unico di concessione dei Mercati.<\/p>\n<p style=\"text-align: justify;\">Come spesso accade, come vero sport nazionale, spesso si fa in modo che chi ascolta (o chi legge) non deve capire qual \u00e8 la verit\u00e0, come stanno le cose, come sono andati veramente i fatti. Cos\u00ec succede in questi giorni a proposito del vaccino anticovid (funziona per alcuni, non funziona per altri), cos\u00ec \u00e8 stato per il covid (\u00e8 pericoloso e letale, \u00e8 una semplice influenza).<\/p>\n<p style=\"text-align: justify;\">Ebbene, nel comunicato apparso sugli organi di stampa locali, il Comitato per la Salvaguardia e la Promozione del Borgo Antico di Turi ha stigmatizzato il comportamento dell\u2019ultimo Consiglio comunale di Turi che, con voto unanime (salvo il voto contrario di un consigliere), ha approvato due regolamenti che di fatto attribuiscono a tutto il Centro Storico un \u201calto valore\u201d, senza fare alcuna distinzione tra vie e piazze ubicate nelle diverse parti del nostro paese. Questo \u00e8 fuori discussione (almeno crediamo). \u00c8 avvenuto. Nessuno lo pu\u00f2 negare (speriamo).<\/p>\n<p style=\"text-align: justify;\">A sostegno del nostro rammarico, c\u2019era la convinzione che si trattava di un\u2019occasione che tutto il Consiglio comunale avrebbe colto per lanciare un segnale, il primo, di particolare attenzione per le sorti della zona \u201cA1\u201d del Centro Storico, il Borgo Antico, prevedendo opportuni sgravi o esoneri, al fine difendere le pochissime attivit\u00e0 commerciali esistenti e, nel contempo, favorire nuovi investimenti. Era un segnale che avremmo gradito ci fosse, una vera questione di principio e di sensibilit\u00e0, poco importa se in ballo ci sono pochi euro o se la maggiorazione approvata ricade su poche attivit\u00e0 esistenti. Equiparare Via Sedile, piazza Chiesa o Piazza Cap. Colapietro a Via XX Settembre, a Via Santa Maria Assunta o a Largo Pozzi a noi \u00e8 sembrato errato oltre che ingiusto.<\/p>\n<p style=\"text-align: justify;\">Dicendo ci\u00f2, forse abbiamo esposto i fatti fondandoli su pretesti, privi di effettivi argomenti (= pretestuoso), e per di pi\u00f9 con modi chiassosi e volgari (= becero). A noi non sembra. Eravamo, e siamo sempre convinti che il paese ha bisogno di segnali positivi, anche in tempo di pandemia e nell\u2019attesa della prossima ripartenza.<\/p>\n<p style=\"text-align: justify;\">Ma, presi dal feroce dubbio di non capire come vanno le cose nell\u2019amministrazione della cosa pubblica, abbiamo chiesto umilmente di conoscere le ragioni che hanno spinto l\u2019intero Consiglio comunale ad approvare i due regolamenti incriminati. Bastava che i vari capigruppo ci facessero dono di un audio messaggio o video messaggio, di quelli che solitamente abbondano nelle pagine dei social, adoperati per ogni circostanza. Invece, solo Angelo Palmisano, a nome di Patto per Turi, ha fatto sentire la sua voce; dagli altri attori, silenzio assoluto. Non ci interessa capire cosa c\u2019\u00e8 sotto, perch\u00e9 solo una parte del Consiglio risponde, e perch\u00e9 un attacco cos\u00ec diretto (oltre che immotivato nei termini usati). Non ci interessa capire ma \u00e8 fin troppo facile intuire. Ma non \u00e8 questo il punto.<\/p>\n<p style=\"text-align: justify;\">Finora abbiamo dimostrato di voler collaborare, proponendo modifiche ai vari Regolamenti Comunali, perch\u00e9 abbiamo a cuore le sorti del nostro Borgo Antico: vogliamo contribuire a risollevarlo dallo stato comatoso in cui si trova da decenni, con tutte le nostre forze e idee.<\/p>\n<p style=\"text-align: justify;\">Polemiche sterili o attacchi inutili non ci interessano perch\u00e9 ci deviano dal vero obiettivo che ci siamo preposti di raggiungere. Siamo pronti a collaborare con chiunque, senza preclusioni e al di l\u00e0 delle appartenenze ideologiche o partitiche, perch\u00e9 crediamo in ci\u00f2 che diceva papa Giovanni XXIII: \u201cParlate di ci\u00f2 che vi unisce, supererete ci\u00f2 che vi divide\u201d.<\/p>\n<p style=\"text-align: justify;\">Riteniamo che il Borgo Antico, come tutto il nostro paese, unisca tutti i turesi; su questa base possiamo costruire qualcosa di buono, superando steccati, formalismi e incomprensioni\u00bb.<\/p>\n","protected":false},"excerpt":{"rendered":"<p><img loading=\"lazy\" decoding=\"async\" src=\"https:\/\/live.staticflickr.com\/65535\/51119486157_3f9860c7cd_n.jpg\" alt=\"comitato centro storico\" width=\"253\" height=\"320\" \/><\/p>\n","protected":false},"author":1,"featured_media":0,"comment_status":"open","ping_status":"closed","sticky":false,"template":"","format":"standard","meta":{"colormag_page_container_layout":"default_layout","colormag_page_sidebar_layout":"default_layout","footnotes":""},"categories":[7],"tags":[],"class_list":["post-18313","post","type-post","status-publish","format-standard","hentry","category-attualita"],"_links":{"self":[{"href":"https:\/\/archivioturi.lavocedelpaese.info\/index.php\/wp-json\/wp\/v2\/posts\/18313","targetHints":{"allow":["GET"]}}],"collection":[{"href":"https:\/\/archivioturi.lavocedelpaese.info\/index.php\/wp-json\/wp\/v2\/posts"}],"about":[{"href":"https:\/\/archivioturi.lavocedelpaese.info\/index.php\/wp-json\/wp\/v2\/types\/post"}],"author":[{"embeddable":true,"href":"https:\/\/archivioturi.lavocedelpaese.info\/index.php\/wp-json\/wp\/v2\/users\/1"}],"replies":[{"embeddable":true,"href":"https:\/\/archivioturi.lavocedelpaese.info\/index.php\/wp-json\/wp\/v2\/comments?post=18313"}],"version-history":[{"count":0,"href":"https:\/\/archivioturi.lavocedelpaese.info\/index.php\/wp-json\/wp\/v2\/posts\/18313\/revisions"}],"wp:attachment":[{"href":"https:\/\/archivioturi.lavocedelpaese.info\/index.php\/wp-json\/wp\/v2\/media?parent=18313"}],"wp:term":[{"taxonomy":"category","embeddable":true,"href":"https:\/\/archivioturi.lavocedelpaese.info\/index.php\/wp-json\/wp\/v2\/categories?post=18313"},{"taxonomy":"post_tag","embeddable":true,"href":"https:\/\/archivioturi.lavocedelpaese.info\/index.php\/wp-json\/wp\/v2\/tags?post=18313"}],"curies":[{"name":"wp","href":"https:\/\/api.w.org\/{rel}","templated":true}]}}