{"id":18300,"date":"2021-04-12T13:02:22","date_gmt":"2021-04-12T13:02:22","guid":{"rendered":"https:\/\/archivioturi.lavocedelpaese.info\/index.php\/2021\/04\/12\/una-piazza-per-mons-vito-ingellis\/"},"modified":"2021-04-12T13:02:22","modified_gmt":"2021-04-12T13:02:22","slug":"una-piazza-per-mons-vito-ingellis","status":"publish","type":"post","link":"https:\/\/archivioturi.lavocedelpaese.info\/index.php\/2021\/04\/12\/una-piazza-per-mons-vito-ingellis\/","title":{"rendered":"Una piazza per Mons. Vito Ingellis"},"content":{"rendered":"<p><img loading=\"lazy\" decoding=\"async\" src=\"https:\/\/live.staticflickr.com\/65535\/51105917706_99e85c3ba0_n.jpg\" alt=\"don vito ingellis\" width=\"225\" height=\"320\" \/><\/p>\n<p style=\"text-align: center;\"><strong>La proposta di Stefano de Carolis per onorare \u201cl\u2019illustre turese\u201d a dieci anni dalla sua scomparsa<\/strong><\/p>\n<p style=\"text-align: justify;\">Stefano de Carolis, giornalista e cultore di storia locale, ha inviato all\u2019attenzione del sindaco Tina Resta la proposta di intitolare una strada o una piazza a Mons. Vito Ingellis, \u00abillustre turese, deceduto dieci anni addietro (27.10.2011); un uomo che con il suo carisma e gran magistero ha dato lustro al nostro paese\u00bb.<\/p>\n<p style=\"text-align: justify;\">\u00abDon Vito Ingellis \u2013 afferma de Carolis \u2013 \u00e8 stato un sacerdote con un curriculum vitae di tutto rispetto. Nato a Turi il 7 luglio 1922, venne ordinato il 29 luglio 1946, all\u2019indomani della conclusione del secondo conflitto mondiale, che, assieme ai suoi compagni di seminario, visse drammaticamente nel pontificio seminario di Molfetta. Il 7 dicembre 1954, dopo la ricostruzione e la riapertura al culto della chiesa di Santa Chiara, ne divenne primo parroco, incarico che ricopr\u00ec fino al 1\u00b0 luglio 1965, ovvero fino alla sua nomina Pontificia ad Arciprete (come stabilito nel vecchio Codice di Diritto canonico dell&#8217;epoca) e all\u2019assegnazione della parrocchia \u201cSanta Maria Assunta\u201d. Guid\u00f2 la Chiesa Matrice di Turi sino al 12 ottobre 2001, quando dovette lasciare l\u2019arcipretura per raggiunti limiti di et\u00e0. Negli ultimi anni della sua vita, il Vescovo Mons. Padovano, gli affid\u00f2 la direzione spirituale di Santa Chiara, nonch\u00e9 quella della Confraternita del Purgatorio\u00bb.<\/p>\n<p style=\"text-align: justify;\">\u00abFine conoscitore delle vicende storiche turesi \u2013 continua de Carolis \u2013 Don Vito narr\u00f2 con intensa semplicit\u00e0 il passato glorioso della nostra cittadina. Storico, poeta, narratore, innamorato di Turi, fond\u00f2 il periodico \u201cTuri Chiesa Madre\u201d, che cur\u00f2 personalmente per oltre vent\u2019anni, realizzando una vera e propria \u201cOpera Omnia\u201d della vita civile e religiosa del nostro paese, consegnando ai posteri un prezioso scrigno di notizie, racconti, narrazioni e poesie\u00bb.<\/p>\n<p style=\"text-align: justify;\">\u00abInsignito del \u201cPremio Turi\u201d \u2013 ricorda \u2013 vinse vari premi letterari, rendendo famosa la nostra cittadina con il racconto \u201cFilippo, spara!\u201d, che gli valse il primo premio \u201cRoma&#8221; nella categoria narrativa. Fu inoltre insignito del titolo di Cavaliere al Merito della Repubblica dal Presidente Giovanni Leone. Infine, San Giovanni Paolo II lo nomin\u00f2 prelato domestico di Sua Santit\u00e0, con il titolo di Monsignore\u00bb.<\/p>\n<p style=\"text-align: justify;\">\u00abUna persona dotata di gran carisma \u2013 conclude de Carolis \u2013 che amava il suo paese e che, a dieci anni dalla sua dipartita, \u00e8 ben ricordato con riconoscenza da tutti i suoi concittadini\u00bb.<\/p>\n<p style=\"text-align: right;\"><strong>FD<\/strong><\/p>\n","protected":false},"excerpt":{"rendered":"<p><img loading=\"lazy\" decoding=\"async\" src=\"https:\/\/live.staticflickr.com\/65535\/51105917706_99e85c3ba0_n.jpg\" alt=\"don vito ingellis\" width=\"225\" height=\"320\" \/><\/p>\n","protected":false},"author":1,"featured_media":0,"comment_status":"open","ping_status":"closed","sticky":false,"template":"","format":"standard","meta":{"colormag_page_container_layout":"default_layout","colormag_page_sidebar_layout":"default_layout","footnotes":""},"categories":[6],"tags":[],"class_list":["post-18300","post","type-post","status-publish","format-standard","hentry","category-cultura"],"_links":{"self":[{"href":"https:\/\/archivioturi.lavocedelpaese.info\/index.php\/wp-json\/wp\/v2\/posts\/18300","targetHints":{"allow":["GET"]}}],"collection":[{"href":"https:\/\/archivioturi.lavocedelpaese.info\/index.php\/wp-json\/wp\/v2\/posts"}],"about":[{"href":"https:\/\/archivioturi.lavocedelpaese.info\/index.php\/wp-json\/wp\/v2\/types\/post"}],"author":[{"embeddable":true,"href":"https:\/\/archivioturi.lavocedelpaese.info\/index.php\/wp-json\/wp\/v2\/users\/1"}],"replies":[{"embeddable":true,"href":"https:\/\/archivioturi.lavocedelpaese.info\/index.php\/wp-json\/wp\/v2\/comments?post=18300"}],"version-history":[{"count":0,"href":"https:\/\/archivioturi.lavocedelpaese.info\/index.php\/wp-json\/wp\/v2\/posts\/18300\/revisions"}],"wp:attachment":[{"href":"https:\/\/archivioturi.lavocedelpaese.info\/index.php\/wp-json\/wp\/v2\/media?parent=18300"}],"wp:term":[{"taxonomy":"category","embeddable":true,"href":"https:\/\/archivioturi.lavocedelpaese.info\/index.php\/wp-json\/wp\/v2\/categories?post=18300"},{"taxonomy":"post_tag","embeddable":true,"href":"https:\/\/archivioturi.lavocedelpaese.info\/index.php\/wp-json\/wp\/v2\/tags?post=18300"}],"curies":[{"name":"wp","href":"https:\/\/api.w.org\/{rel}","templated":true}]}}