{"id":18290,"date":"2021-04-08T06:24:05","date_gmt":"2021-04-08T06:24:05","guid":{"rendered":"https:\/\/archivioturi.lavocedelpaese.info\/index.php\/2021\/04\/08\/vaccini-e-santi-in-paradiso\/"},"modified":"2021-04-08T06:24:05","modified_gmt":"2021-04-08T06:24:05","slug":"vaccini-e-santi-in-paradiso","status":"publish","type":"post","link":"https:\/\/archivioturi.lavocedelpaese.info\/index.php\/2021\/04\/08\/vaccini-e-santi-in-paradiso\/","title":{"rendered":"Vaccini e \u201csanti in paradiso\u201d"},"content":{"rendered":"<p><img loading=\"lazy\" decoding=\"async\" src=\"https:\/\/live.staticflickr.com\/65535\/51091557655_046af2d02f_n.jpg\" alt=\"cc9\" width=\"320\" height=\"224\" \/><\/p>\n<p style=\"text-align: center;\"><strong>Il consigliere Zaccheo: \u201cRisposte vaghe, attender\u00f2 che sia la magistratura a fare chiarezza\u201d<\/strong><\/p>\n<p style=\"text-align: justify;\">Nel finale dell\u2019assise del 25 marzo sono giunte le risposte alle tre interrogazioni presentate alcuni mesi fa dal consigliere Giannalisa Zaccheo.<\/p>\n<p style=\"text-align: justify;\">La prima chiedeva al sindaco Tina Resta di fare chiarezza sull\u2019increscioso episodio che ha segnato l\u2019inizio della campagna vaccinale anti-Covid a Turi. Il riferimento \u00e8 al post \u2013 apparso su Facebook il 17 gennaio 2020 e poi rimosso \u2013 in cui due farmaciste ringraziavano l\u2019assessore Fabio Topputi per aver fornito \u201cindicazioni\u201d utili a ricevere la prima dose del vaccino.<\/p>\n<p style=\"text-align: justify;\">\u00abSull\u2019argomento \u2013 afferma il consigliere Zaccheo \u2013 ho avuto risposte abbastanza vaghe: l\u2019assessore Topputi ha ribadito la sua buona fede, spiegando che si \u00e8 limitato a fornire un indirizzo mail. Di chi? Non \u00e8 dato saperlo\u00bb.<\/p>\n<p style=\"text-align: justify;\">\u00abNon ho voluto rincarare la dose \u2013 aggiunge \u2013 poich\u00e9 \u00e8 in corso un\u2019inchiesta della Procura della Repubblica di Bari, coordinata dal pm Baldo Pisani, che far\u00e0 chiarezza su quanti hanno ricevuto il vaccino pur non avendone diritto. Secondo le informazioni trapelate sugli organi di stampa, Turi sarebbe tra i Comuni finiti sotto la lente d\u2019ingrandimento dell\u2019attivit\u00e0 inquirente; aspetter\u00f2, dunque, che sia la magistratura a fornire risposte pi\u00f9 chiare di quelle ricevute in Consiglio\u00bb.<\/p>\n<p style=\"text-align: justify;\">\u00abAd ogni modo \u2013 precisa \u2013 questo episodio \u201copaco\u201d non poteva passare inosservato: si parla di farmaci salvavita e non pu\u00f2 esserci neanche l\u2019ombra del sospetto che i soggetti pi\u00f9 vulnerabili siano stati scavalcati da chi ha \u201csanti in paradiso\u201d; non si pu\u00f2 tollerare che la vita dei concittadini pi\u00f9 deboli sia stata messa a rischio in virt\u00f9 di becere logiche clientelari\u00bb.<\/p>\n<p style=\"text-align: justify;\">\u00abIn linea generale \u2013 affonda il consigliere \u2013 l\u2019assessore Topputi, nonostante la giovane et\u00e0, evidenzia un modo di fare politica che ricorda molto la \u201cPrima Repubblica\u201d. Postare un selfie sui social davanti a una buca che si sta rattoppando, assumendosene il merito e incassando attestati di stima, alimenta il messaggio che se sei \u201camico del politico\u201d puoi risolvere i tuoi problemi. La Legge ha diviso in maniera nitida l\u2019attivit\u00e0 politica da quella gestionale: al politico spetta la funzione di indirizzo e di controllo degli Uffici, compito che raramente viene onorato da questa Amministrazione\u00bb.<\/p>\n<p style=\"text-align: justify;\">\u00abDobbiamo imparare \u2013 riflette \u2013 ad essere pi\u00f9 professionali anche nell\u2019attivit\u00e0 politica: mi aspetto che dimostriamo che la politica \u00e8 fatta di competenze in grado di portare avanti idee e programmi, e che la gente sia portata a votare le persone capaci di tradurre in fatti le parole\u00bb.<\/p>\n<p style=\"text-align: justify;\">\u00abIl sindaco \u2013 chiosa \u2013 mi ha dato ragione; una magra consolazione che, di certo, non esaurisce la vicenda\u00bb.<\/p>\n<p style=\"text-align: justify;\"><strong>Tributi: \u201cAspettiamo il Bilancio Consuntivo\u201d<\/strong><\/p>\n<p style=\"text-align: justify;\">Con la seconda interrogazione si \u00e8 ritornati a dibattere sulle criticit\u00e0 dell\u2019operazione di riscossione dei tributi evasi, avviata lo scorso dicembre dall\u2019Amministrazione Resta.<\/p>\n<p style=\"text-align: justify;\">\u00abL\u2019assessore Gigantelli \u2013 asserisce l\u2019avvocato Zaccheo \u2013 ha risposto sciorinando tantissimi numeri, di cui ho chiesto documentazione cartacea in modo da poter svolgere gli opportuni approfondimenti. Dai dati comunicati una cosa \u00e8 certa: \u00e8 stato recuperato il 6% in pi\u00f9 rispetto al 3% che ha determinato l\u2019intervento della Corte dei Conti\u00bb.<\/p>\n<p style=\"text-align: justify;\">\u00abCon l\u2019approvazione del Bilancio Consuntivo \u2013 annota \u2013 vedremo se le riscossioni sono in linea con le stime riportate nel Bilancio di Previsione, approvato ad aprile 2020. In merito, a suo tempo, ho gi\u00e0 espresso i miei dubbi, denunciando l\u2019eccessivo ottimismo sfoggiato dall\u2019Amministrazione, convinta di poter recuperare oltre 2 milioni di euro nonostante il periodo storico cos\u00ec particolare. Mi auguro di essere contraddetta, altrimenti ci troveremo a correre ai ripari, con chiss\u00e0 quali e quanti \u201ctagli\u201d, per far quadrare gli equilibri di Bilancio\u00bb.<\/p>\n<p style=\"text-align: justify;\"><strong>Regolamento edilizio, \u201cperso nei meandri dell\u2019Ufficio Tecnico\u201d<\/strong><\/p>\n<p style=\"text-align: justify;\">L\u2019ultima interrogazione ha messo in luce il paradosso del Regolamento Edilizio vigente nel nostro Comune, che dal 1974 ad oggi non \u00e8 mai stato aggiornato.<\/p>\n<p style=\"text-align: justify;\">\u00abIl responsabile del Settore Urbanistica \u2013 dichiara il consigliere Zaccheo \u2013 ha confermato questa incongruenza; tuttavia, ha rassicurato che il Regolamento Edilizio Tipo (RET), licenziato nel 2017 dalla Regione Puglia, colma tale lacuna, abrogando automaticamente ogni norma comunale in contrasto con i propri principi. Ho replicato che il Regolamento regionale ha la funzione di fornire un quadro di riferimento unitario e sistematico dell\u2019attivit\u00e0 edilizia, entro cui le Amministrazione comunali devono muoversi per redigere il proprio Regolamento. E il Comune di Turi ha bisogno di un Regolamento che sia conforme al vigente Piano Urbanistico Generale (PUG)\u00bb.<\/p>\n<p style=\"text-align: justify;\">In realt\u00e0, potenzialmente, questo Regolamento esiste: \u00abIn occasione dell\u2019approvazione del PUG, fu adottata la bozza del nuovo Regolamento Edilizio Comunale che non \u00e8 mai stato approvato poich\u00e9 mancava un parere dell\u2019ASL. Parere che non \u00e8 stato mai richiesto con la conseguenza che l\u2019iter di approvazione si \u00e8 perso nei meandri dell\u2019Ufficio Tecnico, all\u2019epoca guidato dall\u2019ingegnere Di Bonaventura\u00bb.<\/p>\n<p style=\"text-align: justify;\">\u00abIn Consiglio \u2013 prosegue la Zaccheo \u2013 l\u2019architetto Del Rosso ha riferito di aver chiesto delucidazioni a Di Bonaventura, ricevendo verbalmente la notizia che il compito di richiedere quel parere sarebbe spettato al SUAP. Tuttavia, poich\u00e9 il sindaco ha concordato con me nel ravvisare delle responsabilit\u00e0 in capo al Settore Urbanistica, mi ha rassicurato che ha gi\u00e0 provveduto a chiedere i chiarimenti del caso in forma scritta e ufficiale\u00bb.<\/p>\n<p style=\"text-align: justify;\">\u00abIl Regolamento Edilizio e il PUG \u2013 conclude \u2013 rappresentano le ruote della macchina amministrativa; se queste ruote non ci sono o sono logorate, diventa molto difficile marciare speditamente. A maggior ragione se la macchina \u00e8 anche senza motore, ovvero \u2013 fuor di metafora \u2013 presenta una preoccupante carenza di organico che costringe l\u2019attivit\u00e0 amministrativa a vivere una fase di stallo assoluto\u00bb.<\/p>\n<p style=\"text-align: right;\"><strong>Fabio D\u2019Aprile<\/strong><\/p>\n","protected":false},"excerpt":{"rendered":"<p><img loading=\"lazy\" decoding=\"async\" src=\"https:\/\/live.staticflickr.com\/65535\/51091557655_046af2d02f_n.jpg\" alt=\"cc9\" width=\"320\" height=\"224\" \/><\/p>\n","protected":false},"author":1,"featured_media":0,"comment_status":"open","ping_status":"closed","sticky":false,"template":"","format":"standard","meta":{"colormag_page_container_layout":"default_layout","colormag_page_sidebar_layout":"default_layout","footnotes":""},"categories":[4],"tags":[],"class_list":["post-18290","post","type-post","status-publish","format-standard","hentry","category-politica"],"_links":{"self":[{"href":"https:\/\/archivioturi.lavocedelpaese.info\/index.php\/wp-json\/wp\/v2\/posts\/18290","targetHints":{"allow":["GET"]}}],"collection":[{"href":"https:\/\/archivioturi.lavocedelpaese.info\/index.php\/wp-json\/wp\/v2\/posts"}],"about":[{"href":"https:\/\/archivioturi.lavocedelpaese.info\/index.php\/wp-json\/wp\/v2\/types\/post"}],"author":[{"embeddable":true,"href":"https:\/\/archivioturi.lavocedelpaese.info\/index.php\/wp-json\/wp\/v2\/users\/1"}],"replies":[{"embeddable":true,"href":"https:\/\/archivioturi.lavocedelpaese.info\/index.php\/wp-json\/wp\/v2\/comments?post=18290"}],"version-history":[{"count":0,"href":"https:\/\/archivioturi.lavocedelpaese.info\/index.php\/wp-json\/wp\/v2\/posts\/18290\/revisions"}],"wp:attachment":[{"href":"https:\/\/archivioturi.lavocedelpaese.info\/index.php\/wp-json\/wp\/v2\/media?parent=18290"}],"wp:term":[{"taxonomy":"category","embeddable":true,"href":"https:\/\/archivioturi.lavocedelpaese.info\/index.php\/wp-json\/wp\/v2\/categories?post=18290"},{"taxonomy":"post_tag","embeddable":true,"href":"https:\/\/archivioturi.lavocedelpaese.info\/index.php\/wp-json\/wp\/v2\/tags?post=18290"}],"curies":[{"name":"wp","href":"https:\/\/api.w.org\/{rel}","templated":true}]}}