{"id":18287,"date":"2021-04-07T06:27:28","date_gmt":"2021-04-07T06:27:28","guid":{"rendered":"https:\/\/archivioturi.lavocedelpaese.info\/index.php\/2021\/04\/07\/una-polemica-becera-e-pretestuosa\/"},"modified":"2021-04-07T06:27:28","modified_gmt":"2021-04-07T06:27:28","slug":"una-polemica-becera-e-pretestuosa","status":"publish","type":"post","link":"https:\/\/archivioturi.lavocedelpaese.info\/index.php\/2021\/04\/07\/una-polemica-becera-e-pretestuosa\/","title":{"rendered":"\u201cUna polemica becera e pretestuosa\u201d"},"content":{"rendered":"<p><img loading=\"lazy\" decoding=\"async\" src=\"https:\/\/live.staticflickr.com\/65535\/51090833257_51afc3cf73_n.jpg\" alt=\"Angelo Palmisano\" width=\"213\" height=\"320\" \/><\/p>\n<p style=\"text-align: center;\"><strong>\u201cPatto per Turi\u201d biasima la \u201cbattaglia sul nulla\u201d ingaggiata dal Comitato \u201cBorgo Antico\u201d<\/strong><\/p>\n<p style=\"text-align: justify;\">\u00abCi tengo a sgombrare subito il campo dalle polemiche, becere e pretestuose, che hanno accompagnato la decisione di \u201cPatto per Turi\u201d di votare a favore dei Regolamenti del Canone Unico Mercatale (CUM) e del Canone Unico Patrimoniale (CUP)\u00bb.<\/p>\n<p style=\"text-align: justify;\">Con tono risoluto, Angelo Palmisano, capogruppo di \u201cPatto per Turi\u201d replica al comunicato che il \u201cComitato per la Tutela e la Salvaguardia del Borgo Antico\u201d ha diramato sui social e alla stampa all\u2019indomani dell\u2019ultimo Consiglio comunale. Una nota dai toni perentori che, elogiando il comportamento del consigliere Zaccheo e disapprovando quello del resto dell\u2019opposizione, ha finito per riportare a galla le vecchie ferite della minoranza; riaprendo quella frattura che negli ultimi mesi si era ricomposta o, pi\u00f9 realisticamente, si era risolta con un armistizio, basato sul comune impegno a coordinarsi per assolvere nel migliore dei modi al ruolo di proposta e controllo dell\u2019operato della maggioranza.<\/p>\n<p style=\"text-align: justify;\"><strong>\u201cBisogna confrontarsi anche con i tecnicismi\u201d<\/strong><\/p>\n<p style=\"text-align: justify;\">\u00abIl Comitato \u201cBorgo Antico\u201d \u2013 rimprovera Palmisano \u2013 invita a ignorare i tecnicismi: ho il dovere di puntualizzare che chi amministra, a differenza di un Comitato, non pu\u00f2 esimersi dal confrontarsi anche con quei tecnicismi. Nello specifico, per il 2021, la previsione d\u2019entrata derivante dall\u2019occupazione del suolo pubblico doveva essere invariata rispetto al gettito del 2020; dunque, la scelta di non modificare la gerarchia delle strade riportata nei Regolamenti ci \u00e8 sembrata una forma di coerenza. Se avessimo \u201cdetassato\u201d le vie del centro storico, avremmo dovuto \u201csovratassare\u201d le altre strade del paese.<\/p>\n<p style=\"text-align: justify;\">Dal momento che ricopriamo in maniera responsabile il ruolo che siamo stati chiamati a svolgere, guardando all\u2019interesse dell\u2019intera comunit\u00e0 e non alle sterili pretese dei singoli, abbiamo votato con convinzione a favore dei due Regolamenti che, tra l\u2019altro, hanno recepito ben 8 emendamenti a firma di \u201cPatto per Turi\u201d, frutto di un lavoro certosino di studio dei documenti, finalizzato a migliorare, nella sostanza, alcune norme.<\/p>\n<p style=\"text-align: justify;\">Anche se per qualcuno pu\u00f2 sembrare un tecnicismo, \u00e8 bene puntualizzare che abbiamo espresso il nostro voto sui regolamenti nella loro interezza, giacch\u00e9 non \u00e8 mai stata sottoposta all\u2019attenzione dell\u2019assise una specifica proposta sul centro storico, che avremmo valutato, senza esitazioni e con la dovuta considerazione, in sede di Consiglio\u00bb.<\/p>\n<p style=\"text-align: justify;\"><strong>\u201cProposte fantomatiche e all\u2019ultimo minuto\u201d<\/strong><\/p>\n<p style=\"text-align: justify;\">\u00abMi fa specie \u2013 stigmatizza il capogruppo di minoranza \u2013 sentire denigrare il gruppo \u201cPatto per Turi\u201d per una scelta ponderata ed esaltare la presa di posizione estemporanea del consigliere Giannalisa Zaccheo, la quale, se avesse avuto davvero a cuore il tema, avrebbe potuto presentare un emendamento in Commissione consiliare, considerando che, come capogruppo del Gruppo Misto, in tante altre circostanze ha avanzato interrogazioni e mozioni in maniera autonoma, senza avvertire l\u2019esigenza di confrontarsi con il nostro gruppo.<\/p>\n<p style=\"text-align: justify;\">Mi preme sottolineare che la Commissione consiliare \u00e8 durata ben 4 ore, durante le quali sono stati sviscerati tutti i nodi del provvedimento. Ebbene, non solo il consigliere Zaccheo non ha introdotto nella discussione alcun emendamento, ma non ne ha parlato se non alla fine, quando, al momento delle dichiarazioni di voto, si \u00e8 astenuta comunicando che in Consiglio avrebbe presentato una proposta per alleggerire il peso del canone sulle strade del centro storico. Questa fantomatica proposta non \u00e8 mai arrivata; tantomeno \u201cPatto per Turi\u201d \u00e8 stato contattato per coordinare una linea d\u2019azione fattibile.<\/p>\n<p style=\"text-align: justify;\">Il consigliere Zaccheo ha preferito aspettare l\u2019ultimo minuto utile del Consiglio comunale, quando le intenzioni di voto erano state gi\u00e0 esplicitate, per disquisire dell\u2019argomento in via del tutto teorica, senza un\u2019idea concreta su come garantire l\u2019invarianza di gettito cui accennavo prima. Evidentemente, dobbiamo concludere che o il consigliere Zaccheo non abbia letto i Regolamenti prima del giorno del Consiglio o che non abbia ritenuto importante condividere questa sua osservazione\u00bb.<\/p>\n<p style=\"text-align: justify;\"><strong>\u201cLa confusione sulle sagre\u201d<\/strong><\/p>\n<p style=\"text-align: justify;\">\u00abUn altro punto su cui si \u00e8 creata confusione \u2013 prosegue Palmisano \u2013 riguarda le sagre. Qualcuno ha messo in risalto che, durante le manifestazioni che concernono la valorizzazione dei prodotti locali, \u00e8 prevista l\u2019applicazione di un aumento del canone per l\u2019occupazione del suolo pubblico. Niente di pi\u00f9 falso. Fermo restando che spetta alla Giunta il compito di stabilire le tariffe e non al Consiglio comunale, faccio presente che quando si svolgono queste particolari manifestazione di interesse collettivo, il Comune concede il patrocinio gratuito, prevedendo da norma specifiche riduzioni dell\u2019imposta\u00bb.<\/p>\n<p style=\"text-align: justify;\"><strong>\u201cUna battaglia sul nulla\u201d<\/strong><\/p>\n<p style=\"text-align: justify;\">\u00abPer un attimo \u2013 dichiara provocatoriamente il leader di \u201cPatto per Turi\u201d \u2013 seguiamo il suggerimento del Comitato e astraiamoci dai tecnicismi. Siamo davvero certi che i due Regolamenti tanto contestati pregiudichino in maniera sostanziale lo sviluppo del nostro centro storico? A nostro parere non sono questi gli atti che migliorano o peggiorano le prospettive di crescita del borgo antico.<\/p>\n<p style=\"text-align: justify;\">Si \u00e8 intrapresa una battaglia sul nulla, additando come il peggiore dei mali una tassa di poche decine di euro che, per chi ha un minino di esperienza nel settore, non incide affatto sulle dinamiche di un\u2019attivit\u00e0 commerciale. Sono ben altri gli ostacoli che meritano attenzione; ecco perch\u00e9 ci sembra che si sia voluto montare ad arte questa polemica solo per colpire qualcuno in modo del tutto gratuito e inopportuno\u00bb.<\/p>\n<p style=\"text-align: justify;\">\u00ab\u201cPatto per Turi\u201d \u2013 conclude Palmisano \u2013 non ha dimenticato i progetti condivisi in campagna elettorale per promuovere un reale rilancio del centro storico di Turi. Piuttosto che farci trascinare in rancorose e puerili diatribe, rinnoviamo la nostra ferma volont\u00e0 di batterci sulla riforma dei regolamenti edilizi, sul decoro urbano e sugli incentivi per le attivit\u00e0 commerciali: aspetti concreti che possono fare la differenza tra il decidere di investire o meno nel nostro borgo antico\u00bb.<\/p>\n<p style=\"text-align: right;\"><strong>Fabio D\u2019Aprile<\/strong><\/p>\n","protected":false},"excerpt":{"rendered":"<p><img loading=\"lazy\" decoding=\"async\" src=\"https:\/\/live.staticflickr.com\/65535\/51090833257_51afc3cf73_n.jpg\" alt=\"Angelo Palmisano\" width=\"213\" height=\"320\" \/><\/p>\n","protected":false},"author":1,"featured_media":0,"comment_status":"open","ping_status":"closed","sticky":false,"template":"","format":"standard","meta":{"colormag_page_container_layout":"default_layout","colormag_page_sidebar_layout":"default_layout","footnotes":""},"categories":[4],"tags":[],"class_list":["post-18287","post","type-post","status-publish","format-standard","hentry","category-politica"],"_links":{"self":[{"href":"https:\/\/archivioturi.lavocedelpaese.info\/index.php\/wp-json\/wp\/v2\/posts\/18287","targetHints":{"allow":["GET"]}}],"collection":[{"href":"https:\/\/archivioturi.lavocedelpaese.info\/index.php\/wp-json\/wp\/v2\/posts"}],"about":[{"href":"https:\/\/archivioturi.lavocedelpaese.info\/index.php\/wp-json\/wp\/v2\/types\/post"}],"author":[{"embeddable":true,"href":"https:\/\/archivioturi.lavocedelpaese.info\/index.php\/wp-json\/wp\/v2\/users\/1"}],"replies":[{"embeddable":true,"href":"https:\/\/archivioturi.lavocedelpaese.info\/index.php\/wp-json\/wp\/v2\/comments?post=18287"}],"version-history":[{"count":0,"href":"https:\/\/archivioturi.lavocedelpaese.info\/index.php\/wp-json\/wp\/v2\/posts\/18287\/revisions"}],"wp:attachment":[{"href":"https:\/\/archivioturi.lavocedelpaese.info\/index.php\/wp-json\/wp\/v2\/media?parent=18287"}],"wp:term":[{"taxonomy":"category","embeddable":true,"href":"https:\/\/archivioturi.lavocedelpaese.info\/index.php\/wp-json\/wp\/v2\/categories?post=18287"},{"taxonomy":"post_tag","embeddable":true,"href":"https:\/\/archivioturi.lavocedelpaese.info\/index.php\/wp-json\/wp\/v2\/tags?post=18287"}],"curies":[{"name":"wp","href":"https:\/\/api.w.org\/{rel}","templated":true}]}}