{"id":18286,"date":"2021-04-06T14:00:38","date_gmt":"2021-04-06T14:00:38","guid":{"rendered":"https:\/\/archivioturi.lavocedelpaese.info\/index.php\/2021\/04\/06\/schianto-mortale-tra-adelfia-e-sannicandro\/"},"modified":"2021-04-06T14:00:38","modified_gmt":"2021-04-06T14:00:38","slug":"schianto-mortale-tra-adelfia-e-sannicandro","status":"publish","type":"post","link":"https:\/\/archivioturi.lavocedelpaese.info\/index.php\/2021\/04\/06\/schianto-mortale-tra-adelfia-e-sannicandro\/","title":{"rendered":"Schianto mortale tra Adelfia e Sannicandro"},"content":{"rendered":"<p><img loading=\"lazy\" decoding=\"async\" src=\"https:\/\/live.staticflickr.com\/65535\/51090820054_6481c0ff70_n.jpg\" alt=\"Giuseppe Massarelli\" width=\"320\" height=\"313\" \/><\/p>\n<p style=\"text-align: center;\"><strong>Nel sinistro ha perso la vita Giuseppe Massarelli, operaio edile originario di Turi<\/strong><\/p>\n<p style=\"text-align: justify;\">Nel tardo pomeriggio di mercoled\u00ec 31 marzo, la Strada Provinciale che collega Adelfia a Rutigliano, \u00e8 stata teatro di un incidente mortale che ha coinvolto due vetture, un\u2019Audi A4 station wagon e una Fiat Punto.<\/p>\n<p><img loading=\"lazy\" decoding=\"async\" src=\"https:\/\/live.staticflickr.com\/65535\/51090832372_667021216d_n.jpg\" alt=\"167950792_4093942397297077_6696153595028193409_n\" style=\"margin: 6px; float: right;\" width=\"303\" height=\"320\" \/><\/p>\n<p style=\"text-align: justify;\">Secondo le prime ricostruzioni del sinistro, verificatosi all\u2019altezza del ponte tra Adelfia e Sannicandro, l\u2019Audi, che marciava verso Casamassima con a bordo tre passeggeri, avrebbe tentato una manovra di sorpasso della Fiat Punto, impegnata a svoltare a destra, finendo per urtarla rovinosamente. La collisione \u00e8 stato talmente violenta che la station wagon si \u00e8 divisa in due parti, con la met\u00e0 posteriore che \u00e8 precipitata nella scarpata sottostante il cavalcavia.<\/p>\n<p style=\"text-align: justify;\">Nel terribile schianto \u00e8 rimasto coinvolto anche un nostro concittadino, Giuseppe Massarelli, operaio edile 44enne, originario di Turi ma residente a Casamassima da diversi anni. Giuseppe, che viaggiava a bordo della station wagon assieme al collega Tommaso Verna, purtroppo non ce l\u2019ha fatta. Sono stati vani gli sforzi dei Vigili del Fuoco che, assieme ai soccorritori del 118, hanno fatto il possibile per estrarre i passeggeri dalle lamiere dei veicoli e salvare loro la vita. I traumi riportati a seguito dell\u2019impatto hanno avuto la meglio; alla comunit\u00e0 di Turi e Casamassima non resta che stringersi attorno alla famiglia di un altro giovane cittadino la cui vita \u00e8 stata prematuramente spezzata.<\/p>\n<p style=\"text-align: justify;\">Notizie pi\u00f9 rincuoranti, invece, giungono per i conducenti dei due mezzi, rispettivamente originari di Casamassima e Sannicandro: trasportati in codice rosso presso il Policlinico di Bari e l\u2019ospedale Di Venere, non sarebbero in pericolo di vita, sebbene le condizioni cliniche siano ancora giudicate critiche.<\/p>\n<p style=\"text-align: justify;\">Spetter\u00e0 alla Polizia Locale di Adelfia, che ha eseguito i rilievi con il supporto della Polizia Metropolitana e dei Carabinieri, l\u2019onere di appurare le dinamiche dell\u2019incidente. Nel frattempo, la Procura di Bari ha aperto un fascicolo in cui si indaga per omicidio stradale plurimo e lesioni. Il pubblico ministero di turno, la dott.ssa Angela Maria Morea, ha disposto l\u2019esame autoptico delle vittime e, nei prossimi giorni, verr\u00e0 eseguita anche una consulenza tecnico-ingegneristica.<\/p>\n","protected":false},"excerpt":{"rendered":"<p><img loading=\"lazy\" decoding=\"async\" src=\"https:\/\/live.staticflickr.com\/65535\/51090820054_6481c0ff70_n.jpg\" alt=\"Giuseppe Massarelli\" width=\"320\" height=\"313\" \/><\/p>\n","protected":false},"author":1,"featured_media":0,"comment_status":"open","ping_status":"closed","sticky":false,"template":"","format":"standard","meta":{"colormag_page_container_layout":"default_layout","colormag_page_sidebar_layout":"default_layout","footnotes":""},"categories":[8],"tags":[],"class_list":["post-18286","post","type-post","status-publish","format-standard","hentry","category-cronaca"],"_links":{"self":[{"href":"https:\/\/archivioturi.lavocedelpaese.info\/index.php\/wp-json\/wp\/v2\/posts\/18286","targetHints":{"allow":["GET"]}}],"collection":[{"href":"https:\/\/archivioturi.lavocedelpaese.info\/index.php\/wp-json\/wp\/v2\/posts"}],"about":[{"href":"https:\/\/archivioturi.lavocedelpaese.info\/index.php\/wp-json\/wp\/v2\/types\/post"}],"author":[{"embeddable":true,"href":"https:\/\/archivioturi.lavocedelpaese.info\/index.php\/wp-json\/wp\/v2\/users\/1"}],"replies":[{"embeddable":true,"href":"https:\/\/archivioturi.lavocedelpaese.info\/index.php\/wp-json\/wp\/v2\/comments?post=18286"}],"version-history":[{"count":0,"href":"https:\/\/archivioturi.lavocedelpaese.info\/index.php\/wp-json\/wp\/v2\/posts\/18286\/revisions"}],"wp:attachment":[{"href":"https:\/\/archivioturi.lavocedelpaese.info\/index.php\/wp-json\/wp\/v2\/media?parent=18286"}],"wp:term":[{"taxonomy":"category","embeddable":true,"href":"https:\/\/archivioturi.lavocedelpaese.info\/index.php\/wp-json\/wp\/v2\/categories?post=18286"},{"taxonomy":"post_tag","embeddable":true,"href":"https:\/\/archivioturi.lavocedelpaese.info\/index.php\/wp-json\/wp\/v2\/tags?post=18286"}],"curies":[{"name":"wp","href":"https:\/\/api.w.org\/{rel}","templated":true}]}}