{"id":18279,"date":"2021-04-05T06:01:13","date_gmt":"2021-04-05T06:01:13","guid":{"rendered":"https:\/\/archivioturi.lavocedelpaese.info\/index.php\/2021\/04\/05\/punti-vaccinali-comunali-battaglia-vinta\/"},"modified":"2021-04-05T06:01:13","modified_gmt":"2021-04-05T06:01:13","slug":"punti-vaccinali-comunali-battaglia-vinta","status":"publish","type":"post","link":"https:\/\/archivioturi.lavocedelpaese.info\/index.php\/2021\/04\/05\/punti-vaccinali-comunali-battaglia-vinta\/","title":{"rendered":"Punti vaccinali comunali: battaglia vinta"},"content":{"rendered":"<p><img loading=\"lazy\" decoding=\"async\" src=\"https:\/\/live.staticflickr.com\/65535\/51090809424_0a411c3b3a_n.jpg\" alt=\"hub vaccini conferenza congiunta\" width=\"320\" height=\"209\" \/><\/p>\n<p style=\"text-align: center;\"><strong>24 ore dopo la conferenza stampa, \u00e8 arrivato il via libera da parte dei vertici dell\u2019ASL<\/strong><\/p>\n<p style=\"text-align: justify;\">L\u2019hub per la vaccinazione di massa, a servizio dei Comuni del nostro Distretto Socio-Sanitario, \u00e8 stato allestito presso il palazzetto dello sport di Sammichele. La scelta del Dipartimento di Prevenzione dell\u2019ASL, appresa tramite i social, ha fatto infuriare sindaci e cittadini, sconcertati dalla prospettiva di doversi spostare senza una ragionevole motivazione. Difatti, in ogni Comune ci sono strutture adeguate alla somministrazione dei vaccini, tra l\u2019altro gi\u00e0 messe a disposizione dalle singole Amministrazioni.<\/p>\n<p><img loading=\"lazy\" decoding=\"async\" src=\"https:\/\/live.staticflickr.com\/65535\/51090733886_a3fb59d591_n.jpg\" alt=\"conferenza hub vaccini (2)\" style=\"margin: 6px; float: right;\" width=\"320\" height=\"257\" \/><\/p>\n<p style=\"text-align: justify;\">Da queste premesse \u00e8 nata la conferenza stampa congiunta, ospitata gioved\u00ec 1\u00b0 aprile presso il PalaCapurso di Gioia del Colle, indetta dai primi cittadini di Turi, Casamassima, Gioia e Santeramo.<\/p>\n<p style=\"text-align: justify;\"><strong>Mastrangelo: \u201cNon possiamo subire le decisioni\u201d<\/strong><\/p>\n<p style=\"text-align: justify;\">\u00abSarebbe stato opportuno non ricevere una decisione e basta, ma condividerla per poterla spiegare ai cittadini\u00bb \u2013 mette subito in chiaro il sindaco di Gioia del Colle, Giovanni Mastrangelo, lasciando intendere che l\u2019ASL ha calato dall\u2019alto un provvedimento senza premurarsi di avviare un percorso di confronto e senza fornire una giustificazione logica sul motivo per cui 50.000 abitanti debbano convergere in un Comune di 6.000 abitanti, per giunta mal collegato a livello infrastrutturale.<\/p>\n<p style=\"text-align: justify;\"><strong>Resta: \u201cLa salute pubblica non ammette scorciatoie\u201d<\/strong><\/p>\n<p style=\"text-align: justify;\">Sulla stessa linea l\u2019intervento del sindaco di Turi, Tina Resta, che ha denunciato l\u2019anomalia della decisione assunta dall\u2019ASL che, di fatto, impone un \u201cesodo di massa\u201d per ricevere la propria dose di vaccino proprio quando, ad ogni livello, non si fa che ripetere l\u2019invito a \u201crestare a casa\u201d e ridurre al minino gli spostamenti.<\/p>\n<p><img loading=\"lazy\" decoding=\"async\" src=\"https:\/\/live.staticflickr.com\/65535\/51090820837_f95ce6285a_n.jpg\" alt=\"conferenza hub vaccini (3)\" style=\"margin: 6px; float: left;\" width=\"320\" height=\"312\" \/><\/p>\n<p style=\"text-align: justify;\">\u00abQuando l\u2019ASL ha deciso di allestire un punto vaccinale distrettuale \u2013 afferma il sindaco Resta \u2013 ci saremmo aspettati che fosse individuato Gioia del Colle, il Comune con il maggior numero di abitanti. Perch\u00e9 Sammichele? Perch\u00e9 ha un palazzetto che abbiamo tutti?\u00bb.<\/p>\n<p style=\"text-align: justify;\">Ad infastidire, inoltre, \u00e8 stato l\u2019inatteso dietrofront del Dipartimento di Prevenzione che, \u00abprima ha eseguito vari sopralluoghi nei nostri Comuni, quasi condividendo il contesto strutturale in cui allestire i punti vaccinali comunali, e poi \u00e8 scomparso\u00bb. \u00abIn questo momento cos\u00ec critico \u2013 ammonisce la dott.ssa Resta \u2013 serve chiarezza tra le Istituzioni: se non abbiamo risposte non possiamo darne ai cittadini e lasciamo spazio alla strumentalizzazione politica che \u00e8 sempre dietro l\u2019angolo\u00bb.<\/p>\n<p style=\"text-align: justify;\">\u00abSi tratta di salute pubblica \u2013 rimarca \u2013 un tema talmente importante che non ammette scorciatoie; al contrario, \u00e8 necessaria una solidariet\u00e0 politica e istituzionale, oltre che sociale. Non siamo stati coinvolti in un tavolo di concertazione e di condivisione, nonostante avessimo dato la disponibilit\u00e0 di strutture comunali idonee alla vaccinazione, anche anticipando economicamente le spese per gli allestimenti; compito che non ci spettava ma che ci siamo accollati poich\u00e9 l\u2019unico obiettivo \u00e8 vaccinare subito e con il minor spostamento possibile\u00bb.<\/p>\n<p style=\"text-align: justify;\">\u00abEcco il motivo per cui abbiamo indetto questa conferenza stampa: non per attribuire delle colpe ma per avere delle risposte. Apprendiamo in queste ore \u2013 conclude \u2013 che si starebbe aprendo uno spiraglio di confronto costruttivo e questo ci fa piacere; sinceramente, fa meno piacere che tale apertura sia arrivata dopo tanti confronti vivaci\u00bb.<\/p>\n<p style=\"text-align: justify;\"><strong>Nitti: \u201cAd ore l\u2019ufficialit\u00e0 degli hub straordinari\u201d<\/strong><\/p>\n<p><img loading=\"lazy\" decoding=\"async\" src=\"https:\/\/live.staticflickr.com\/65535\/51090733896_9982f5e1fa_n.jpg\" alt=\"conferenza hub vaccini (1)\" style=\"margin: 6px; float: right;\" width=\"320\" height=\"206\" \/><\/p>\n<p style=\"text-align: justify;\">\u00abAbbiamo aperto un&#8217;interlocuzione con il Direttore Generale dell\u2019ASL e con il Presidente Emiliano \u2013 informa il sindaco di Casamassima, Giuseppe Nitti \u2013 chiedendo di aiutarci per dare delle risposte ai cittadini. Siamo stati rassicurati che, entro poche ore, nei nostri Comuni, e in tutti i Comuni che ne avevano fatto richiesta, verranno previsti degli hub \u201cstraordinari\u201d, prima per la vaccinazione dei cittadini fragili e poi per quella di massa. Le istituzioni si sono incontrate e le nostre richieste sono state accolte\u00bb. \u00abNon vogliamo fare la politica dei campanili \u2013 precisa \u2013 vogliamo vaccinare i cittadini all&#8217;interno delle nostre citt\u00e0 per evitare movimenti nei paesi e gradiremmo aiutare l\u2019Asl ad accelerare il processo della vaccinazione di massa\u00bb. Baldassarre, no ai \u201cpiccoli esodi biblici\u201d<\/p>\n<p style=\"text-align: justify;\">\u00abIl motivo di questo momento di confronto non \u00e8 una protesta, la nostra volont\u00e0 \u00e8 di garantire il principio di sussidiariet\u00e0: desideriamo continuare a supportare l\u2019ASL e la Regione con leale collaborazione, a condizione che ci sia condivisione\u00bb \u2013 dichiara Fabrizio Baldassarre, sindaco di Santeramo, auspicando che si affermi il concetto di \u201cvaccinazione di prossimit\u00e0\u201d: i cittadini devono avere il diritto di vaccinarsi nella struttura pi\u00f9 vicina, evitando \u201cpiccoli esodi biblici\u201d.<\/p>\n<p style=\"text-align: justify;\"><strong>Turi avr\u00e0 il suo punto vaccinale<\/strong><\/p>\n<p style=\"text-align: justify;\">Meno di 24 ore dopo la conferenza stampa, \u00e8 giunta una nota ufficiale da parte della Direzione Generale dell\u2019ASL in cui si comunica che la proposta di istituire il punto vaccinale \u00e8 stata accolta.<\/p>\n<p style=\"text-align: justify;\">\u00abTuri avr\u00e0 il suo punto vaccinale. Sono particolarmente soddisfatta \u2013 commenta il sindaco Tina Resta \u2013 perch\u00e9 la richiesta di questa amministrazione e le mie osservazioni rispetto ai bisogni della nostra comunit\u00e0, sono state accolte. Ringrazio la Direzione Generale della ASL\u00bb.<\/p>\n<p style=\"text-align: justify;\">Sciolte tutte le riserve, l\u2019Amministrazione proceder\u00e0 nei prossimi giorni ad allestire la struttura individuata, ovvero il Palazzetto di via Cisterna.<\/p>\n<p style=\"text-align: right;\"><strong>Fabio D\u2019Aprile<\/strong><\/p>\n","protected":false},"excerpt":{"rendered":"<p><img loading=\"lazy\" decoding=\"async\" src=\"https:\/\/live.staticflickr.com\/65535\/51090809424_0a411c3b3a_n.jpg\" alt=\"hub vaccini conferenza congiunta\" width=\"320\" height=\"209\" \/><\/p>\n","protected":false},"author":1,"featured_media":0,"comment_status":"open","ping_status":"closed","sticky":false,"template":"","format":"standard","meta":{"colormag_page_container_layout":"default_layout","colormag_page_sidebar_layout":"default_layout","footnotes":""},"categories":[4],"tags":[],"class_list":["post-18279","post","type-post","status-publish","format-standard","hentry","category-politica"],"_links":{"self":[{"href":"https:\/\/archivioturi.lavocedelpaese.info\/index.php\/wp-json\/wp\/v2\/posts\/18279","targetHints":{"allow":["GET"]}}],"collection":[{"href":"https:\/\/archivioturi.lavocedelpaese.info\/index.php\/wp-json\/wp\/v2\/posts"}],"about":[{"href":"https:\/\/archivioturi.lavocedelpaese.info\/index.php\/wp-json\/wp\/v2\/types\/post"}],"author":[{"embeddable":true,"href":"https:\/\/archivioturi.lavocedelpaese.info\/index.php\/wp-json\/wp\/v2\/users\/1"}],"replies":[{"embeddable":true,"href":"https:\/\/archivioturi.lavocedelpaese.info\/index.php\/wp-json\/wp\/v2\/comments?post=18279"}],"version-history":[{"count":0,"href":"https:\/\/archivioturi.lavocedelpaese.info\/index.php\/wp-json\/wp\/v2\/posts\/18279\/revisions"}],"wp:attachment":[{"href":"https:\/\/archivioturi.lavocedelpaese.info\/index.php\/wp-json\/wp\/v2\/media?parent=18279"}],"wp:term":[{"taxonomy":"category","embeddable":true,"href":"https:\/\/archivioturi.lavocedelpaese.info\/index.php\/wp-json\/wp\/v2\/categories?post=18279"},{"taxonomy":"post_tag","embeddable":true,"href":"https:\/\/archivioturi.lavocedelpaese.info\/index.php\/wp-json\/wp\/v2\/tags?post=18279"}],"curies":[{"name":"wp","href":"https:\/\/api.w.org\/{rel}","templated":true}]}}