{"id":18274,"date":"2021-04-01T08:38:04","date_gmt":"2021-04-01T08:38:04","guid":{"rendered":"https:\/\/archivioturi.lavocedelpaese.info\/index.php\/2021\/04\/01\/ho-finito-le-lenzuola\/"},"modified":"2021-04-01T08:38:04","modified_gmt":"2021-04-01T08:38:04","slug":"ho-finito-le-lenzuola","status":"publish","type":"post","link":"https:\/\/archivioturi.lavocedelpaese.info\/index.php\/2021\/04\/01\/ho-finito-le-lenzuola\/","title":{"rendered":"\u201cHo finito le lenzuola\u201d"},"content":{"rendered":"<p><img loading=\"lazy\" decoding=\"async\" src=\"https:\/\/live.staticflickr.com\/65535\/51073958723_6c324cb7df_n.jpg\" alt=\"Marzo '21\" width=\"320\" height=\"240\" \/><\/p>\n<p style=\"text-align: center;\"><strong>Carlo Giangrande, in arte \u201cDoxa\u201d, colpisce ancora con un nuovo apprezzatissimo striscione; presto fuori l\u2019EP con i Proper Motion<\/strong><\/p>\n<p style=\"text-align: justify;\">Ridere, o perlomeno sorridere, della pandemia che da un anno attanaglia la nostra nazione non \u00e8 un affare semplice; anzi, per qualcuno potrebbe risultare addirittura di cattivo gusto, alla luce delle tante vittime mietute dal Covid-19. Tuttavia, come insegnano i pi\u00f9 grandi autori della Psicologia \u2013 su tutti Anna Freud, figlia di Sigmund \u2013 l\u2019ironia \u00e8 a tutti gli effetti un meccanismo difensivo psicologico, utile per proteggersi dall&#8217;angoscia, o comunque da situazioni di disagio; non solo: nelle liste pi\u00f9 volte realizzate dai ricercatori che hanno tentato di catalogare le difese della psiche, l&#8217;umorismo e l\u2019ironia sono in vetta alle classifiche in quanto rappresentano una delle modalit\u00e0 pi\u00f9 mature di reagire ai conflitti. Sdrammatizzare per stemperare le tensioni, dunque, non implica la ridicolizzazione e la connessa sottovalutazione del dramma; al contrario, aiuta a farsi forza, a stringere i denti nel perdurare di una condizione svantaggiante, limitante, di cui, come in questo caso, non si riesce ad intravedere il lieto epilogo.<\/p>\n<p style=\"text-align: justify;\"><strong>\u201cDo\u2019 n\u2019 st\u00e8me a sc\u00ec d\u2019 ch\u00e8pe\u201d<\/strong><\/p>\n<p><img loading=\"lazy\" decoding=\"async\" src=\"https:\/\/live.staticflickr.com\/65535\/51005474845_443786cea8_n.jpg\" alt=\"Marzo '20\" style=\"margin: 6px; float: right;\" width=\"320\" height=\"240\" \/><\/p>\n<p style=\"text-align: justify;\">In quest\u2019ottica \u00e8 possibile inquadrare lo striscione appeso lo scorso anno da Carlo Giangrande, turese classe \u201995; a pochi giorni dall\u2019inizio del primo pesantissimo lockdown, sui balconi di tutta la nazione iniziavano a far capolino arcobaleni e frasi di speranza come ad esempio \u201cAndr\u00e0 tutto bene\u201d, \u201cCe la faremo\u201d.<\/p>\n<p style=\"text-align: justify;\">In questa sorta di preghiera laica collettiva, innalzata al cielo con migliaia di striscioni, non sono di certo mancati \u201ci casi eccezionali\u201d, spesso connotati da sfumature satiriche. Ne \u00e8 un esempio lo striscione recante la frase \u201cD\u00f2 n\u2019 st\u00e8me a sc\u00ec d\u2019 ch\u00e8pe\u201d \u2013 che tradotto sta per \u201cQui stiamo impazzendo\u201d \u2013 realizzato dal nostro Giangrande.<\/p>\n<p style=\"text-align: justify;\">La sua opera d\u2019arte, in poche ore, fece il giro del web, richiamando le attenzioni di migliaia di utenti social e di \u201cInchiostro di Puglia\u201d, tra le pi\u00f9 seguite pagine Facebook il cui tema principale \u00e8 la nostra terra ed il suo popolo: \u00abAll\u2019apice della mia riscoperta creativit\u00e0 e profondamente annoiato dal trascorrere del tempo, ho deciso di rispondere presente all\u2019iniziativa degli striscioni. Essendo una persona dichiaratamente molto cinica, difficilmente avrei scritto \u201candr\u00e0 tutto bene\u201d. Per questo motivo ho pensato di scrivere altro. Non sono molto ottimista sul fatto che tutto andr\u00e0 per il meglio\u00bb \u2013 spiegava un anno fa ai nostri microfoni.<\/p>\n<p style=\"text-align: justify;\"><strong>\u201cPensavo fosse Covid, invece era malessere\u201d<\/strong><\/p>\n<p><img loading=\"lazy\" decoding=\"async\" src=\"https:\/\/live.staticflickr.com\/65535\/51074757552_a2e026d9c8_n.jpg\" alt=\"Dicembre '20\" style=\"margin: 6px; float: left;\" width=\"320\" height=\"240\" \/><\/p>\n<p style=\"text-align: justify;\">A dicembre 2020, il nostro \u201cstriscionista\u201d \u2013 anzi, \u201clenzuolista\u201d, trattandosi di lenzuola \u2013 tornava alla ribalta con \u201cPensavo fosse Covid, invece era malessere\u201d, strizzando l\u2019occhio all\u2019ironia di un gigante quale Massimo Troisi: \u00abA dire il vero \u2013 spiega \u2013 in quell\u2019occasione ho sfruttato il fenomeno dilagante per esprimere il mio morale a terra in quei giorni, anche a causa di burrascose questioni amorose. Diversamente, in questi giorni, ho avvertito molto panico; molto di pi\u00f9, anche rispetto all&#8217;anno scorso. E quello che so fare meglio io quando c&#8217;\u00e8 panico \u00e8 cabaret, distrarre\u00bb.<\/p>\n<p style=\"text-align: justify;\"><strong>\u201cHo finito le lenzuola\u201d<\/strong><\/p>\n<p style=\"text-align: justify;\">E cos\u00ec, dopo le opere di marzo e dicembre \u201920, il trittico sembrerebbe chiudersi con \u201cHo finito le lenzuola\u201d, l\u2019ultima creazione proposta da Giangrande e nuovamente apprezzata dal grande pubblico negli scorsi giorni. Avendo finito le lenzuola, il \u201clenzuolismo\u201d ha dovuto tradursi in altro, ovvero in \u201ctovaglismo\u201d: \u00abCome ho scritto sullo striscione, ho sul serio terminato le lenzuola utilizzabili, indi per cui ho optato per una tovaglia del \u201815-\u201818\u00bb.<\/p>\n<p style=\"text-align: justify;\"><strong>Questa volta hai ricevuto maggiore aiuto da parte dei tuoi famigliari?<\/strong><\/p>\n<p style=\"text-align: justify;\">\u00abIo direi che ho fatto tutto da me, per il solito \u201cegotrip\u201d, ma in realt\u00e0 l&#8217;idea della frase ha le sue fondamenta in un discorso fatto con mia madre\u00bb.<\/p>\n<p style=\"text-align: justify;\"><strong>Qual \u00e8 stata la reazione dei vicini di casa?<\/strong><\/p>\n<p style=\"text-align: justify;\">\u00abChi mi conosce sa che ogni due, tre mesi potrei fare simili opere d&#8217;arte. Forse sono diventato quasi monotono. (No, non \u00e8 vero)\u00bb.<\/p>\n<p style=\"text-align: justify;\">Entrando nel merito dell\u2019ultimo \u201cmessaggio balconistico\u201d, le parole scelte da Giangrande si prestano a diverse interpretazioni; a scanso di equivoci, gli abbiamo chiesto qual sia il senso pi\u00f9 autentico di questo suo ultimo messaggio. \u00abCon la frase \u201cho finito le lenzuola\u201d \u2013 risponde \u2013 credo che si possa racchiudere tutto il tempo trascorso dall&#8217;inizio di questa pandemia, con un filo di ironia\u00bb.<\/p>\n<p style=\"text-align: justify;\"><strong>L\u2019EP con i Proper Motion<\/strong><\/p>\n<p><img loading=\"lazy\" decoding=\"async\" src=\"https:\/\/live.staticflickr.com\/65535\/51005474990_be137fa99f_n.jpg\" alt=\"Proper Motion\" style=\"margin: 6px; float: right;\" width=\"320\" height=\"180\" \/><\/p>\n<p style=\"text-align: justify;\">Agli inizi della pandemia, Carlo Giangrande, conosciuto anche come \u201cDoxa\u201d, ha sfornato alcune strofe Rap\/Hip Hop, anch\u2019esse mirate ad una narrazione ironicamente seria e seriamente ironica di s\u00e9 stessi e del momento storico che stavamo \u2013 e tutt\u2019ora stiamo \u2013 vivendo; interpellato a tal proposito, spiega: \u00abDopo i pezzi d&#8217;attualit\u00e0, ho deciso di orientarmi e focalizzarmi maggiormente su progetti personali, tra cui l&#8217;EP con il mio gruppo, i Proper Motion, con Gianni Di Rutigliano (producer) e Walter Stragapede (cantante)\u00bb.<\/p>\n<p style=\"text-align: justify;\"><strong>Le parole sono importanti\u2026<\/strong><\/p>\n<p style=\"text-align: justify;\">In qualit\u00e0 di rapper cantautore, dunque, Doxa \u00e8 senza dubbio un riferimento se si tratta di analisi lessicali: \u00abTutte le frasi in cui enfatizziamo uno stato d\u2019animo negativo, come ad esempio \u201cChe ansia!\u201d, \u201cChe angoscia!\u201d, \u201cChe para(noia)!\u201d o \u201cChe presa a male!\u201d, non hanno mai suonato bene come in questo momento. \u00c8 nostro dovere avere consapevolezza dei momenti in cui pronunciamo quelle frasi e far s\u00ec che siano ridotti al minimo\u00bb.<\/p>\n<p style=\"text-align: right;\"><strong>LEONARDO FLORIO<\/strong><\/p>\n","protected":false},"excerpt":{"rendered":"<p><img loading=\"lazy\" decoding=\"async\" src=\"https:\/\/live.staticflickr.com\/65535\/51073958723_6c324cb7df_n.jpg\" alt=\"Marzo '21\" width=\"320\" height=\"240\" \/><\/p>\n","protected":false},"author":1,"featured_media":0,"comment_status":"open","ping_status":"closed","sticky":false,"template":"","format":"standard","meta":{"colormag_page_container_layout":"default_layout","colormag_page_sidebar_layout":"default_layout","footnotes":""},"categories":[6],"tags":[],"class_list":["post-18274","post","type-post","status-publish","format-standard","hentry","category-cultura"],"_links":{"self":[{"href":"https:\/\/archivioturi.lavocedelpaese.info\/index.php\/wp-json\/wp\/v2\/posts\/18274","targetHints":{"allow":["GET"]}}],"collection":[{"href":"https:\/\/archivioturi.lavocedelpaese.info\/index.php\/wp-json\/wp\/v2\/posts"}],"about":[{"href":"https:\/\/archivioturi.lavocedelpaese.info\/index.php\/wp-json\/wp\/v2\/types\/post"}],"author":[{"embeddable":true,"href":"https:\/\/archivioturi.lavocedelpaese.info\/index.php\/wp-json\/wp\/v2\/users\/1"}],"replies":[{"embeddable":true,"href":"https:\/\/archivioturi.lavocedelpaese.info\/index.php\/wp-json\/wp\/v2\/comments?post=18274"}],"version-history":[{"count":0,"href":"https:\/\/archivioturi.lavocedelpaese.info\/index.php\/wp-json\/wp\/v2\/posts\/18274\/revisions"}],"wp:attachment":[{"href":"https:\/\/archivioturi.lavocedelpaese.info\/index.php\/wp-json\/wp\/v2\/media?parent=18274"}],"wp:term":[{"taxonomy":"category","embeddable":true,"href":"https:\/\/archivioturi.lavocedelpaese.info\/index.php\/wp-json\/wp\/v2\/categories?post=18274"},{"taxonomy":"post_tag","embeddable":true,"href":"https:\/\/archivioturi.lavocedelpaese.info\/index.php\/wp-json\/wp\/v2\/tags?post=18274"}],"curies":[{"name":"wp","href":"https:\/\/api.w.org\/{rel}","templated":true}]}}