{"id":18268,"date":"2021-03-30T09:00:01","date_gmt":"2021-03-30T09:00:01","guid":{"rendered":"https:\/\/archivioturi.lavocedelpaese.info\/index.php\/2021\/03\/30\/lultimo-saluto-a-nicola-vasile\/"},"modified":"2021-03-30T09:00:01","modified_gmt":"2021-03-30T09:00:01","slug":"lultimo-saluto-a-nicola-vasile","status":"publish","type":"post","link":"https:\/\/archivioturi.lavocedelpaese.info\/index.php\/2021\/03\/30\/lultimo-saluto-a-nicola-vasile\/","title":{"rendered":"L\u2019ultimo saluto a Nicola Vasile"},"content":{"rendered":"<p><img loading=\"lazy\" decoding=\"async\" src=\"https:\/\/live.staticflickr.com\/65535\/51005470720_645652a050_n.jpg\" alt=\"Nicola Vasile\" width=\"252\" height=\"320\" \/><\/p>\n<p style=\"text-align: justify;\">\u00c8 sempre triste dover dire \u201caddio\u201d a un giovane che ha investito la propria professionalit\u00e0 nella nostra citt\u00e0, conosciuto e stimatissimo da tutti\u2026 Una perdita che addolora tutti, quella di Nicola Vasile, pasticciere e cake designer originario di Turi, che ha trasformato \u201cPan di zucchero\u201d in via Carducci a Gioia, in una eccellenza.<\/p>\n<p style=\"text-align: justify;\">A spezzare questa giovane vita &#8211; lo scorso 2 febbraio Nicola aveva compiuto 40 anni &#8211; un virus letale che spesso non perdona e che da un anno ha messo in ginocchio l\u2019intero mondo. Nicola solo dieci giorni prima aveva perso il suo \u201cfratellone\u201d Lino\u2026 inutili tutti i tentativi di salvarlo: il 21 marzo, primo giorno di primavera, \u00e8 divenuto uno di quei tanti numeri relativi ai decessi di cui leggiamo nelle statistiche giornaliere. Ed anche questo \u00e8 tristissimo\u2026 cos\u00ec come ricevere l\u2019ultimo saluto in modalit\u00e0 \u201cCovid\u201d \u00e8 un momento straniante e dilaniante per famiglia ed amici.<\/p>\n<p style=\"text-align: justify;\">A ricordarlo con cordoglio, la Federazione internazionale pasticceria, gelateria e cioccolateria Macro Area Sud Italia, che ha pi\u00f9 volte pubblicato sui social le sue creazioni: \u00abTi vogliamo ricordare come l&#8217;ultima volta che abbiamo condiviso un bel momento, tra risate e complicit\u00e0. Un professionista serio e attento, ironico e discreto come solo le persone speciali sanno essere. Ti porteremo sempre nel nostro cuore!\u00bb.<\/p>\n<p style=\"text-align: justify;\">Nei tanti messaggi che hanno invaso i social per un ultimo saluto, quello del suo amico pasticciere Pietro N.: \u00abNon ho parole, ho appreso poco fa della tua scomparsa che mi ha lasciato senza parole! Sei stato per anni uno dei miei pi\u00f9 validi collaboratori, abbiamo trascorso insieme giorni e notti nel laboratorio con la stessa passione che ci accomuna&#8230;la pasticceria! Ricordo ancora quando hai iniziato per uno stage e poi ci siamo subito trovati bene insieme ed abbiamo iniziato la nostra collaborazione, ho cercato di trasferirti tutto quello che sapevo, tutta la mia esperienza e quando mi hai detto che volevi realizzare il tuo desiderio di avere una tua attivit\u00e0, non potevo che essere orgoglioso della tua crescita ed ho cercato di aiutarti come ho potuto&#8230; per\u00f2 ora mi hai lasciato cos\u00ec&#8230; con un vuoto dentro ma con tanti ricordi che porter\u00f2 indelebili dentro di me! Ciao, Nicola, regala dolcezze anche lass\u00f9!\u00bb.<\/p>\n<p style=\"text-align: justify;\">\u00abCon la tua umilt\u00e0, sincerit\u00e0, ti sei fatto amare da tutti! Avresti potuto darti arie, nonostante quel che eri, ma invece no, hai preferito essere buono, e sincero! E sono proprio queste le persone che contano di pi\u00f9!\u00bb &#8211; commenta desolata Arianna S. che nel 2019 festeggi\u00f2 i suoi 19 anni con una torta a forma di cuore realizzata da Nicola.<\/p>\n<p style=\"text-align: justify;\">\u00abStento ancora a realizzare quanto \u00e8 successo. Non si pu\u00f2 morire a 40 anni cos\u00ec. Con un mare di progetti nel cassetto, con migliaia di sorrisi ancora da dispensare, come sempre in ogni circostanza tu facevi. Il covid-19 esiste e ahim\u00e8 porta via tanta gente, a volte anche molto vicina alle persone care\u00bb [Francesco D.B.].<\/p>\n<p style=\"text-align: justify;\">\u00abNon doveva finire cos\u00ec, a soli 40 anni&#8230; Ci siamo conosciuti al supermercato e sei sempre stato un cliente educato, mai una parola fuori posto. E soltanto una settimana fa ci eravamo incontrati e salutati\u2026 Buon viaggio, Nicola!\u00bb [Marco D.].<\/p>\n<p style=\"text-align: justify;\">Alla famiglia il cordoglio dell\u2019intera redazione.<\/p>\n<p style=\"text-align: right;\"><strong>D.S.<\/strong><\/p>\n","protected":false},"excerpt":{"rendered":"<p><img loading=\"lazy\" decoding=\"async\" src=\"https:\/\/live.staticflickr.com\/65535\/51005470720_645652a050_n.jpg\" alt=\"Nicola Vasile\" width=\"252\" height=\"320\" \/><\/p>\n","protected":false},"author":1,"featured_media":0,"comment_status":"open","ping_status":"closed","sticky":false,"template":"","format":"standard","meta":{"colormag_page_container_layout":"default_layout","colormag_page_sidebar_layout":"default_layout","footnotes":""},"categories":[8],"tags":[],"class_list":["post-18268","post","type-post","status-publish","format-standard","hentry","category-cronaca"],"_links":{"self":[{"href":"https:\/\/archivioturi.lavocedelpaese.info\/index.php\/wp-json\/wp\/v2\/posts\/18268","targetHints":{"allow":["GET"]}}],"collection":[{"href":"https:\/\/archivioturi.lavocedelpaese.info\/index.php\/wp-json\/wp\/v2\/posts"}],"about":[{"href":"https:\/\/archivioturi.lavocedelpaese.info\/index.php\/wp-json\/wp\/v2\/types\/post"}],"author":[{"embeddable":true,"href":"https:\/\/archivioturi.lavocedelpaese.info\/index.php\/wp-json\/wp\/v2\/users\/1"}],"replies":[{"embeddable":true,"href":"https:\/\/archivioturi.lavocedelpaese.info\/index.php\/wp-json\/wp\/v2\/comments?post=18268"}],"version-history":[{"count":0,"href":"https:\/\/archivioturi.lavocedelpaese.info\/index.php\/wp-json\/wp\/v2\/posts\/18268\/revisions"}],"wp:attachment":[{"href":"https:\/\/archivioturi.lavocedelpaese.info\/index.php\/wp-json\/wp\/v2\/media?parent=18268"}],"wp:term":[{"taxonomy":"category","embeddable":true,"href":"https:\/\/archivioturi.lavocedelpaese.info\/index.php\/wp-json\/wp\/v2\/categories?post=18268"},{"taxonomy":"post_tag","embeddable":true,"href":"https:\/\/archivioturi.lavocedelpaese.info\/index.php\/wp-json\/wp\/v2\/tags?post=18268"}],"curies":[{"name":"wp","href":"https:\/\/api.w.org\/{rel}","templated":true}]}}