{"id":18266,"date":"2021-03-29T13:35:08","date_gmt":"2021-03-29T13:35:08","guid":{"rendered":"https:\/\/archivioturi.lavocedelpaese.info\/index.php\/2021\/03\/29\/sottano-trasformato-in-discarica-in-vico-lazzaretto\/"},"modified":"2021-03-29T13:35:08","modified_gmt":"2021-03-29T13:35:08","slug":"sottano-trasformato-in-discarica-in-vico-lazzaretto","status":"publish","type":"post","link":"https:\/\/archivioturi.lavocedelpaese.info\/index.php\/2021\/03\/29\/sottano-trasformato-in-discarica-in-vico-lazzaretto\/","title":{"rendered":"Sottano trasformato in discarica in Vico Lazzaretto"},"content":{"rendered":"<p><img loading=\"lazy\" decoding=\"async\" src=\"https:\/\/live.staticflickr.com\/65535\/51073953503_6175c7dd7b_n.jpg\" alt=\"vico lazzaretto\" width=\"320\" height=\"180\" \/><\/p>\n<p style=\"text-align: center;\"><strong>I residenti della zona segnalano la presenza di eternit e sassi sul terrazzo dell\u2019abitazione; nel sottano, invece, c\u2019\u00e8 un\u2019autentica discarica<\/strong><\/p>\n<p style=\"text-align: justify;\">Negli scorsi giorni, sul gruppo Facebook \u201cComitato Sei di Turi se\u2026\u201d, un nostro concittadino ha pubblicato delle foto abbastanza eloquenti: un\u2019abitazione situata nel centro storico, per la precisione in Vico Lazzaretto, sta pian piano trasformandosi in una specie di discarica abusiva, con rifiuti e materiali di ogni sorta ammucchiati l\u2019uno sull\u2019altro.<\/p>\n<p style=\"text-align: justify;\">La casa, a prima vista, sembrerebbe disabitata, ma stando alle testimonianze di alcuni residenti in zona, non \u00e8 del tutto vero: \u00abLa casa \u2013 ci scrivono \u2013 \u00e8 abitata. Il proprietario dovrebbe sapere cosa succede al suo interno. Molti oggetti, come si evince dalle foto pubblicate su Facebook, sono stati spostati dal terrazzo nel locale del sottano. \u00c8 evidente che hanno dato vita ad una discarica. Questa situazione di degrado, comunque, non \u00e8 recente. Sul terrazzo dell\u2019abitazione, inoltre, si rileva la presenza di eternit e di sassi che, cadendo, potrebbero seriamente far male a qualcuno. Al di l\u00e0 dei pericoli, passando per la via, quest\u2019abitazione spicca agli occhi di tutti, offrendo uno spettacolo indecoroso e maleodorante. Mi auguro che le autorit\u00e0 preposte possano prendere quanto prima provvedimenti, anche perch\u00e9 questo non \u00e8 l\u2019unico problema che affligge vico Lazzaretto ed il centro storico in generale\u00bb.<\/p>\n<p style=\"text-align: justify;\">Da alcuni mesi, soprattutto grazie alla nascita del Comitato per la Salvaguardia e la Promozione del Borgo Antico di Turi, il centro storico turese \u00e8 stato posto sotto i riflettori: adesso \u00e8 necessario pazientare, nell\u2019attesa che le varie parti chiamate in causa diano concretizzazione alle diverse idee progettuali.<\/p>\n<p style=\"text-align: right;\"><strong>LEONARDO FLORIO<\/strong><\/p>\n","protected":false},"excerpt":{"rendered":"<p><img loading=\"lazy\" decoding=\"async\" src=\"https:\/\/live.staticflickr.com\/65535\/51073953503_6175c7dd7b_n.jpg\" alt=\"vico lazzaretto\" width=\"320\" height=\"180\" \/><\/p>\n","protected":false},"author":1,"featured_media":0,"comment_status":"open","ping_status":"closed","sticky":false,"template":"","format":"standard","meta":{"colormag_page_container_layout":"default_layout","colormag_page_sidebar_layout":"default_layout","footnotes":""},"categories":[8],"tags":[],"class_list":["post-18266","post","type-post","status-publish","format-standard","hentry","category-cronaca"],"_links":{"self":[{"href":"https:\/\/archivioturi.lavocedelpaese.info\/index.php\/wp-json\/wp\/v2\/posts\/18266","targetHints":{"allow":["GET"]}}],"collection":[{"href":"https:\/\/archivioturi.lavocedelpaese.info\/index.php\/wp-json\/wp\/v2\/posts"}],"about":[{"href":"https:\/\/archivioturi.lavocedelpaese.info\/index.php\/wp-json\/wp\/v2\/types\/post"}],"author":[{"embeddable":true,"href":"https:\/\/archivioturi.lavocedelpaese.info\/index.php\/wp-json\/wp\/v2\/users\/1"}],"replies":[{"embeddable":true,"href":"https:\/\/archivioturi.lavocedelpaese.info\/index.php\/wp-json\/wp\/v2\/comments?post=18266"}],"version-history":[{"count":0,"href":"https:\/\/archivioturi.lavocedelpaese.info\/index.php\/wp-json\/wp\/v2\/posts\/18266\/revisions"}],"wp:attachment":[{"href":"https:\/\/archivioturi.lavocedelpaese.info\/index.php\/wp-json\/wp\/v2\/media?parent=18266"}],"wp:term":[{"taxonomy":"category","embeddable":true,"href":"https:\/\/archivioturi.lavocedelpaese.info\/index.php\/wp-json\/wp\/v2\/categories?post=18266"},{"taxonomy":"post_tag","embeddable":true,"href":"https:\/\/archivioturi.lavocedelpaese.info\/index.php\/wp-json\/wp\/v2\/tags?post=18266"}],"curies":[{"name":"wp","href":"https:\/\/api.w.org\/{rel}","templated":true}]}}