{"id":18255,"date":"2021-03-25T06:26:01","date_gmt":"2021-03-25T06:26:01","guid":{"rendered":"https:\/\/archivioturi.lavocedelpaese.info\/index.php\/2021\/03\/25\/rosita-rossi-sale-in-cattedra\/"},"modified":"2021-03-25T06:26:01","modified_gmt":"2021-03-25T06:26:01","slug":"rosita-rossi-sale-in-cattedra","status":"publish","type":"post","link":"https:\/\/archivioturi.lavocedelpaese.info\/index.php\/2021\/03\/25\/rosita-rossi-sale-in-cattedra\/","title":{"rendered":"Rosita Rossi sale in cattedra"},"content":{"rendered":"<p><img loading=\"lazy\" decoding=\"async\" src=\"https:\/\/live.staticflickr.com\/65535\/51053851827_bfa785f266_n.jpg\" alt=\"rosita rossi (2)\" width=\"240\" height=\"320\" \/><\/p>\n<p style=\"text-align: center;\"><strong>L\u2019hair stylist turese \u00e8 stata selezionata come docente di \u201ctecnica professionale\u201d. Nel frattempo, ha registrato il suo marchio creando una personale linea di \u201celisir di bellezza\u201d<\/strong><\/p>\n<p style=\"text-align: justify;\">Da eccellente allieva a promettente docente. Rosita Rossi, titolare dell\u2019esclusivo salone dedicato all\u2019hair styling, brucia le tappe e, grazie alla sua incredibile tenacia, aggiunge un\u2019altra medaglia al gi\u00e0 ammirabile curriculum professionale. Da poche settimane, infatti, \u00e8 stata selezionata come docente di \u201ctecnica professionale\u201d presso la Nouvelle Esth\u00e9tique Acad\u00e9mie, una delle pi\u00f9 accreditate scuole di alta formazione del settore.<\/p>\n<p style=\"text-align: justify;\">\u00abLa tecnica professionale \u2013 ci spiega \u2013 \u00e8 la disciplina fondamentale del nostro lavoro. Il mio compito \u00e8 curare la preparazione degli studenti del terzo anno che, dopo il biennio utile a ottenere la qualifica di acconciatori, si apprestano a conseguire la specializzazione, necessaria per diventare titolari di un proprio salone. Il programma spazia dalle ultime tendenze dell\u2019hair styling alle regole della colorimetria, offrendo la possibilit\u00e0 di padroneggiare le tecniche pi\u00f9 innovative e di entrare nel mondo degli acconciatori da protagonisti\u00bb.<\/p>\n<p style=\"text-align: justify;\">\u00abLa cosa pi\u00f9 emozionante \u2013 confida Rossi \u2013 \u00e8 l\u2019attestazione di stima dei miei ex insegnanti. Sentirsi dire \u201cquesto era il tuo posto, ti stavamo aspettando\u201d, ti fa capire che vali. Ti rendi conto che i sacrifici per inseguire il tuo sogno e diventare una professionista, presto o tardi, vengono ripagati. Malgrado le calunnie e le cattiverie gratuite che, da quando ho inaugurato il mio salone, si sono susseguite senza sosta\u00bb.<\/p>\n<p style=\"text-align: justify;\">Un chiacchiericcio insipiente che non ha scalfito la tempra di Rosita Rossi: imperterrita ha continuato la sua strada, coltivando la musa che illumina le sue creazioni avanguardistiche, capaci di riscrivere i canoni dell\u2019hair styling, fondendo armonicamente lo stupore dell\u2019estetica e le regole del benessere.<\/p>\n<p style=\"text-align: justify;\"><strong>Da Turi alla Russia con eleganza<\/strong><\/p>\n<p><img loading=\"lazy\" decoding=\"async\" src=\"https:\/\/live.staticflickr.com\/65535\/51053041453_e9677314c1_n.jpg\" alt=\"rosita rossi (3)\" style=\"margin: 6px; float: right;\" width=\"320\" height=\"297\" \/><\/p>\n<p style=\"text-align: justify;\">\u00abOgnuno merita le clienti che ha, ed io sono felice delle clienti che mi hanno scelto. Questo \u00e8 il motto che mi ripeto ogni giorno. Il mio salone \u2013 riflette Rossi \u2013 \u00e8 frequentato prevalentemente da libere professioniste: donne che vengono qui non per spettegolare ma per rilassarsi, per dimenticare i propri problemi e farsi coccolare\u00bb.<\/p>\n<p style=\"text-align: justify;\">Una filosofia che ha dato i suoi frutti. \u201cRosita Rossi Hair Stylist\u201d, sebbene abbia da poco festeggiato il primo anno di attivit\u00e0, si \u00e8 affermato come un punto di riferimento anche nei paesi limitrofi Turi, compreso Bari: chi lo sceglie ha la consapevolezza di entrare in un ambiente unico ed elegante, dove ogni dettaglio, studiato con attenta ricercatezza, \u00e8 concepito a misura del cliente, per garantire un\u2019accoglienza indimenticabile.<\/p>\n<p style=\"text-align: justify;\">Una piccola opera d\u2019arte che non \u00e8 passata inosservata anche all\u2019estero: \u00abA mia insaputa \u2013 rivela Rossi \u2013 una rinomata azienda italiana ha pubblicato le foto del mio salone in Russia. Un altro grande riconoscimento che mi ha riempito di gioia\u00bb.<\/p>\n<p style=\"text-align: justify;\"><strong>Il coraggio di cambiare strada<\/strong><\/p>\n<p style=\"text-align: justify;\">Ritornando al traguardo della docenza presso la Nouvelle Esth\u00e9tique Acad\u00e9mie, la prof.ssa Rossi non \u00e8 propriamente alla sua prima esperienza. Dall\u2019archivio dei ricordi, ripesca un aneddoto che ha segnato il suo percorso: \u00abDopo essermi diplomata come insegnante di Scuola Primaria, fui chiamata per una supplenza annuale in una Scuola dell\u2019Infanzia. Il primo giorno mi trovai catapultata in una realt\u00e0 davvero complessa da gestire, tant\u2019\u00e8 che fin\u00ec per diventare \u201costaggio\u201d dei bambini per tutta la durata di quella lunga giornata. Conclusa la lezione, mi recai senza esitazioni all\u2019Ufficio Scolastico Regionale e compilai la rinuncia all\u2019incarico, tra l\u2019incredulit\u00e0 dell\u2019addetto e le perplessit\u00e0 della mia famiglia. Io, invece, avevo chiaro in mente che bisogna fare il lavoro per cui si \u00e8 portati, senza forzature dettate dalla convenienza. Se non avessi avuto il coraggio di cambiare strada, non avrei iniziato la carriera che adoro e che non smette di darmi soddisfazioni\u00bb.<\/p>\n<p style=\"text-align: justify;\"><strong>Gli \u201celisir di bellezza\u201d firmati Rossi<\/strong><\/p>\n<p><img loading=\"lazy\" decoding=\"async\" src=\"https:\/\/live.staticflickr.com\/65535\/51053041493_e14bc2e5a7_n.jpg\" alt=\"rosita rossi (1)\" style=\"margin: 6px; float: left;\" width=\"320\" height=\"213\" \/><\/p>\n<p style=\"text-align: justify;\">In questo anno di attivit\u00e0, l\u2019instancabile Rosita Rossi non si \u00e8 risparmiata, mettendo a segno l\u2019ennesimo passo coraggioso: ha registrato il proprio marchio (Rosita Rossi Hair Stylist), creando una personale linea di prodotti, originale finanche nella scelta del nome e del packaging.<\/p>\n<p style=\"text-align: justify;\">Dagli shampoo alle maschere, passando per i trattamenti pre-styling, ideati per prendersi cura dei propri capelli e avere sempre un look impeccabile. I pregevoli \u201celisir di bellezza\u201d, rigorosamente certificati a livello comunitario, sono stati formulati in laboratorio sotto la scrupolosa \u201cdirezione artistica\u201d di Rossi. Come una provetta alchimista, ha selezionato i singoli componenti, mescolando sapientemente estratti naturali e oli essenziali rari, avvicinando la tradizione orientale alle pi\u00f9 recenti conquiste della cosmesi occidentale. Nessuna improvvisazione, ogni risultato \u00e8 frutto di anni studio sulla struttura del capello e sulle migliori strategie per valorizzarlo.<\/p>\n<p><img loading=\"lazy\" decoding=\"async\" src=\"https:\/\/live.staticflickr.com\/65535\/51053851782_eb8562f6b9_n.jpg\" alt=\"rosita rossi (4)\" style=\"margin: 6px; float: right;\" width=\"320\" height=\"320\" \/><\/p>\n<p style=\"text-align: justify;\">Oltre che sulla Pagina Facebook del salone, le \u201cpozioni\u201d di Rosita Rossi sono acquistabili su EBay, Amazon e Shopify.<\/p>\n<p style=\"text-align: justify;\"><strong>L\u2019ostacolo della pandemia<\/strong><\/p>\n<p style=\"text-align: justify;\">Per un beffardo gioco del destino, l\u2019esordio del salone di Rosita Rossi \u00e8 stato travolto dall\u2019incubo dell\u2019emergenza sanitaria: inaugurato il 2 febbraio 2020, a distanza di poco pi\u00f9 di un mese, \u00e8 costretto a fermarsi per tre lunghi mesi. Oggi il triste scenario si ripete: \u00abSpegnere le luci \u00e8 una delle esperienze pi\u00f9 drammatiche. Pensi a tutti i sacrifici e agli investimenti fatti, alle scadenze da rispettare e al futuro delle tue collaboratrici, a cui non puoi dare alcuna certezza\u00bb.<\/p>\n<p style=\"text-align: justify;\">Abbattersi, tuttavia, non fa parte dello spirito di Rosita Rossi che ha gi\u00e0 la mente e il cuore proiettati oltre ogni ostacolo, organizzando tutto per il giorno in cui sar\u00e0 possibile riaprire le porte del suo salone e tornare ad abbracciare le clienti. Cos\u00ec come non si ferma la pianificazione di eventi, corsi di perfezionamento e nuove sfide che porteranno Rossi in giro per il mondo, da Roma a Londra con scalo a Milano.<\/p>\n<p style=\"text-align: right;\"><strong>FD<\/strong><\/p>\n","protected":false},"excerpt":{"rendered":"<p><img loading=\"lazy\" decoding=\"async\" src=\"https:\/\/live.staticflickr.com\/65535\/51053851827_bfa785f266_n.jpg\" alt=\"rosita rossi (2)\" width=\"240\" height=\"320\" \/><\/p>\n","protected":false},"author":1,"featured_media":0,"comment_status":"open","ping_status":"closed","sticky":false,"template":"","format":"standard","meta":{"colormag_page_container_layout":"default_layout","colormag_page_sidebar_layout":"default_layout","footnotes":""},"categories":[6],"tags":[],"class_list":["post-18255","post","type-post","status-publish","format-standard","hentry","category-cultura"],"_links":{"self":[{"href":"https:\/\/archivioturi.lavocedelpaese.info\/index.php\/wp-json\/wp\/v2\/posts\/18255","targetHints":{"allow":["GET"]}}],"collection":[{"href":"https:\/\/archivioturi.lavocedelpaese.info\/index.php\/wp-json\/wp\/v2\/posts"}],"about":[{"href":"https:\/\/archivioturi.lavocedelpaese.info\/index.php\/wp-json\/wp\/v2\/types\/post"}],"author":[{"embeddable":true,"href":"https:\/\/archivioturi.lavocedelpaese.info\/index.php\/wp-json\/wp\/v2\/users\/1"}],"replies":[{"embeddable":true,"href":"https:\/\/archivioturi.lavocedelpaese.info\/index.php\/wp-json\/wp\/v2\/comments?post=18255"}],"version-history":[{"count":0,"href":"https:\/\/archivioturi.lavocedelpaese.info\/index.php\/wp-json\/wp\/v2\/posts\/18255\/revisions"}],"wp:attachment":[{"href":"https:\/\/archivioturi.lavocedelpaese.info\/index.php\/wp-json\/wp\/v2\/media?parent=18255"}],"wp:term":[{"taxonomy":"category","embeddable":true,"href":"https:\/\/archivioturi.lavocedelpaese.info\/index.php\/wp-json\/wp\/v2\/categories?post=18255"},{"taxonomy":"post_tag","embeddable":true,"href":"https:\/\/archivioturi.lavocedelpaese.info\/index.php\/wp-json\/wp\/v2\/tags?post=18255"}],"curies":[{"name":"wp","href":"https:\/\/api.w.org\/{rel}","templated":true}]}}