{"id":18250,"date":"2021-03-23T09:15:23","date_gmt":"2021-03-23T09:15:23","guid":{"rendered":"https:\/\/archivioturi.lavocedelpaese.info\/index.php\/2021\/03\/23\/stazione-presa-nuovamente-di-mira-dai-vandali\/"},"modified":"2021-03-23T09:15:23","modified_gmt":"2021-03-23T09:15:23","slug":"stazione-presa-nuovamente-di-mira-dai-vandali","status":"publish","type":"post","link":"https:\/\/archivioturi.lavocedelpaese.info\/index.php\/2021\/03\/23\/stazione-presa-nuovamente-di-mira-dai-vandali\/","title":{"rendered":"Stazione presa nuovamente di mira dai vandali"},"content":{"rendered":"<p><img loading=\"lazy\" decoding=\"async\" src=\"https:\/\/live.staticflickr.com\/65535\/51053080008_97a9def25a_n.jpg\" alt=\"stazione vandali\" width=\"320\" height=\"180\" \/><\/p>\n<p style=\"text-align: center;\"><strong>Mancanza di controllo, educazione o di senso di appartenenza al proprio paese?<\/strong><\/p>\n<p style=\"text-align: justify;\">Negli scorsi giorni, la stazione ferroviaria \u00e8 stata nuovamente presa di mira dai vandali: a pagarne le conseguenze, questa volta, la macchina che funge da biglietteria ed un veicolo aziendale della stessa FSE, a cui sono stati spaccati un finestrino ed uno specchietto. Alcune settimane fa, invece, anche la porta d\u2019accesso della sala d\u2019attesa per i viaggiatori subiva ingenti danni, tanto da indurre la FSE a rafforzarla con una sovrastruttura in ferro che la protegga da nuovi attacchi.<\/p>\n<p style=\"text-align: justify;\">Non \u00e8 chiara l\u2019intenzione e l\u2019identit\u00e0 dei vandali che si celano dietro simili atti; la popolazione turese, ad ogni modo, \u00e8 visibilmente stanca di dover assistere a questo tipo di fenomeni ed il maggiore controllo, come spesso accade, \u00e8 la soluzione pi\u00f9 gettonata, la prima ad essere invocata: \u201cLe telecamere \u2013 avverte qualcuno \u2013 ci sono, ma non sono funzionanti\u201d. \u201cCosa vorreste dalle telecamere? \u2013 replica qualcun altro \u2013Vedere degli incappucciati non identificabili che sfasciano tutto?\u201d.<\/p>\n<p style=\"text-align: justify;\">Un\u2019altra via percorribile potrebbe essere quella di chiudere la stazione di notte, considerando per inciso che dalle 22.00 circa all\u2019alba non vi \u00e8 alcuna corsa. Tra i commenti e le ipotesi, spiccano alcune riflessioni in merito alle responsabilit\u00e0 genitoriali, all\u2019educazione a condotte responsabili e civili che purtroppo, talvolta, viene a mancare. I fattori che concorrono a sfavore dei genitori, poi, non sono certo pochi: l\u2019emulazione di \u201cmodelli\u201d sbagliati, la noia che pu\u00f2 nascere dalle poche prospettive offerte ai giovani stessi nel nostro paese, la percezione di una pesante privazione relazionale causata dalla pandemia, l\u2019evanescenza cui negli ultimi mesi sono andati incontro la didattica, l\u2019ambiente scolastico e la loro capacit\u00e0 di contenimento.<\/p>\n<p style=\"text-align: justify;\">L\u2019elenco potrebbe tendere all\u2019infinito. Dinanzi ad una serie di forze che, singolarmente o insieme, possono risultare implacabili, al genitore non resta dunque che cercare di accendere nei propri figli un sano spirito di appartenenza alla propria citt\u00e0 che mutui una consapevolezza chiara e semplice: colpire un servizio necessario alla collettivit\u00e0 \u2013 talvolta gi\u00e0 lacunoso di suo \u2013 significa colpire la collettivit\u00e0 stessa. Senza considerare che gli interventi di manutenzione, dalle nostre latitudini, hanno cadenza spesso incerta, irregolare e non di rado sono poco tempestivi.<\/p>\n<p style=\"text-align: right;\"><strong>LEONARDO FLORIO<\/strong><\/p>\n","protected":false},"excerpt":{"rendered":"<p><img loading=\"lazy\" decoding=\"async\" src=\"https:\/\/live.staticflickr.com\/65535\/51053080008_97a9def25a_n.jpg\" alt=\"stazione vandali\" width=\"320\" height=\"180\" \/><\/p>\n","protected":false},"author":1,"featured_media":0,"comment_status":"open","ping_status":"closed","sticky":false,"template":"","format":"standard","meta":{"colormag_page_container_layout":"default_layout","colormag_page_sidebar_layout":"default_layout","footnotes":""},"categories":[8],"tags":[],"class_list":["post-18250","post","type-post","status-publish","format-standard","hentry","category-cronaca"],"_links":{"self":[{"href":"https:\/\/archivioturi.lavocedelpaese.info\/index.php\/wp-json\/wp\/v2\/posts\/18250","targetHints":{"allow":["GET"]}}],"collection":[{"href":"https:\/\/archivioturi.lavocedelpaese.info\/index.php\/wp-json\/wp\/v2\/posts"}],"about":[{"href":"https:\/\/archivioturi.lavocedelpaese.info\/index.php\/wp-json\/wp\/v2\/types\/post"}],"author":[{"embeddable":true,"href":"https:\/\/archivioturi.lavocedelpaese.info\/index.php\/wp-json\/wp\/v2\/users\/1"}],"replies":[{"embeddable":true,"href":"https:\/\/archivioturi.lavocedelpaese.info\/index.php\/wp-json\/wp\/v2\/comments?post=18250"}],"version-history":[{"count":0,"href":"https:\/\/archivioturi.lavocedelpaese.info\/index.php\/wp-json\/wp\/v2\/posts\/18250\/revisions"}],"wp:attachment":[{"href":"https:\/\/archivioturi.lavocedelpaese.info\/index.php\/wp-json\/wp\/v2\/media?parent=18250"}],"wp:term":[{"taxonomy":"category","embeddable":true,"href":"https:\/\/archivioturi.lavocedelpaese.info\/index.php\/wp-json\/wp\/v2\/categories?post=18250"},{"taxonomy":"post_tag","embeddable":true,"href":"https:\/\/archivioturi.lavocedelpaese.info\/index.php\/wp-json\/wp\/v2\/tags?post=18250"}],"curies":[{"name":"wp","href":"https:\/\/api.w.org\/{rel}","templated":true}]}}