{"id":18218,"date":"2021-03-11T08:58:58","date_gmt":"2021-03-11T08:58:58","guid":{"rendered":"https:\/\/archivioturi.lavocedelpaese.info\/index.php\/2021\/03\/11\/questione-tributi-patto-per-turi-non-ci-sta\/"},"modified":"2021-03-11T08:58:58","modified_gmt":"2021-03-11T08:58:58","slug":"questione-tributi-patto-per-turi-non-ci-sta","status":"publish","type":"post","link":"https:\/\/archivioturi.lavocedelpaese.info\/index.php\/2021\/03\/11\/questione-tributi-patto-per-turi-non-ci-sta\/","title":{"rendered":"Questione tributi, \u201cPatto per Turi\u201d non ci sta"},"content":{"rendered":"<p><img loading=\"lazy\" decoding=\"async\" src=\"https:\/\/live.staticflickr.com\/65535\/51009981108_4ab2f2414a_n.jpg\" alt=\"min\" width=\"320\" height=\"171\" \/><\/p>\n<p style=\"text-align: center;\"><strong>I quattro consiglieri di minoranza ribattono compatti all\u2019assessore Gigantelli<\/strong><\/p>\n<p style=\"text-align: justify;\">L\u2019intero gruppo di \u201cPatto per Turi\u201d si mobilita per controbattere le argomentazioni esposte dall\u2019assessore Gigantelli in risposta alla propria interrogazione.<\/p>\n<p style=\"text-align: justify;\">Inizia Lilli Susca con un appunto: \u00ab\u00c8 ormai prassi di questa Amministrazione lamentarsi di quello che hanno trovato e scaricare le colpe su chi vi ha preceduto. Vorrei solo ricordare che, insieme alle mancanze, avete ereditato anche una serie di progetti che non siete stati ancora in grado di portare a termine\u00bb.<\/p>\n<p style=\"text-align: justify;\"><strong>Palmisano: \u201cDalla prosa alla tragedia\u201d<\/strong><\/p>\n<p style=\"text-align: justify;\">\u00abParafrasando quello che ha detto l&#8217;assessore Gigantelli \u2013 fa eco Angelo Palmisano \u2013 dalla prosa alla tragedia il passo \u00e8 molto breve. Quando il gruppo di minoranza ha fatto delle proposte non sono mai state prese in considerazione; contestare oggi la propositivit\u00e0 dell&#8217;opposizione mi sembra scorretto\u00bb.<\/p>\n<p style=\"text-align: justify;\">\u00abAltra scorrettezza morale e politica \u2013 prosegue \u2013 \u00e8 denigrare il lavoro svolto da chi c&#8217;era in passato; un lavoro che giudico soddisfacente poich\u00e9 non si \u00e8 ricorso all&#8217;aiuto di un&#8217;agenzia esterna ma gli accertamenti sono stati eseguiti in maniera autonoma dai dipendenti dell\u2019Ufficio Tributi\u00bb.<\/p>\n<p style=\"text-align: justify;\">Sulle lampade votive, Palmisano ricorda all\u2019assise che nel 2015, in seguito al crollo di una parte del cimitero, si dispose che tutti i cittadini che avevano un proprio defunto nell\u2019area interdetta fossero esonerati dal pagamento del tributo. \u00abAnche quei cittadini sono stati inseriti negli accertamenti, il che conferma che non c&#8217;\u00e8 stato un controllo capillare. Del resto, se sono state inviate circa 6mila cartelle, o tutti i turesi sono evasori totali o c&#8217;\u00e8 un problema di procedure\u00bb. \u00abSono convinto \u2013 conclude \u2013 che oggi l&#8217;Ente non sa quali siano i contribuenti regolari e quali no. Si \u00e8 sparato nel mucchio senza un criterio, creando un disservizio a chi ha pagato regolarmente\u00bb.<\/p>\n<p style=\"text-align: justify;\"><strong>Tundo: \u201cRagazzi, svegliatevi!\u201d<\/strong><\/p>\n<p style=\"text-align: justify;\">D\u2019accordo con il capogruppo anche Paolo Tundo: \u00abChi amministra deve assumersi tutte le responsabilit\u00e0 di come \u00e8 andata questa storia\u00bb. \u00abAvevate il dovere di fare una verifica prima di inviare accertamenti a 6mila turesi. Avete alimentato la rabbia dei cittadini in un momento tragico, in cui la pandemia ha creato un disastro sanitario e socio-economico, solo per far quadrare il Bilancio. Ragazzi, svegliatevi e lavorate per il nostro bene, perch\u00e9 fino ad ora avete fatto zero!\u00bb.<\/p>\n<p style=\"text-align: justify;\"><strong>Spinelli: \u201cUna sconfitta politico-amministrativa\u201d<\/strong><\/p>\n<p style=\"text-align: justify;\">\u00c8 il turno di Sergio Spinelli che, con un intervento approfondito e pacato, mette in fila le criticit\u00e0 delle scelte operate dall\u2019Amministrazione.<\/p>\n<p style=\"text-align: justify;\">\u00abLa nostra richiesta \u2013 esordisce \u2013 \u00e8 stata presentata il 12 gennaio, momento in cui maggiormente si riscontrava il disagio della cittadinanza, in previsione di un imminente Consiglio comunale, che in media viene convocato a cadenza mensile e non una volta ogni due mesi con una caterva di punti all\u2019ordine del giorno. Discutendone prima, dubito che avreste potuto sviscerare questi dati, che comunque poco aggiungono alle problematiche che abbiamo rappresentato\u00bb.<\/p>\n<p style=\"text-align: justify;\">\u00abIronicamente \u2013 rileva Spinelli \u2013 l\u2019assessore invita la minoranza a proporre soluzioni collaborative: sa benissimo che, se ci avesse convocato, avrebbe avuto aiuto in maniera competente e condivisa; non lo ha fatto, salvo rappresentarlo oggi in Consiglio. L&#8217;ironia la rispedisco al mittente e mi auguro che cresciate nella capacit\u00e0 di confrontarvi, perch\u00e9 ne guadagnereste voi e la cittadinanza\u00bb.<\/p>\n<p style=\"text-align: justify;\">\u00ab\u00c8 esattamente questa l\u2019arroganza che denunciamo: la convinzione di chi crede di essere dalla parte del giusto. L\u2019arroganza \u2013 affonda il consigliere \u2013 sta nell\u2019asserire che, a norma di legge, \u00e8 possibile andare a chiedere ad un anziano 80enne la ricevuta di un passo carrabile. Vantarsi di aver incassato somme importanti, perch\u00e9 molte persone non hanno trovato una ricevuta o perch\u00e9 hanno valutato la perdita di tempo di valore inferiore al pagamento dell\u2019accertamento, non \u00e8 un obiettivo raggiunto ma una sconfitta politico-amministrativa del Comune di Turi\u00bb.<\/p>\n<p style=\"text-align: justify;\"><strong>\u201cNon c\u2019\u00e8 stata alcuna verifica\u201d<\/strong><\/p>\n<p style=\"text-align: justify;\">\u00abHo sentito l\u2019assessore dire che ogni cartella \u00e8 stata accuratamente vagliata. Su questo devo dissentire con forza: \u00e8 palese che non ci sia stata un\u2019attenta verifica\u00bb. E, a supporto della propria tesi, Spinelli cita due esempi: le ingiunzioni di pagamento inviate ai proprietari delle aree edificabili, nonostante una sentenza passata in giudicato, e gli avvisi recapitati a cittadini per tratti di strada che erano stati ceduti anni fa.<\/p>\n<p style=\"text-align: justify;\">\u00abL\u2019attenta verifica \u2013 argomenta il consigliere di minoranza \u2013 non la si pu\u00f2 fare da Natale a Santo Stefano perch\u00e9 a San Silvestro scadono i termini e le cartelle devono essere inviate. A maggior ragione se si considera che questa Amministrazione gi\u00e0 da subito ha posto come punto fisso l\u2019equit\u00e0 fiscale e la lotta all\u2019evasione: dal 2019 al dicembre 2020, c\u2019era tempo sufficiente per pretendere questa verifica, evitando di inviare cartelle in maniera indiscriminata\u00bb<\/p>\n<p style=\"text-align: justify;\">\u00ab\u00c8 ovvio \u2013 prosegue \u2013 che lottare contro l&#8217;evasione in questa maniera \u00e8 molto semplice: tiriamo una linea e facciamo fare pulizia direttamente al cittadino. Chi dimostra di aver pagato, bene; se non si trova la ricevuta, la pratica va avanti. L&#8217;obiettivo \u00e8 condivisibile ed ha l\u2019appoggio della minoranza, la metodologia assolutamente no, e non lo diciamo per campagna elettorale ma per fatti concreti\u00bb.<\/p>\n<p style=\"text-align: justify;\">\u00abUno dei suggerimenti che, qualora interpellati, avremmo potuto dare, sarebbe stato quello di inviare gli accertamenti in maniera differenziata nel tempo: una prima parte a luglio e, dopo aver valutato l\u2019esito, si poteva procedere con una seconda tranche, gi\u00e0 depurata dalle problematiche, smorzando l\u2019impatto deleterio che questa operazione ha avuto e che non pu\u00f2 essere ridotto a 36 cartelle annullate\u00bb.<\/p>\n<p style=\"text-align: justify;\">Ultimo aspetto toccato dal consigliere Spinelli \u00e8 il Fondo crediti di dubbia esigibilit\u00e0: \u00abSe diamo per crediti non versati somme che la gente ha pagato, \u00e8 ovvio che questo fondo non si sgonfier\u00e0 mai\u00bb. \u00abOccorre impegnarsi affinch\u00e9 i versamenti vadano in porto. Inoltre, anche laddove ci sia un errore in fase di pagamento, il versamento nel 99% dei casi arriva al Comune di Turi. La mia domanda \u00e8: sappiamo dove vanno a finire questi soldi?\u00bb.<\/p>\n<p style=\"text-align: justify;\"><strong>Sindaco Resta: \u201c\u00c8 la Corte dei Conti a chiamare in causa il passato\u201d<\/strong><\/p>\n<p>\u00abAccolgo favorevolmente le considerazioni del consigliere Spinelli, esposte con la compostezza e il rispetto che lo caratterizzano. Sono stata qui in silenzio ad ascoltarvi \u2013 prende la parola il sindaco Tina Resta \u2013 e mi \u00e8 sembrato che tutti vogliamo andare nella stessa direzione; quanto alle modalit\u00e0 e alle procedure, potremo fare una riflessione alla luce dell\u2019analisi dettagliata di tutti i dati, dagli annullamenti alla tipologia di errori\u00bb.<\/p>\n<p>\u00abUn elemento che mi ha preoccupata \u2013 dichiara il primo cittadino \u2013 \u00e8 la comunicazione della Corte dei Conti del 5 gennaio 2021 in cui \u00e8 scritto che, con riferimento all\u2019evasione tributaria degli esercizi 2017 e 2018, emerge una persistente difficolt\u00e0 dell\u2019Ente nella riscossione delle proprie entrate. In maniera particolare, per IMU e TASI 2017 si \u00e8 riscosso il 3,32%, mentre la capacit\u00e0 di riscossione del 2018 \u00e8 stata pari allo 0%. Davanti a questi dati gravissimi, una riflessione sul passato andrebbe fatta. Non voglio strumentalizzare sul piano politico le missive della Corte dei Conti, ora serve rimboccarsi le maniche\u00bb.<\/p>\n<p>In risposta al consigliere Susca che richiamava i progetti ereditati dalla precedente Amministrazione, il primo cittadino precisa: \u00abQuei progetti hanno tante problematiche tecniche, che certamente non dipendono dal sindaco che mi ha preceduto ma da una responsabilit\u00e0 tecnica\u00bb. \u00abSono necessarie varianti ai progetti e per correttezza istituzionale ho messo al corrente l\u2019ex sindaco Coppi, che ha concordato sulle oggettive difficolt\u00e0\u00bb.<\/p>\n<p>Passando alle tempistiche di attuazione del programma di lotta all\u2019evasione, il sindaco ricorda che \u00abil Responsabile del Settore Economico-Finanziario, la dott.ssa Rossini, \u00e8 andata via a fine 2019; per 6 mesi abbiamo tamponato con la dott.ssa Calisi che, avendo vinto un concorso nel Comune di Trinitapoli, ora lavora a scavalco. Ho riconfermato la sua nomina a caposettore e spero che, attivando le opportune procedure, la dott.ssa Calisi possa ritornare stabilmente nel nostro Ente\u00bb. \u00abQuesta non \u00e8 una giustificazione \u2013 sottolinea \u2013 ma \u00e8 una maniera per dire che molti passaggi che si potevano fare in maniera pi\u00f9 analitica, come auspicava il consigliere Spinelli, diventano molto pi\u00f9 complessi senza caposettore e una stabilit\u00e0 dell\u2019Ente\u00bb.<\/p>\n<p>\u00abMi spiace per i cittadini che si sono sentiti vessati \u2013 termina \u2013 ma erano interventi richiesti dalla legge ed era necessario mettere un minimo di ordine nei conti pubblici\u00bb.<\/p>\n<p style=\"text-align: right;\"><strong>FD<\/strong><\/p>\n","protected":false},"excerpt":{"rendered":"<p><img loading=\"lazy\" decoding=\"async\" src=\"https:\/\/live.staticflickr.com\/65535\/51009981108_4ab2f2414a_n.jpg\" alt=\"min\" width=\"320\" height=\"171\" \/><\/p>\n","protected":false},"author":1,"featured_media":0,"comment_status":"open","ping_status":"closed","sticky":false,"template":"","format":"standard","meta":{"colormag_page_container_layout":"default_layout","colormag_page_sidebar_layout":"default_layout","footnotes":""},"categories":[4],"tags":[],"class_list":["post-18218","post","type-post","status-publish","format-standard","hentry","category-politica"],"_links":{"self":[{"href":"https:\/\/archivioturi.lavocedelpaese.info\/index.php\/wp-json\/wp\/v2\/posts\/18218","targetHints":{"allow":["GET"]}}],"collection":[{"href":"https:\/\/archivioturi.lavocedelpaese.info\/index.php\/wp-json\/wp\/v2\/posts"}],"about":[{"href":"https:\/\/archivioturi.lavocedelpaese.info\/index.php\/wp-json\/wp\/v2\/types\/post"}],"author":[{"embeddable":true,"href":"https:\/\/archivioturi.lavocedelpaese.info\/index.php\/wp-json\/wp\/v2\/users\/1"}],"replies":[{"embeddable":true,"href":"https:\/\/archivioturi.lavocedelpaese.info\/index.php\/wp-json\/wp\/v2\/comments?post=18218"}],"version-history":[{"count":0,"href":"https:\/\/archivioturi.lavocedelpaese.info\/index.php\/wp-json\/wp\/v2\/posts\/18218\/revisions"}],"wp:attachment":[{"href":"https:\/\/archivioturi.lavocedelpaese.info\/index.php\/wp-json\/wp\/v2\/media?parent=18218"}],"wp:term":[{"taxonomy":"category","embeddable":true,"href":"https:\/\/archivioturi.lavocedelpaese.info\/index.php\/wp-json\/wp\/v2\/categories?post=18218"},{"taxonomy":"post_tag","embeddable":true,"href":"https:\/\/archivioturi.lavocedelpaese.info\/index.php\/wp-json\/wp\/v2\/tags?post=18218"}],"curies":[{"name":"wp","href":"https:\/\/api.w.org\/{rel}","templated":true}]}}