{"id":18208,"date":"2021-03-08T09:03:40","date_gmt":"2021-03-08T09:03:40","guid":{"rendered":"https:\/\/archivioturi.lavocedelpaese.info\/index.php\/2021\/03\/08\/il-nuovo-regolamento-della-polizia-locale\/"},"modified":"2021-03-08T09:03:40","modified_gmt":"2021-03-08T09:03:40","slug":"il-nuovo-regolamento-della-polizia-locale","status":"publish","type":"post","link":"https:\/\/archivioturi.lavocedelpaese.info\/index.php\/2021\/03\/08\/il-nuovo-regolamento-della-polizia-locale\/","title":{"rendered":"Il nuovo Regolamento della Polizia Locale"},"content":{"rendered":"<p><img loading=\"lazy\" decoding=\"async\" src=\"https:\/\/live.staticflickr.com\/65535\/51009892633_afb91896c1_o.jpg\" alt=\"consiglio comnale 01.03.21\" width=\"320\" height=\"362\" \/><\/p>\n<p style=\"text-align: center;\"><strong>Votato all\u2019unanimit\u00e0, introduce maggiore attenzione al randagismo e alla deontologia degli agenti, dotati di una strumentazione operativa pi\u00f9 efficace<\/strong><\/p>\n<p style=\"text-align: justify;\">Il Consiglio comunale, riunitosi luned\u00ec 1\u00b0 marzo, ha esaminato il nuovo Regolamento della Polizia Locale che, come ha illustrato il consigliere Teresita De Florio, \u00e8 stato necessario riscrivere parzialmente in virt\u00f9 \u00abdelle previsioni normative della Regione Puglia\u00bb che hanno rivisto compiti e funzioni del Corpo di Polizia Locale.<\/p>\n<p style=\"text-align: justify;\">\u00abNovit\u00e0 assoluta rispetto al passato \u2013 spiega il consigliere delegato \u2013 riguarda la selezione del personale: tra le prove di concorso, oltre a quella scritta e orale, \u00e8 stata introdotta una terza prova, quella fisica, che mira ad attestare l\u2019idoneit\u00e0 del candidato ad assolvere i compiti esterni pi\u00f9 impegnativi, quale la viabilit\u00e0, la sicurezza urbana e la polizia amministrativa\u00bb.<\/p>\n<p style=\"text-align: justify;\">\u00abAltro aspetto importante \u2013 prosegue \u2013 riguarda il comportamento che gli agenti devono tenere in pubblico e nella vita privata: il loro comportamento deve essere improntato alla massima correttezza, evitando atteggiamenti e azioni che possano ingenerare nei cittadini la percezione di privilegi o favoritismi, in modo da riscuotere stima, fiducia e rispetto da parte della collettivit\u00e0\u00bb.<\/p>\n<p style=\"text-align: justify;\">Infine, viene implementata anche la strumentazione a disposizione della Polizia Locale: \u00abGli agenti saranno dotati di strumenti di autotutela, quali lo spray anti-aggressione, il distanziatore, il giubbotto di protezione balistica nonch\u00e9 i guanti anti-taglio e anti-perforazione. Chiaramente, il personale effettuer\u00e0 un corso di formazione sul corretto uso di questi strumenti\u00bb.<\/p>\n<p style=\"text-align: justify;\">Prima di dare lettura degli articoli emendati, il consigliere De Florio ci ha tenuto a ringraziare \u00abil sindaco per l\u2019incarico ricevuto e il dott. Raffaele Campanella, Comandate della Polizia Locale di Turi, che ha saputo redigere la bozza del testo, migliorandolo step per step con suggerimenti provenienti sia dalla politica che dal personale\u00bb.<\/p>\n<p style=\"text-align: justify;\"><strong>10 anni di Servizio Viabilit\u00e0 per i neoassunti<\/strong><\/p>\n<p style=\"text-align: justify;\">Una delle modifiche apportate al Regolamento su cui l\u2019assise si \u00e8 confrontata ha riguardato l\u2019articolo 2: approvato all\u2019unanimit\u00e0 l\u2019emendamento al comma 3, che introduce tra le funzioni del Corpo di Polizia Locale una \u201cparticolare attenzione all\u2019attivit\u00e0 di controllo del randagismo\u201d, il consigliere Giannalisa Zaccheo ha proposto una modifica della norma contenuta al comma 2, numero 9, che prevede che i nuovi assunti vengano adibiti al Servizio Viabilit\u00e0 per un periodo non inferiore a 10 anni.<\/p>\n<p style=\"text-align: justify;\">\u00ab\u00c8 un periodo un po\u2019 lungo\u00bb \u2013 riflette il consigliere di minoranza, suggerendo al Consiglio di ridurre questo lasso di tempo a 5 anni. Il timore \u00e8 che tale vincolo \u00abpossa precludere la partecipazione di giovani talentuosi\u00bb che, scoraggiati dal dover ricoprire una mansione \u201cal di sotto\u201d delle proprie competenze per cos\u00ec tanto tempo, potrebbero preferire i bandi di altri Comuni in cui ci sono limiti inferiori.<\/p>\n<p style=\"text-align: justify;\">Il Comandante Campanella replica che la norma \u00abrisponde all&#8217;interesse della Pubblica Amministrazione di destinare i neoassunti al controllo del territorio, giacch\u00e9 l&#8217;Ente ha gi\u00e0 una gestione delle mansioni amministrative\u00bb. \u00abLa stessa formulazione del comma \u2013 aggiunge \u2013 non esclude che, laddove ci sia l\u2019assunzione di personale che abbia competenze superiori, il Comandante possa, per ragioni di efficienza ed efficacia, utilizzare il dipendente in compiti differenti dalla viabilit\u00e0\u00bb.<\/p>\n<p style=\"text-align: justify;\">\u00abLa mia proposta mira a rendere oggettivo il criterio di valutazione, piuttosto che lasciarlo alla discrezionalit\u00e0 dell\u2019Ufficio\u00bb \u2013 insiste il consigliere Zaccheo.<\/p>\n<p style=\"text-align: justify;\">Il Comandante Campanella, formalizzando il suo parere tecnico contrario all\u2019emendamento, ribadisce che \u00abil periodo di 10 anni non costituisce un paletto insormontabile\u00bb e che occorre stabilire \u00abun limite certo e chiaro, in modo che chiunque venga assunto non pensi che dopo pochi anni possa fare solo attivit\u00e0 interna\u00bb.<\/p>\n<p style=\"text-align: justify;\">Alla fine del dibattito, l\u2019emendamento della Zaccheo viene bocciato e si procede speditamente all\u2019esame degli altri articoli emendati. Prima del voto finale, che licenzia il Regolamento all\u2019unanimit\u00e0, il Comandante Campanella informa che l\u2019allegato sulla convivenza civile resta in vigore: sar\u00e0 oggetto di successive modifiche, gi\u00e0 approntate, che verranno sottoposte al vaglio del Consiglio comunale.<\/p>\n<p style=\"text-align: right;\"><strong>Fabio D\u2019Aprile<\/strong><\/p>\n","protected":false},"excerpt":{"rendered":"<p><img loading=\"lazy\" decoding=\"async\" src=\"https:\/\/live.staticflickr.com\/65535\/51009892633_afb91896c1_o.jpg\" alt=\"consiglio comnale 01.03.21\" width=\"320\" height=\"362\" \/><\/p>\n","protected":false},"author":1,"featured_media":0,"comment_status":"open","ping_status":"closed","sticky":false,"template":"","format":"standard","meta":{"colormag_page_container_layout":"default_layout","colormag_page_sidebar_layout":"default_layout","footnotes":""},"categories":[4],"tags":[],"class_list":["post-18208","post","type-post","status-publish","format-standard","hentry","category-politica"],"_links":{"self":[{"href":"https:\/\/archivioturi.lavocedelpaese.info\/index.php\/wp-json\/wp\/v2\/posts\/18208","targetHints":{"allow":["GET"]}}],"collection":[{"href":"https:\/\/archivioturi.lavocedelpaese.info\/index.php\/wp-json\/wp\/v2\/posts"}],"about":[{"href":"https:\/\/archivioturi.lavocedelpaese.info\/index.php\/wp-json\/wp\/v2\/types\/post"}],"author":[{"embeddable":true,"href":"https:\/\/archivioturi.lavocedelpaese.info\/index.php\/wp-json\/wp\/v2\/users\/1"}],"replies":[{"embeddable":true,"href":"https:\/\/archivioturi.lavocedelpaese.info\/index.php\/wp-json\/wp\/v2\/comments?post=18208"}],"version-history":[{"count":0,"href":"https:\/\/archivioturi.lavocedelpaese.info\/index.php\/wp-json\/wp\/v2\/posts\/18208\/revisions"}],"wp:attachment":[{"href":"https:\/\/archivioturi.lavocedelpaese.info\/index.php\/wp-json\/wp\/v2\/media?parent=18208"}],"wp:term":[{"taxonomy":"category","embeddable":true,"href":"https:\/\/archivioturi.lavocedelpaese.info\/index.php\/wp-json\/wp\/v2\/categories?post=18208"},{"taxonomy":"post_tag","embeddable":true,"href":"https:\/\/archivioturi.lavocedelpaese.info\/index.php\/wp-json\/wp\/v2\/tags?post=18208"}],"curies":[{"name":"wp","href":"https:\/\/api.w.org\/{rel}","templated":true}]}}