{"id":18156,"date":"2021-02-13T06:16:17","date_gmt":"2021-02-13T06:16:17","guid":{"rendered":"https:\/\/archivioturi.lavocedelpaese.info\/index.php\/2021\/02\/13\/cuore-di-banda-sbarca-sui-social-per-la-sua-terza-edizione\/"},"modified":"2021-02-13T06:16:17","modified_gmt":"2021-02-13T06:16:17","slug":"cuore-di-banda-sbarca-sui-social-per-la-sua-terza-edizione","status":"publish","type":"post","link":"https:\/\/archivioturi.lavocedelpaese.info\/index.php\/2021\/02\/13\/cuore-di-banda-sbarca-sui-social-per-la-sua-terza-edizione\/","title":{"rendered":"\u201cCuore di Banda\u201d sbarca sui social per la sua terza edizione"},"content":{"rendered":"<p><img loading=\"lazy\" decoding=\"async\" src=\"https:\/\/live.staticflickr.com\/65535\/50936251988_6050247d22_n.jpg\" alt=\"cuore di banda\" width=\"320\" height=\"183\" \/><\/p>\n<p style=\"text-align: center;\"><strong>Previsti 46 appuntamenti, dal 13 febbraio al 31 agosto: si parte con un incontro on-line sul tema \u201cBandemia Appulo-Lucana\u201d<\/strong><\/p>\n<p style=\"text-align: justify;\">Nonostante le perduranti difficolt\u00e0 dovute all&#8217;emergenza sanitaria anche \u201cCuore di Banda\u201d, il festival sull&#8217;identit\u00e0 musicale pugliese organizzato dai comuni di Acquaviva delle Fonti, Sammichele e Turi, ha deciso di avviare la sua terza edizione in modalit\u00e0 on-line, attraverso il proprio profilo Facebook. La speranza degli organizzatori, nel corso dei 46 appuntamenti previsti in cartellone da sabato 13 febbraio al 31 agosto, \u00e8 che il pubblico possa tornare a usufruire gli eventi in presenza al pi\u00f9 presto possibile.<\/p>\n<p style=\"text-align: justify;\"><strong>SI PARTE CON UNA \u201cBANDEMIA\u201d<\/strong><\/p>\n<p style=\"text-align: justify;\">La terza edizione della rassegna parte dunque sabato 13 febbraio alle 17 (in replica domenica 14 sull&#8217;emittente Radio Futura) con l&#8217;incontro on-line sul tema &#8220;Bandemia Appulo-Lucana&#8221;, durante il quale musicisti pugliesi e lucani racconteranno e confronteranno la loro interessante esperienza di &#8220;resistenza musicale&#8221; al Covid, a cavallo tra le due aree murgiane.<\/p>\n<p style=\"text-align: justify;\"><strong>CITT\u00c0 E BANDA, MUSICA E GESTO<\/strong><\/p>\n<p style=\"text-align: justify;\">Questa edizione di &#8220;Cuore di Banda&#8221; si svilupper\u00e0 intorno a due temi principali. Il primo riguarda il rapporto tra &#8220;Citt\u00e0 e Banda&#8221; e, pi\u00f9 in generale, il rapporto tra citt\u00e0 e musica. L&#8217;altro riguarda il rapporto tra musica e &#8220;gesto&#8221;, inteso come contaminazione con il teatro, il cinema e la danza. Da Acquaviva delle Fonti a Rapallo, da Turi a Napoli, da Mola di Bari a Panni, sindaci, direttori di banda e musicisti racconteranno i loro luoghi e come stanno &#8220;sopravvivendo&#8221; a questo difficile momento storico che, si spera in estate, possa ritornale alla &#8220;normalit\u00e0&#8221; con esibizioni dal vivo e concerti in presenza del pubblico.<\/p>\n<p style=\"text-align: justify;\"><strong>UN\u2019ASTINENZA PROLUNGATA<\/strong><\/p>\n<p style=\"text-align: justify;\">In tal senso va ricordato quanto accaduto il 21 giugno 2020, giorno in cui andava in scena il flash mob \u201cFesta Sia!\u201d: \u00abIl 21 giugno usciamo dai social e partecipiamo tutti, nelle piazze del nostro Bel Paese, nel nome di chi non vuole tradire la tradizione. Bande musicali, Street Band, Gruppi Folk, Majorettes, Sbandieratori e tutti gli operatori del settore Festa daranno vita a un flash mob musicale per sensibilizzare le autorit\u00e0 civili ed ecclesiastiche al rispetto e alla tutela di un patrimonio culturale e materiale condiviso da centinaia di migliaia di persone! Facciamo sentire la nostra voce! Manifestiamo tutti, per difendere una storia che deve continuare!\u00bb.<\/p>\n<p style=\"text-align: justify;\">Presente all\u2019interno del gruppo promotore \u201cFesta Sia!\u201d per la tutela delle feste patronali anche Nuccio Gargano, presidente di \u201cCasa delle Idee\u201d e guida della Conturband: \u00abOggi \u2013 raccontava ai nostri microfoni \u2013 siamo tornati con la Conturband in una pubblica esibizione, in quel di Polignano a Mare, nel luogo simbolico della musica di Puglia che spicca il volo verso il mondo, dopo 4 mesi di astinenza reale, per la nobile causa di \u201cFesta Sia!\u201d. La Conturband di Turi, da sempre pioniera nell&#8217;ambito dell\u2019innovazione e della sperimentazione musicale bandistica, oggi in prima fila per la difesa della tradizione ed il ritorno delle feste nelle piazze\u00bb.<\/p>\n<p style=\"text-align: justify;\">L\u2019astinenza, com\u2019era difficile prevedere ed auspicarsi, sarebbe poi durata ben oltre 4 mesi.<\/p>\n<p style=\"text-align: right;\"><strong>LEONARDO FLORIO<\/strong><\/p>\n","protected":false},"excerpt":{"rendered":"<p><img loading=\"lazy\" decoding=\"async\" src=\"https:\/\/live.staticflickr.com\/65535\/50936251988_6050247d22_n.jpg\" alt=\"cuore di banda\" width=\"320\" height=\"183\" \/><\/p>\n","protected":false},"author":1,"featured_media":0,"comment_status":"open","ping_status":"closed","sticky":false,"template":"","format":"standard","meta":{"colormag_page_container_layout":"default_layout","colormag_page_sidebar_layout":"default_layout","footnotes":""},"categories":[6],"tags":[],"class_list":["post-18156","post","type-post","status-publish","format-standard","hentry","category-cultura"],"_links":{"self":[{"href":"https:\/\/archivioturi.lavocedelpaese.info\/index.php\/wp-json\/wp\/v2\/posts\/18156","targetHints":{"allow":["GET"]}}],"collection":[{"href":"https:\/\/archivioturi.lavocedelpaese.info\/index.php\/wp-json\/wp\/v2\/posts"}],"about":[{"href":"https:\/\/archivioturi.lavocedelpaese.info\/index.php\/wp-json\/wp\/v2\/types\/post"}],"author":[{"embeddable":true,"href":"https:\/\/archivioturi.lavocedelpaese.info\/index.php\/wp-json\/wp\/v2\/users\/1"}],"replies":[{"embeddable":true,"href":"https:\/\/archivioturi.lavocedelpaese.info\/index.php\/wp-json\/wp\/v2\/comments?post=18156"}],"version-history":[{"count":0,"href":"https:\/\/archivioturi.lavocedelpaese.info\/index.php\/wp-json\/wp\/v2\/posts\/18156\/revisions"}],"wp:attachment":[{"href":"https:\/\/archivioturi.lavocedelpaese.info\/index.php\/wp-json\/wp\/v2\/media?parent=18156"}],"wp:term":[{"taxonomy":"category","embeddable":true,"href":"https:\/\/archivioturi.lavocedelpaese.info\/index.php\/wp-json\/wp\/v2\/categories?post=18156"},{"taxonomy":"post_tag","embeddable":true,"href":"https:\/\/archivioturi.lavocedelpaese.info\/index.php\/wp-json\/wp\/v2\/tags?post=18156"}],"curies":[{"name":"wp","href":"https:\/\/api.w.org\/{rel}","templated":true}]}}