{"id":18124,"date":"2021-01-29T06:03:38","date_gmt":"2021-01-29T06:03:38","guid":{"rendered":"https:\/\/archivioturi.lavocedelpaese.info\/index.php\/2021\/01\/29\/tutto-o-quasi-su-paolo-florio\/"},"modified":"2021-01-29T06:03:38","modified_gmt":"2021-01-29T06:03:38","slug":"tutto-o-quasi-su-paolo-florio","status":"publish","type":"post","link":"https:\/\/archivioturi.lavocedelpaese.info\/index.php\/2021\/01\/29\/tutto-o-quasi-su-paolo-florio\/","title":{"rendered":"Tutto, o quasi, su Paolo Florio"},"content":{"rendered":"<p><img loading=\"lazy\" decoding=\"async\" src=\"https:\/\/live.staticflickr.com\/65535\/50872444343_f99df5ea7c_n.jpg\" alt=\"FLORIO - PRESEPE 1\" width=\"320\" height=\"208\" \/><\/p>\n<p style=\"text-align: center;\"><strong>La passione per l\u2019antiquariato, i restauri, l\u2019arte presepiale, la personale svolta pittorica ed un\u2019unica dolce ossessione: \u201cI Vecchi Tempi\u201d<\/strong><\/p>\n<p style=\"text-align: justify;\">\u00c8 ormai trascorso un mese dallo scorso Natale; la magia di quei giorni ha gi\u00e0 ceduto il passo a nuove consapevolezze, se non altro alla luce di un calendario che si \u00e8 rinnovato, mentre, nostro malgrado, la realt\u00e0 che ci circonda appare immobile, imprigionata in una condizione di stasi.<\/p>\n<p style=\"text-align: justify;\">Il mondo gira, compie la sua rivoluzione astronomica, mentre i suoi passeggeri restano fermi, come in una sorta di carillon incantato. Fintanto che la giostra non decida di fermarsi, l\u2019unica cosa che resta da fare \u00e8 provare ad ingannare la propria mente del contrario, alimentandola, perpetuandone la volont\u00e0 di potenza attraverso la cultura, la creativit\u00e0, lo sviluppo di progetti. Per questa ragione, oltre che per fini di intrattenimento intellettuale, torniamo quest\u2019oggi ad approfondire quanto le meraviglie del nostro paese: gli artisti turesi e le loro opere. Certo, abbiamo eccellenze gastronomiche invidiabili nel panorama nazionale, ma \u00e8 opportuno deliziare e nutrire anche la mente.<\/p>\n<p><img loading=\"lazy\" decoding=\"async\" src=\"https:\/\/live.staticflickr.com\/65535\/50872443848_cfdfaeccb1_n.jpg\" alt=\"paolo florio\" style=\"margin: 6px; float: right;\" width=\"251\" height=\"320\" \/><\/p>\n<p style=\"text-align: justify;\">In tal senso, Paolo Florio \u00e8 senza dubbio pane prezioso per i nostri denti; da tempo, infatti, il nostro concittadino \u00e8 protagonista in diverse manifestazioni culturali del nostro paese, sia per puro proposito personale che al fianco e a capo dell\u2019associazione \u201cI Vecchi Tempi\u201d, una squadra encomiabile, sempre pronta a dare il massimo impegno per la collettivit\u00e0. In occasione del Natale scorso, \u201cI Vecchi Tempi\u201d sono stati fondamentali nella realizzazione del presepe installato in piazza Silvio Orlandi, sotto il sapiente coordinamento di \u201cIn Piazza\u201d: \u00abNonostante il Covid \u2013 spiega Paolo Florio \u2013 collaborando con \u201cIn Piazza\u201d e \u201cTurpuglia\u201d, abbiamo realizzato un presepe statico, con una dedica speciale a Don Giovanni Cipriani e, nel complesso, a tutto il nostro centro storico\u00bb.<\/p>\n<p style=\"text-align: justify;\">Ebbene, per poter degnamente salutare la magia natalizia, nonch\u00e9 per le altre ragioni prima esposte, abbiamo deciso di coinvolgere Paolo Florio in un\u2019intervista a 360 gradi. L\u2019intento \u00e8 ambizioso, se non altro alla luce delle diverse declinazioni artistiche in cui ritroviamo Paolo Florio, presidente dell\u2019associazione \u201cI Vecchi Tempi\u201d.<\/p>\n<p style=\"text-align: justify;\"><strong>SALVARE IL PASSATO E RENDERLO PRESENTE<\/strong><\/p>\n<p style=\"text-align: justify;\"><strong>Da quanto tempo coltivi la tua passione per i presepi?<\/strong><\/p>\n<p><img loading=\"lazy\" decoding=\"async\" src=\"https:\/\/live.staticflickr.com\/65535\/50873147291_78e4c158a9_n.jpg\" alt=\"FLORIO PRESEPI\" style=\"margin: 6px; float: left;\" width=\"320\" height=\"246\" \/><\/p>\n<p style=\"text-align: justify;\">\u00abDa anni dedico a questa ed altre passioni le ore della mia giornata post-lavorativa. Tutto \u00e8 partito dal mio interesse verso l\u2019antiquariato. Ho sempre creduto nell\u2019importanza di ritrovare e salvare gli oggetti che venivano utilizzati in passato e che rappresentano il mondo dei nostri padri, nonni e dei nostri avi. E cos\u00ec ho iniziato a restaurare questi \u201creperti\u201d, riportando alla luce la loro originaria bellezza e la loro funzionalit\u00e0, strappandoli dalla condanna dell\u2019inutilit\u00e0, dell\u2019abbandono. Ad un certo punto ho capito che mi sarebbe piaciuto spingermi oltre, al di l\u00e0 del semplice collezionismo e restauro; volevo che il mio lavoro accumulato negli anni fosse visibile al pubblico, magari durante uno dei nostri allestimenti: fu questa la mia svolta. Il mio primo obiettivo fu trovare un locale da destinare a tale scopo. E cos\u00ec, nel 2008, riuscii a ricavarmi la possibilit\u00e0 di restaurare il vecchio forno di Pol\u00f9cce \u201cu\u2019 fern\u00e8re\u201d; dopo un anno di duro impegno sono onorato di non aver deluso le aspettative di Chiara, figlia di Pol\u00f9cce, grazie alla preziosa collaborazione di Paolo Borracci, vice presidente de \u201cI Vecchi Tempi\u201d\u00bb.<\/p>\n<p style=\"text-align: justify;\"><strong>IL PRESEPE \u00c8\u2026 OGNI GIORNO<\/strong><\/p>\n<p style=\"text-align: justify;\">\u00abLa storia stessa dell\u2019associazione \u00e8 profondamente legata alla passione, fortemente condivisa da me, Paolo e da tutti i soci, per le mostre presepiali, per l\u2019antiquariato in generale e per le nostre origini. Difatti, proprio per tutti questi motivi, abbiamo deciso di chiamare la nostra associazione \u201cI Vecchi Tempi\u201d. Nel 2011, in occasione della realizzazione del presepe all\u2019interno del forno in via D\u2019Addante, da noi poi rinominato \u201cIl forno dell\u2019arte\u201d, abbiamo avuto un ottimo riscontro, che ci ha dato una spinta a proseguire nel nostro modus operandi. Anno dopo anno, infatti, siamo rimasti sempre in attivit\u00e0, presentando diverse novit\u00e0, spaziando dagli allestimenti presepiali a quelli di arte contadina, talvolta inserita in contesti sacri. Abbiamo preso parte anche ad iniziative benefiche, in sinergia con altre associazioni\u00bb.<\/p>\n<p style=\"text-align: justify;\"><strong>Tornando invece all\u2019arte presepiale?<\/strong><\/p>\n<p><img loading=\"lazy\" decoding=\"async\" src=\"https:\/\/live.staticflickr.com\/65535\/50872444053_8d33d99602_n.jpg\" alt=\"FLORIO - SCULTURA\" style=\"margin: 6px; float: right;\" width=\"240\" height=\"320\" \/><\/p>\n<p style=\"text-align: justify;\">\u00abPossiamo dire che, dal 2010 in poi, in tutti i presepi viventi di Turi c\u2019\u00e8 sempre stata la mia collaborazione e quella de \u201cI Vecchi Tempi\u201d, dall&#8217;inizio alla fine. Siamo felici di aver potuto sperimentare diverse tipologie di presepe qui a Turi: presepi viventi, mostre, collocandoci di volta in volta in vari punti del paese. C\u2019\u00e8 sempre stato da parte nostra grande impegno, passione, voglia di migliorarci, per dare il massimo ai turesi. Non ci siamo mai risparmiati e abbiamo sempre lavorato con onest\u00e0, soprattutto quando le circostanze non erano favorevoli. Il nostro \u00e8 stato un percorso duro, ma fortunatamente sempre gradito e applaudito dal pubblico. Ad oggi sono trascorsi 11 anni, durante i quali siamo riusciti anche ad esportare la nostra arte presepiale, a farla conoscere in altri paesi e citt\u00e0, sempre portando avanti, con orgoglio, il nome di Turi e quello de \u201cI Vecchi Tempi\u201d\u00bb.<\/p>\n<p style=\"text-align: justify;\"><strong>Quanti presepi riuscireste a realizzare con il materiale a vostra disposizione?<\/strong><\/p>\n<p style=\"text-align: justify;\">\u00abVeramente tanti. Come dicevo, negli anni abbiamo cercato di innovarci, di sperimentare nuovi generi, accumulando via via tantissimo materiale. Personalmente credo di vivere il presepe tutto l\u2019anno. \u00c8 come se fosse una seconda casa. Dedico giorni e giorni a trovare nuove espressioni per la nativit\u00e0, per degli scorci. \u00c8 importante aggiornarsi costantemente\u00bb.<\/p>\n<p style=\"text-align: justify;\"><strong>Qual \u00e8 stato, stando anche ai tuoi ricordi, il presepe vivente pi\u00f9 bello sino ad ora rappresentato a Turi?<\/strong><\/p>\n<p style=\"text-align: justify;\">\u00abSono stati tutti belli, ognuno con le sue caratteristiche, differenziandosi nei percorsi, nelle scene, nei figuranti; ma tutti comunque da premiare: non \u00e8 semplice organizzare un presepe vivente\u00bb.<\/p>\n<p style=\"text-align: justify;\"><strong>VIVERE I PROPRI COLORI<\/strong><\/p>\n<p><img loading=\"lazy\" decoding=\"async\" src=\"https:\/\/live.staticflickr.com\/65535\/50873147141_33b3d8b852_n.jpg\" alt=\"FLORIO - PITTURA 1\" style=\"margin: 6px; float: left;\" width=\"320\" height=\"248\" \/><\/p>\n<p style=\"text-align: justify;\">A proposito di novit\u00e0, sotto il sole degli ultimi due anni sono apparsi i primi dipinti di Paolo Florio. La sua giovanissima produzione vanta gi\u00e0 alcune opere di ritrattistica, ma anche di denuncia sociale.<\/p>\n<p style=\"text-align: justify;\"><strong>Cosa ti ha spinto ad intraprendere l\u2019arte pittorica?<\/strong><\/p>\n<p style=\"text-align: justify;\">\u00abAvendo avuto la possibilit\u00e0 negli anni di collaborare con diversi artisti, credo che siano stati loro a stimolarmi, ad ispirarmi; almeno a titolo di prova. All&#8217;inizio, ovviamente, la voglia di dipingere era strettamente collegata all\u2019arte presepiale: cercavo di dar pi\u00f9 vivacit\u00e0 ai miei presepi, di renderli completi, magari dipingendo uno sfondo che ritenevo adatto. E cos\u00ec ho deciso di iniziare a frequentare corsi di pittura\u00bb.<\/p>\n<p style=\"text-align: justify;\"><img loading=\"lazy\" decoding=\"async\" src=\"https:\/\/live.staticflickr.com\/65535\/50873147126_b6d9bc2f3c_n.jpg\" alt=\"FLORIO - PITTURA SOCIALE 2\" style=\"margin: 6px; float: right;\" width=\"320\" height=\"239\" \/><strong>Per quanto riguarda lo sfondo sociale di alcuni tuoi quadri?<\/strong><\/p>\n<p style=\"text-align: justify;\">\u00abProtesto contro l&#8217;ingiustizia di questo mondo, nelle sue forme pi\u00f9 crudeli: lo sfruttamento minorile, il femminicidio, l\u2019inquinamento. Pensiamo al terribile caso dell\u2019Ilva, ad esempio, a cui ho dedicato un mio quadro. Mi capita anche di impegnarmi nella ritrattistica, adottando uno stile contemporaneo. Mi trovo molto bene con l\u2019acrilico. \u00c8 mia intenzione per il futuro prossimo mostrare tutto ci\u00f2 che ho fatto in quasi 2 anni di corso; per questo vorrei ringraziare i nostri maestri: Fabio Castellaneta, Vincenzo Cipriani e Daniela Angelillo, sempre attenti e pazienti nel seguire noi allievi\u00bb.<\/p>\n<p><strong>Cosa significa per te la pittura?<\/strong><\/p>\n<p style=\"text-align: justify;\">\u00abStare in pace con se stessi e allo stesso tempo vivere i propri colori. \u00c8 questo l\u2019abbinamento che la pittura rende possibile\u00bb.<\/p>\n<p style=\"text-align: justify;\">Prima di passare all\u2019epilogo dell\u2019intervista, ci sia concesso porre sotto i riflettori una miniatura della torre dell\u2019orologio realizzata da Paolo Florio, felici di sapere che intanto, sulla torre \u201ca grandezza naturale\u201d si avvicinano i riflettori del FAI.<\/p>\n<p style=\"text-align: justify;\"><strong>COME PRIMA, MEGLIO DI PRIMA<\/strong><\/p>\n<p><img loading=\"lazy\" decoding=\"async\" src=\"https:\/\/live.staticflickr.com\/65535\/50873147176_005a542ba2_n.jpg\" alt=\"FLORIO - FEMMINICIDIO\" style=\"margin: 6px; float: left;\" width=\"247\" height=\"320\" \/><\/p>\n<p style=\"text-align: justify;\"><strong>Cosa ti auguri per la cultura e l\u2019arte a Turi?<\/strong><\/p>\n<p style=\"text-align: justify;\">\u00abL&#8217;arte \u00e8 molto importante; la cultura \u00e8 essenziale. Perci\u00f2 mi auguro che ognuno di noi dia il suo contributo per arricchire il nostro paese sotto questo punto di vista.<\/p>\n<p style=\"text-align: justify;\">I miei progetti e quelli dell&#8217;associazione consistono da sempre nel riunire tutti gli amici e le conoscenze che hanno dedicato anni all&#8217;arte e far s\u00ec che possano metterla a disposizione paese; con un calendario da seguire, creando un laboratorio artistico-didattico con corsi vari ecc. Tutto ci\u00f2, naturalmente, continuer\u00e0 ad essere possibile fino a quando avremo la fiducia dei turesi e dell\u2019Amministrazione; a causa delle restrizioni in atto, capiamo che non \u00e8 semplice per nessuno.<\/p>\n<p style=\"text-align: justify;\">Mi auguro quindi che in questo 2021 il mondo possa tornare ad essere come prima e noi uomini e donne ad essere pi\u00f9 responsabili, rispettosi, solidali verso i pi\u00f9 deboli e soprattutto forti nel riuscire a rialzarci. Per questo, faccio i miei migliori auguri di buon anno a tutti. Un grande augurio anche alla nostra associazione e ai loro membri. Sereno 2021!\u00bb.<\/p>\n<p style=\"text-align: right;\"><strong>LEONARDO FLORIO<\/strong><\/p>\n","protected":false},"excerpt":{"rendered":"<p><img loading=\"lazy\" decoding=\"async\" src=\"https:\/\/live.staticflickr.com\/65535\/50872444343_f99df5ea7c_n.jpg\" alt=\"FLORIO - PRESEPE 1\" width=\"320\" height=\"208\" \/><\/p>\n","protected":false},"author":1,"featured_media":0,"comment_status":"open","ping_status":"closed","sticky":false,"template":"","format":"standard","meta":{"colormag_page_container_layout":"default_layout","colormag_page_sidebar_layout":"default_layout","footnotes":""},"categories":[6],"tags":[],"class_list":["post-18124","post","type-post","status-publish","format-standard","hentry","category-cultura"],"_links":{"self":[{"href":"https:\/\/archivioturi.lavocedelpaese.info\/index.php\/wp-json\/wp\/v2\/posts\/18124","targetHints":{"allow":["GET"]}}],"collection":[{"href":"https:\/\/archivioturi.lavocedelpaese.info\/index.php\/wp-json\/wp\/v2\/posts"}],"about":[{"href":"https:\/\/archivioturi.lavocedelpaese.info\/index.php\/wp-json\/wp\/v2\/types\/post"}],"author":[{"embeddable":true,"href":"https:\/\/archivioturi.lavocedelpaese.info\/index.php\/wp-json\/wp\/v2\/users\/1"}],"replies":[{"embeddable":true,"href":"https:\/\/archivioturi.lavocedelpaese.info\/index.php\/wp-json\/wp\/v2\/comments?post=18124"}],"version-history":[{"count":0,"href":"https:\/\/archivioturi.lavocedelpaese.info\/index.php\/wp-json\/wp\/v2\/posts\/18124\/revisions"}],"wp:attachment":[{"href":"https:\/\/archivioturi.lavocedelpaese.info\/index.php\/wp-json\/wp\/v2\/media?parent=18124"}],"wp:term":[{"taxonomy":"category","embeddable":true,"href":"https:\/\/archivioturi.lavocedelpaese.info\/index.php\/wp-json\/wp\/v2\/categories?post=18124"},{"taxonomy":"post_tag","embeddable":true,"href":"https:\/\/archivioturi.lavocedelpaese.info\/index.php\/wp-json\/wp\/v2\/tags?post=18124"}],"curies":[{"name":"wp","href":"https:\/\/api.w.org\/{rel}","templated":true}]}}