{"id":18120,"date":"2021-01-27T06:30:45","date_gmt":"2021-01-27T06:30:45","guid":{"rendered":"https:\/\/archivioturi.lavocedelpaese.info\/index.php\/2021\/01\/27\/caos-tributi-abbiamo-messo-un-punto-fermo\/"},"modified":"2021-01-27T06:30:45","modified_gmt":"2021-01-27T06:30:45","slug":"caos-tributi-abbiamo-messo-un-punto-fermo","status":"publish","type":"post","link":"https:\/\/archivioturi.lavocedelpaese.info\/index.php\/2021\/01\/27\/caos-tributi-abbiamo-messo-un-punto-fermo\/","title":{"rendered":"\u201cCaos tributi, abbiamo messo un punto fermo\u201d"},"content":{"rendered":"<p><img loading=\"lazy\" decoding=\"async\" src=\"https:\/\/live.staticflickr.com\/65535\/50873226457_3200cf76af_n.jpg\" alt=\"Graziano Gigantelli\" width=\"250\" height=\"320\" \/><\/p>\n<p style=\"text-align: center;\"><strong>L\u2019assessore Graziano Gigantelli smonta le polemiche sugli accertamenti dei tributi evasi<\/strong><\/p>\n<p style=\"text-align: justify;\">Non si placa l\u2019animosa diatriba sui tempi e sulle modalit\u00e0 con cui l\u2019Amministrazione Resta ha avviato la riscossione coattiva delle imposte non corrisposte per il biennio 2011-2012 e l\u2019accertamento dei tributi relativi al 2015. Ci \u00e8 apparso dunque doveroso ascoltare la versione dell\u2019assessore Graziano Gigantelli, che ha accettato di rispondere alle nostre domande, facendosi portavoce del punto di vista dell\u2019esecutivo.<\/p>\n<p style=\"text-align: justify;\">Volendo fare una sintesi delle dichiarazioni rilasciateci, l\u2019operazione di contrasto all\u2019evasione tributaria va interpretata come un passo obbligato, sollecitato sia dalla Corte dei Conti che dalla necessit\u00e0 di alleggerire il peso schiacciante del Fondo crediti di dubbia esigibilit\u00e0.<\/p>\n<p style=\"text-align: justify;\">Quanto ai disguidi che si sono verificati, l\u2019assessore invita a non leggere come la volont\u00e0 di vessare i cittadini, bens\u00ec come la conseguenza fisiologica dell\u2019arduo tentativo di rimettere ordine in un settore, quello dei tributi, che da sempre naviga in acque burrascose, in buona parte a causa della carenza di personale che non ha consentito di esercitare un\u2019azione seria e corretta di controllo.<\/p>\n<p style=\"text-align: justify;\">Infine, a chi oggi si finge \u201csorpreso\u201d per questa iniziativa, basterebbe ricordare che l\u2019equit\u00e0 fiscale \u2013 e dunque l\u2019azione di recupero delle tasse evase \u2013 \u00e8 stato uno dei punti guida del programma elettorale dell\u2019Amministrazione Resta, ribadito a pi\u00f9 riprese sui palchi e messo nero su bianco nel DUP (Documento Unico di Programmazione) presentato all\u2019intero Consiglio comunale.<\/p>\n<p style=\"text-align: justify;\"><strong>Perch\u00e9 inviare gli accertamenti in un periodo storico cos\u00ec delicato?<\/strong><\/p>\n<p style=\"text-align: justify;\">\u00abNon si pu\u00f2 scegliere quando inviare gli accertamenti, esistono norme tributarie che impongono i tempi entro cui l\u2019Ente \u00e8 obbligato a muoversi. Nel nostro caso, non essendoci stato alcun provvedimento da parte del Governo centrale, l\u2019attivit\u00e0 di recupero relativa al 2015 doveva necessariamente attuarsi ora.<\/p>\n<p style=\"text-align: justify;\">A questo si aggiunga che, alla fine dello scorso anno, abbiamo ricevuto una seconda nota ufficiale della Corte dei Conti, indirizzata al sindaco e al revisore, in cui si sollecitavano interventi pi\u00f9 incisivi in merito al contrasto all\u2019evasione fiscale. Nella comunicazione, il magistrato istruttore evidenzia che per il 2017 si \u00e8 riusciti a incassare appena il 3% dei tributi accertati, mentre per il 2018 non risulta alcuna attivit\u00e0 di riscossione.<\/p>\n<p style=\"text-align: justify;\">Infine, questa operazione \u00e8 stata sollecitata dall\u2019imperativo di ridurre il Fondo crediti di dubbia esigibilit\u00e0, che per il Bilancio consuntivo del 2019 ha superato i 3 milioni di euro. Un peso che sta soffocando qualsiasi azione amministrativa, imbrigliando la realizzazione del nostro programma di governo, e che rischia di far lievitare le tasse proprio a causa delle mancate riscossioni registrate negli anni precedenti\u00bb.<\/p>\n<p style=\"text-align: justify;\"><strong>Quante cartelle sono state spedite?<\/strong><\/p>\n<p style=\"text-align: justify;\">\u00abCirca 1.300 per la TARI e 1400 per l\u2019IMU, con una previsione di introito rispettivamente pari a 490 mila euro e 650 mila euro. Quanto ai tributi minori (Cosap, passi carrabili e lampade votive) e alla TASI, il numero di accertamenti \u00e8 pi\u00f9 ampio, in parte perch\u00e9 l\u2019Ufficio non ha ricevuto in maniera corretta i dati di chi ha pagato, in parte perch\u00e9 molti cittadini non sapevano che nel 2015 la TASI andava corrisposta anche per la prima casa\u00bb.<\/p>\n<p style=\"text-align: justify;\"><strong>Una delle obiezioni \u00e8 che si rischia di infierire sui cittadini gi\u00e0 in difficolt\u00e0.<\/strong><\/p>\n<p style=\"text-align: justify;\">\u00abBisogna partire da un presupposto: questa \u00e8 un\u2019operazione di trasparenza ed equit\u00e0 fiscale a vantaggio di tutti i cittadini che sono sempre stati corretti e che offre la possibilit\u00e0 a quanti non hanno voluto pagare di regolarizzare la propria posizione.<\/p>\n<p style=\"text-align: justify;\">Non c\u2019\u00e8 alcun accanimento sulle fasce pi\u00f9 deboli, al contrario i dati ci dicono che il 30% delle risorse da recuperare \u00e8 costituito da un numero molto esiguo di contribuenti. Dir\u00f2 di pi\u00f9: il 50% dell\u2019evaso si spalma su appena il 7% degli accertati. Fondamentalmente, sono interessate due categorie: i cittadini particolarmente benestanti e gli \u201cevasori seriali\u201d, che hanno accumulato negli anni un cospicuo debito\u00bb.<\/p>\n<p style=\"text-align: justify;\"><strong>Veniamo alla questione \u201cerrori\u201d. A cosa vanno imputati?<\/strong><\/p>\n<p style=\"text-align: justify;\">\u00abIn primis, va detto che ci siamo trovati di fronte a un database non aggiornato e dunque non pienamente affidabile. A tal proposito, va ricordato che l\u2019Ufficio Tributi era ed \u00e8 sottodimensionato, potendo contare solo su due unit\u00e0 lavorative che sono a malapena sufficienti per gestire il lavoro ordinario.<\/p>\n<p style=\"text-align: justify;\">Detto questo, ci sono vari motivi per cui hanno ricevuto l\u2019accertamento anche i cittadini che hanno pagato regolarmente le tasse comunali. Da errori di digitazione dei codici alla mancata comunicazione dei dati del contribuente da parte degli operatori privati.<\/p>\n<p style=\"text-align: justify;\">Al momento non abbiamo un report esaustivo sulle diverse casistiche delle contestazioni; fra due mesi avremo una situazione ben definita e potremo ragionare su numeri consolidati, illustrando il risultato raggiunto. Un risultato che, sono certo, restituir\u00e0 all\u2019Ente l\u2019opportunit\u00e0 di ritornare a respirare e ad attuare i progetti che l\u2019Amministrazione ha in programma\u00bb.<\/p>\n<p style=\"text-align: justify;\"><strong>Perch\u00e9 non sono stati eseguiti gli adeguati controlli prima di inviare le cartelle?<\/strong><\/p>\n<p style=\"text-align: justify;\">\u00abLa tipologia di controlli richiesti non poteva essere svolta preventivamente. Parliamo di \u201cerrori\u201d avvenuti in una fase, quella del pagamento del tributo, su cui l\u2019Ufficio non ha alcun controllo. Ecco perch\u00e9 occorre che il contribuente esibisca copia del versamento e ci permetta di bonificare la banca dati in possesso dell\u2019Ente.<\/p>\n<p style=\"text-align: justify;\">Ci scusiamo con i cittadini per il disagio ma questo inconveniente spero venga letto come la garanzia che il paese \u00e8 guidato da un\u2019Amministrazione che sta operando seriamente per mettere ordine, una volta per tutte, nel calderone della gestione dei tributi\u00bb.<\/p>\n<p style=\"text-align: justify;\"><strong>Quali canali di supporto avete attivato per i cittadini?<\/strong><\/p>\n<p style=\"text-align: justify;\">\u00abL\u2019Ufficio Tributi \u00e8 aperto al pubblico marted\u00ec, gioved\u00ec e venerd\u00ec. Si accede previa prenotazione ai numeri 080\/4517512 e 080\/45117538 o inviando una e-mail agli indirizzi m.pellegrino@comune.turi.ba.it oppure m.mazzotta@comune.turi.ba.it<\/p>\n<p style=\"text-align: justify;\">Per velocizzare il disbrigo delle pratiche, abbiamo creato due percorsi distinti: uno dedicato a IMU, TARI e tributi minori relativi al 2015 e uno per le ingiunzioni di pagamento relative al triennio 2010-2012.<\/p>\n<p style=\"text-align: justify;\">Ci tengo a precisare che l\u2019Ufficio sta accogliendo il contribuente offrendo tutta la disponibilit\u00e0 e la pazienza che serve per fornire spiegazioni e chiarimenti. Allo stesso modo, i cittadini si stanno comportando in maniera educata e rispettosa, ignorando quanti sui social esprimono frettolose condanne, senza avere riscontri reali, facendo il gioco di chi, approfittando della vulnerabilit\u00e0 del sistema dei controlli, volutamente non ha pagato. Anzi, aggiungo che, una volta spiegato il presupposto dell\u2019accertamento, molti contribuenti hanno richiesto di regolarizzare la propria posizione anche per gli anni successivi, avvalendosi di un piano di rateizzazione che l\u2019Ufficio \u00e8 pronto a predisporre con la massima flessibilit\u00e0\u00bb.<\/p>\n<p style=\"text-align: right;\"><strong>Fabio D\u2019Aprile<\/strong><\/p>\n","protected":false},"excerpt":{"rendered":"<p><img loading=\"lazy\" decoding=\"async\" src=\"https:\/\/live.staticflickr.com\/65535\/50873226457_3200cf76af_n.jpg\" alt=\"Graziano Gigantelli\" width=\"250\" height=\"320\" \/><\/p>\n","protected":false},"author":1,"featured_media":0,"comment_status":"open","ping_status":"closed","sticky":false,"template":"","format":"standard","meta":{"colormag_page_container_layout":"default_layout","colormag_page_sidebar_layout":"default_layout","footnotes":""},"categories":[4],"tags":[],"class_list":["post-18120","post","type-post","status-publish","format-standard","hentry","category-politica"],"_links":{"self":[{"href":"https:\/\/archivioturi.lavocedelpaese.info\/index.php\/wp-json\/wp\/v2\/posts\/18120","targetHints":{"allow":["GET"]}}],"collection":[{"href":"https:\/\/archivioturi.lavocedelpaese.info\/index.php\/wp-json\/wp\/v2\/posts"}],"about":[{"href":"https:\/\/archivioturi.lavocedelpaese.info\/index.php\/wp-json\/wp\/v2\/types\/post"}],"author":[{"embeddable":true,"href":"https:\/\/archivioturi.lavocedelpaese.info\/index.php\/wp-json\/wp\/v2\/users\/1"}],"replies":[{"embeddable":true,"href":"https:\/\/archivioturi.lavocedelpaese.info\/index.php\/wp-json\/wp\/v2\/comments?post=18120"}],"version-history":[{"count":0,"href":"https:\/\/archivioturi.lavocedelpaese.info\/index.php\/wp-json\/wp\/v2\/posts\/18120\/revisions"}],"wp:attachment":[{"href":"https:\/\/archivioturi.lavocedelpaese.info\/index.php\/wp-json\/wp\/v2\/media?parent=18120"}],"wp:term":[{"taxonomy":"category","embeddable":true,"href":"https:\/\/archivioturi.lavocedelpaese.info\/index.php\/wp-json\/wp\/v2\/categories?post=18120"},{"taxonomy":"post_tag","embeddable":true,"href":"https:\/\/archivioturi.lavocedelpaese.info\/index.php\/wp-json\/wp\/v2\/tags?post=18120"}],"curies":[{"name":"wp","href":"https:\/\/api.w.org\/{rel}","templated":true}]}}