{"id":18108,"date":"2021-01-21T07:52:27","date_gmt":"2021-01-21T07:52:27","guid":{"rendered":"https:\/\/archivioturi.lavocedelpaese.info\/index.php\/2021\/01\/21\/come-quelle-immersioni-che-non-ero-capace-ad-imparare\/"},"modified":"2021-01-21T07:52:27","modified_gmt":"2021-01-21T07:52:27","slug":"come-quelle-immersioni-che-non-ero-capace-ad-imparare","status":"publish","type":"post","link":"https:\/\/archivioturi.lavocedelpaese.info\/index.php\/2021\/01\/21\/come-quelle-immersioni-che-non-ero-capace-ad-imparare\/","title":{"rendered":"\u201cCome quelle immersioni che non ero capace ad imparare\u201d"},"content":{"rendered":"<p><img loading=\"lazy\" decoding=\"async\" src=\"https:\/\/live.staticflickr.com\/65535\/50838692043_baec3c7d84_n.jpg\" alt=\"gasparro\" width=\"320\" height=\"268\" \/><\/p>\n<p style=\"text-align: center;\"><strong>Una delle poesie inedite di Jacopo Gasparro, turese classe \u201995, \u00e8 stata inserita nella rubrica \u201cAi blocchi di partenza\u201d della pagina \u201cPoeti Oggi\u201d<\/strong><\/p>\n<p style=\"text-align: justify;\">\u201cPoeti Oggi\u201d, la pagina Facebook fondata a inizio 2020 da Luca Bresciani, e frutto di una sua lungimirante intuizione, conta oggi migliaia di frequentatori abituali che, a cadenza giornaliera, possono leggere una poesia selezionata dalla redazione fra gli autori contemporanei che inviano loro proposte o vengono segnalati dai collaboratori. Dal 29 ottobre 2020, con l\u2019invito che stiamo per proporvi nel prossimo paragrafo, la pagina Facebook \u201cPoeti Oggi\u201d dedica uno spazio riservato ai poeti esordienti: \u201cBlocchi di Partenza\u201d a cura di Fabrizio Bregoli. La rubrica, come veniva annunciato sul sito dello stesso Regoli, \u201ccomprender\u00e0 il testo della poesia degli autori selezionati e una breve nota di lettura, che vuole essere di guida e di dialogo con l\u2019autore\u201d.<\/p>\n<p style=\"text-align: justify;\"><strong>LA CHIAMATA ALLE\u2026 PENNE<\/strong><\/p>\n<p style=\"text-align: justify;\">\u00ab\u201cPoeti Oggi\u201d \u00e8 uno spazio nato per diffondere la poesia italiana contemporanea attraverso i Social Media, fondato e gestito da Luca Bresciani che \u00e8 il direttore editoriale, il responsabile della comunicazione e il curatore grafico. Tutte le proposte che giungono dagli autori e dalle case editrici vengono valutate e organizzate da Luca Bresciani. Tutte le risposte vengono evase da Luca Bresciani e in nessun caso i collaboratori di Poeti Oggi sono responsabili di quanto viene comunicato. In nessun caso i collaboratori di Poeti Oggi vanno contattati personalmente dagli autori che sono invitati a utilizzare solo l&#8217;indirizzo poetioggi@gmail.com per candidarsi, inviando tre testi editi o inediti in un unico allegato Word. Gli autori selezionati per la pubblicazione verranno contattati entro due mesi dall\u2019invio. Grazie e buona poesia a tutti\u00bb \u2013 queste le parole pubblicate il 29 ottobre scorso sulla pagina Facebook \u201cPoeti Oggi\u201d.<\/p>\n<p style=\"text-align: justify;\"><strong>LA POESIA DI JACOPO GASPARRO<\/strong><\/p>\n<p style=\"text-align: justify;\">Ai \u201cblocchi di partenza\u201d, tra le tante promettenti penne selezionate da Fabrizio Regoli all\u2019interno della sua rubrica, figura anche un turese: Jacopo Gasparro, classe \u201995. Ecco di seguito il suo suggestivo elaborato, un testo chiaramente inedito, approfondito, come anticipavamo, dall\u2019analisi critica di Fabrizio Regoli.<\/p>\n<p style=\"text-align: center;\"><em>Mi rimproveri la briciola al piccione<\/em><\/p>\n<p style=\"text-align: center;\"><em>e al gabbiano prendi la misura<\/em><\/p>\n<p style=\"text-align: center;\"><em>come respirassero arie diverse.<\/em><\/p>\n<p style=\"text-align: center;\"><em>Fosse anche questione di traiettorie<\/em><\/p>\n<p style=\"text-align: center;\"><em>non mi offende la morbida, e la dura<\/em><\/p>\n<p style=\"text-align: center;\"><em>mi ritorna, come quelle immersioni<\/em><\/p>\n<p style=\"text-align: center;\"><em>che non ero capace ad imparare.<\/em><\/p>\n<p style=\"text-align: justify;\"><strong>L\u2019ANALISI DI FABRIZIO REGOLI<\/strong><\/p>\n<p style=\"text-align: justify;\">\u00abSi rivolge a un tu imprecisato Jacopo Gasparro, un tu (\u201cfalsovero\u201d come in Sereni?) che lo rimprovera su una questione apparentemente secondaria (si veda anche l\u2019uso di \u201cbriciola\u201d), che diventa per\u00f2 il perno da cui prende l\u2019avvio la parola poetica; in linea con molta contemporaneit\u00e0 sono le \u201cnugae\u201d a dare senso all\u2019indagine, ad aprire varchi insospettati\u00bb \u2013 commenta Regoli. Per i profani, \u201cnugae\u201d \u00e8 un termine latino coniato dal poeta latino Catullo per definire la prima parte della sua raccolta di poesie che lui considerava appunto delle \u201cnugae\u201d, cio\u00e8 delle sciocchezze, inezie, cose da nulla. Le \u201cnugae\u201d cui Regoli fa riferimento sarebbero le \u201cbriciole\u201d di cui parla Gasparro nel suo componimento, allegoria, dunque, di un qualcosa di poco conto, di un\u2019inezia, che tuttavia \u2013 come sottolinea Regoli \u2013 fornisce l\u2019incipit poetico.<\/p>\n<p style=\"text-align: justify;\">\u00abNella terzina iniziale \u2013 prosegue cos\u00ec l\u2019analisi \u2013 il riferimento evidente alla tradizione pi\u00f9 consolidata (il nobile \u201cgabbiano\u201d) \u00e8 da subito posto in contrapposizione con il dato esistenziale pi\u00f9 circostanziato (un pi\u00f9 prosaico \u201cpiccione\u201d): non esistono barriere e gerarchie &#8211; intuiamo che l\u2019autore ci voglia comunicare &#8211; identiche le questioni esistenziali che ci appartengono. Ecco allora l\u2019affondo che si sviluppa nella quartina finale: per quanto le questioni che ci appartengano possano apparire da prospettive o \u201ctraiettorie\u201d apparentemente diverse, \u00e8 invece lo stesso il sostrato a cui ineriamo, il respiro di cui siamo parte. Tuttavia questo tentativo di penetrare al cuore delle cose, impresa dove la poesia pu\u00f2 porsi come strumento dialettico, sembra essere sotto scacco, \u00e8 messa ironicamente in discussione: non ci sono \u201cimmersioni\u201d o catabasi rivelatrici che si possano mai apprendere, si \u00e8 sempre confinati alla superficie delle cose, l\u2019unica dalla quale \u00e8 possibile prendere una \u201cmisura\u201d, incapace per\u00f2 di colmare e raccordare la distanza\u00bb.<\/p>\n<p style=\"text-align: justify;\">\u00abIl testo si contraddistingue per il suo tono anti-oracolare e molto ironico, qualit\u00e0 questa troppo spesso rara nella poesia contemporanea: la provocazione \u00e8 riuscita; il sapore epigrammatico \u00e8 convincente. Resta alla fine della lettura un sapore straniato e straniante, dolce-amaro (o \u201cmorbido-duro\u201d sul piano lessicale e sonoro), capace di generare interessanti risonanze di senso, dubbi irrisolti che fanno del testo una mappa solo parzialmente decifrata\u00bb.<\/p>\n<p style=\"text-align: right;\"><strong>LEONARDO FLORIO<\/strong><\/p>\n","protected":false},"excerpt":{"rendered":"<p><img loading=\"lazy\" decoding=\"async\" src=\"https:\/\/live.staticflickr.com\/65535\/50838692043_baec3c7d84_n.jpg\" alt=\"gasparro\" width=\"320\" height=\"268\" \/><\/p>\n","protected":false},"author":1,"featured_media":0,"comment_status":"open","ping_status":"closed","sticky":false,"template":"","format":"standard","meta":{"colormag_page_container_layout":"default_layout","colormag_page_sidebar_layout":"default_layout","footnotes":""},"categories":[6],"tags":[],"class_list":["post-18108","post","type-post","status-publish","format-standard","hentry","category-cultura"],"_links":{"self":[{"href":"https:\/\/archivioturi.lavocedelpaese.info\/index.php\/wp-json\/wp\/v2\/posts\/18108","targetHints":{"allow":["GET"]}}],"collection":[{"href":"https:\/\/archivioturi.lavocedelpaese.info\/index.php\/wp-json\/wp\/v2\/posts"}],"about":[{"href":"https:\/\/archivioturi.lavocedelpaese.info\/index.php\/wp-json\/wp\/v2\/types\/post"}],"author":[{"embeddable":true,"href":"https:\/\/archivioturi.lavocedelpaese.info\/index.php\/wp-json\/wp\/v2\/users\/1"}],"replies":[{"embeddable":true,"href":"https:\/\/archivioturi.lavocedelpaese.info\/index.php\/wp-json\/wp\/v2\/comments?post=18108"}],"version-history":[{"count":0,"href":"https:\/\/archivioturi.lavocedelpaese.info\/index.php\/wp-json\/wp\/v2\/posts\/18108\/revisions"}],"wp:attachment":[{"href":"https:\/\/archivioturi.lavocedelpaese.info\/index.php\/wp-json\/wp\/v2\/media?parent=18108"}],"wp:term":[{"taxonomy":"category","embeddable":true,"href":"https:\/\/archivioturi.lavocedelpaese.info\/index.php\/wp-json\/wp\/v2\/categories?post=18108"},{"taxonomy":"post_tag","embeddable":true,"href":"https:\/\/archivioturi.lavocedelpaese.info\/index.php\/wp-json\/wp\/v2\/tags?post=18108"}],"curies":[{"name":"wp","href":"https:\/\/api.w.org\/{rel}","templated":true}]}}