{"id":18102,"date":"2021-01-19T09:00:18","date_gmt":"2021-01-19T09:00:18","guid":{"rendered":"https:\/\/archivioturi.lavocedelpaese.info\/index.php\/2021\/01\/19\/gelate-2020-ecco-come-richiedere-i-benefici\/"},"modified":"2021-01-19T09:00:18","modified_gmt":"2021-01-19T09:00:18","slug":"gelate-2020-ecco-come-richiedere-i-benefici","status":"publish","type":"post","link":"https:\/\/archivioturi.lavocedelpaese.info\/index.php\/2021\/01\/19\/gelate-2020-ecco-come-richiedere-i-benefici\/","title":{"rendered":"Gelate 2020, ecco come richiedere i benefici"},"content":{"rendered":"<p><img loading=\"lazy\" decoding=\"async\" src=\"https:\/\/live.staticflickr.com\/65535\/50839478937_4bfd423ce8_n.jpg\" alt=\"138354339_242590043904240_6825213890274152050_o\" width=\"240\" height=\"320\" \/><\/p>\n<p style=\"text-align: center;\"><strong>Le istanze di \u201cristoro\u201d dovranno essere consegnate all\u2019Ufficio Suap entro il 6 febbraio<\/strong><\/p>\n<p style=\"text-align: justify;\">Come vi abbiamo raccontato la scorsa settimana, il Ministero delle Politiche Agricole, con decreto di declaratoria emanato lo scorso 23 dicembre, ha riconosciuto lo stato di calamit\u00e0 per le gelate che hanno investito le nostre campagne tra le fine di marzo e l\u2019inizio di aprile 2020, danneggiando seriamente le produzioni agricole.<\/p>\n<p style=\"text-align: justify;\">L\u2019assessore Stefano Dell\u2019Aera aveva salutato l\u2019insperato traguardo come il riconoscimento degli sforzi che l\u2019Amministrazione aveva messo in campo, in intesa con le associazioni di categoria, per \u201cmotivare\u201d la Regione Puglia a farsi portavoce presso il Governo nazionale delle istanze del comparto agricolo turese. Un settore che, oltre a resistere agli urti dell\u2019emergenza sanitaria, si era ritrovato a difendere la propria sopravvivenza anche dalle conseguenze delle condizioni meteorologiche \u201cstraordinariamente ostili\u201d, che in alcuni casi avevano cancellato con un colpo di spugna il lavoro di un intero anno.<\/p>\n<p style=\"text-align: justify;\">Dell\u2019Aera concludeva il suo intervento annunciando che presto avrebbe comunicato le modalit\u00e0 per accedere ai benefici previsti. Impegno onorato a distanza di una manciata di giorni: luned\u00ec 11 gennaio, infatti, l\u2019assessore \u00e8 ritornato sui social informando la cittadinanza che l\u2019Amministrazione ha emanato l\u2019avviso pubblico che disciplina l\u2019accesso alle provvidenze stabilite dalla legge.<\/p>\n<p style=\"text-align: justify;\"><strong>Le istruzioni per presentare la domanda<\/strong><\/p>\n<p style=\"text-align: justify;\">Nel dettaglio, gli operatori agricoli che hanno sub\u00ecto un danno superiore al 30% della produzione lorda vendibile aziendale hanno diritto a presentare domanda per ottenere un \u201crisarcimento\u201d \u2013 chiaramente proporzionale alle perdite registrate \u2013 che si articola in quattro opzioni: contributo in conto capitale, prestito ad ammortamento quinquennale a tasso agevolato, proroga delle operazioni di credito agrario o agevolazioni previdenziali.<\/p>\n<p style=\"text-align: justify;\">L\u2019istanza va presentata all\u2019Ufficio Suap (Sportello Unico per le Attivit\u00e0 Produttive) entro il 6 febbraio, utilizzando il modulo disponibile sull\u2019Albo Pretorio, scaricabile anche dalla pagina Facebook istituzione del Comune di Turi (<a href=\"https:\/\/www.comune.turi.ba.it\/it\/component\/k2\/item\/3742\" target=\"_blank\" rel=\"noopener\">https:\/\/www.comune.turi.ba.it\/it\/component\/k2\/item\/3742<\/a>).<\/p>\n<p style=\"text-align: justify;\">Tutta la documentazione dovr\u00e0 essere trasmessa esclusivamente al seguente indirizzo di posta elettronica certificata suap.comuneturi@pec.rupar.puglia.it; in caso contrario, la domanda non sar\u00e0 considerata valida.<\/p>\n<p style=\"text-align: justify;\">Per informazioni e chiarimenti, conclude l\u2019assessore Dell\u2019Aera, \u00e8 possibile contattare il Settore Polizia Locale &#8211; Suap il marted\u00ec pomeriggio (dalle ore 16:00 alle are 18:00) e il gioved\u00ec mattina (dalle ore 10:00 alle ore 12:00) al numero 080\/4517548 o tramite mail (<a href=\"mailto:suap.comuneturi@pec.rupar.puglia.it\" target=\"_blank\" rel=\"noopener\">suap.comuneturi@pec.rupar.puglia.it<\/a>).<\/p>\n<p style=\"text-align: right;\"><strong>FD<\/strong><\/p>\n","protected":false},"excerpt":{"rendered":"<p><img loading=\"lazy\" decoding=\"async\" src=\"https:\/\/live.staticflickr.com\/65535\/50839478937_4bfd423ce8_n.jpg\" alt=\"138354339_242590043904240_6825213890274152050_o\" width=\"240\" height=\"320\" \/><\/p>\n","protected":false},"author":1,"featured_media":0,"comment_status":"open","ping_status":"closed","sticky":false,"template":"","format":"standard","meta":{"colormag_page_container_layout":"default_layout","colormag_page_sidebar_layout":"default_layout","footnotes":""},"categories":[7],"tags":[],"class_list":["post-18102","post","type-post","status-publish","format-standard","hentry","category-attualita"],"_links":{"self":[{"href":"https:\/\/archivioturi.lavocedelpaese.info\/index.php\/wp-json\/wp\/v2\/posts\/18102","targetHints":{"allow":["GET"]}}],"collection":[{"href":"https:\/\/archivioturi.lavocedelpaese.info\/index.php\/wp-json\/wp\/v2\/posts"}],"about":[{"href":"https:\/\/archivioturi.lavocedelpaese.info\/index.php\/wp-json\/wp\/v2\/types\/post"}],"author":[{"embeddable":true,"href":"https:\/\/archivioturi.lavocedelpaese.info\/index.php\/wp-json\/wp\/v2\/users\/1"}],"replies":[{"embeddable":true,"href":"https:\/\/archivioturi.lavocedelpaese.info\/index.php\/wp-json\/wp\/v2\/comments?post=18102"}],"version-history":[{"count":0,"href":"https:\/\/archivioturi.lavocedelpaese.info\/index.php\/wp-json\/wp\/v2\/posts\/18102\/revisions"}],"wp:attachment":[{"href":"https:\/\/archivioturi.lavocedelpaese.info\/index.php\/wp-json\/wp\/v2\/media?parent=18102"}],"wp:term":[{"taxonomy":"category","embeddable":true,"href":"https:\/\/archivioturi.lavocedelpaese.info\/index.php\/wp-json\/wp\/v2\/categories?post=18102"},{"taxonomy":"post_tag","embeddable":true,"href":"https:\/\/archivioturi.lavocedelpaese.info\/index.php\/wp-json\/wp\/v2\/tags?post=18102"}],"curies":[{"name":"wp","href":"https:\/\/api.w.org\/{rel}","templated":true}]}}