{"id":18099,"date":"2021-01-18T09:00:10","date_gmt":"2021-01-18T09:00:10","guid":{"rendered":"https:\/\/archivioturi.lavocedelpaese.info\/index.php\/2021\/01\/18\/nelle-gocce-di-questo-vaccino-ce-il-nostro-futuro\/"},"modified":"2021-01-18T09:00:10","modified_gmt":"2021-01-18T09:00:10","slug":"nelle-gocce-di-questo-vaccino-ce-il-nostro-futuro","status":"publish","type":"post","link":"https:\/\/archivioturi.lavocedelpaese.info\/index.php\/2021\/01\/18\/nelle-gocce-di-questo-vaccino-ce-il-nostro-futuro\/","title":{"rendered":"\u201cNelle gocce di questo vaccino c\u2019\u00e8 il nostro futuro\u201d"},"content":{"rendered":"<p><img loading=\"lazy\" decoding=\"async\" src=\"https:\/\/live.staticflickr.com\/65535\/50839476977_b1969153f5_n.jpg\" alt=\"franco miale asl\" width=\"263\" height=\"320\" \/><\/p>\n<p style=\"text-align: center;\"><strong>La gioia del dott. Franco Miale, responsabile del \u201ccentro vaccinale\u201d turese<\/strong><\/p>\n<p style=\"text-align: justify;\">\u00ab\u00c8 un giorno emozionante per tutti. Un momento \u2013 commenta il dott. Franco Miale \u2013 che segna il passaggio da un\u2019epoca emergenziale drammatica, in cui tutte le componenti sanitarie e comunali hanno fatto il possibile per circoscrivere i gravi riflessi di natura sanitaria e sociale, a un\u2019epoca di speranza. Poniamo le basi della rinascita della nostra comunit\u00e0 sia dal punto di vista sociale, riacquistando la libert\u00e0 e la possibilit\u00e0 di abbracciare gli affetti pi\u00f9 cari, sia dal punto di vista economico. Non \u00e8 iperbolico affermare che nelle gocce di questo vaccino \u00e8 racchiuso il nostro futuro\u00bb.<\/p>\n<p style=\"text-align: justify;\">\u00abPer questa \u201cgiornata zero\u201d della campagna vaccinale \u2013 spiega Miale \u2013 abbiamo richiesto e ricevuto 3 fiale di vaccino. Da ciascuna fiala si ricavano 6 dosi che vanno somministrate entro 4 ore. Rassicuro tutti che il farmaco \u00e8 sicuro e finora non \u00e8 stato riscontrato alcun effetto collaterale degno di nota\u00bb.<\/p>\n<p style=\"text-align: justify;\">\u00abOggi \u2013 chiosa Miale, fiducioso di implementare presto il percorso di vaccinazione con pi\u00f9 sedute alla settimana \u2013 la nostra equipe ha inoculato il vaccino agli operatori sanitari turesi in servizio presso il Dipartimento di Prevenzione dell\u2019ASL; entro la fine della settimana procederemo con i farmacisti e gli ospiti e il personale delle nostre due residenze psichiatriche riabilitative. A seguire, toccher\u00e0 alle Forze dell\u2019Ordine e alle categorie a rischio della popolazione degli ultraottantenni\u00bb.<\/p>\n<p style=\"text-align: justify;\">Per completezza, nei giorni scorsi, una seconda equipe ha eseguito la vaccinazione dei medici di base e degli operatori e dei pazienti delle RSSA turesi.<\/p>\n<p style=\"text-align: justify;\">&nbsp;<\/p>\n","protected":false},"excerpt":{"rendered":"<p><img loading=\"lazy\" decoding=\"async\" src=\"https:\/\/live.staticflickr.com\/65535\/50839476977_b1969153f5_n.jpg\" alt=\"franco miale asl\" width=\"263\" height=\"320\" \/><\/p>\n","protected":false},"author":1,"featured_media":0,"comment_status":"open","ping_status":"closed","sticky":false,"template":"","format":"standard","meta":{"colormag_page_container_layout":"default_layout","colormag_page_sidebar_layout":"default_layout","footnotes":""},"categories":[7],"tags":[],"class_list":["post-18099","post","type-post","status-publish","format-standard","hentry","category-attualita"],"_links":{"self":[{"href":"https:\/\/archivioturi.lavocedelpaese.info\/index.php\/wp-json\/wp\/v2\/posts\/18099","targetHints":{"allow":["GET"]}}],"collection":[{"href":"https:\/\/archivioturi.lavocedelpaese.info\/index.php\/wp-json\/wp\/v2\/posts"}],"about":[{"href":"https:\/\/archivioturi.lavocedelpaese.info\/index.php\/wp-json\/wp\/v2\/types\/post"}],"author":[{"embeddable":true,"href":"https:\/\/archivioturi.lavocedelpaese.info\/index.php\/wp-json\/wp\/v2\/users\/1"}],"replies":[{"embeddable":true,"href":"https:\/\/archivioturi.lavocedelpaese.info\/index.php\/wp-json\/wp\/v2\/comments?post=18099"}],"version-history":[{"count":0,"href":"https:\/\/archivioturi.lavocedelpaese.info\/index.php\/wp-json\/wp\/v2\/posts\/18099\/revisions"}],"wp:attachment":[{"href":"https:\/\/archivioturi.lavocedelpaese.info\/index.php\/wp-json\/wp\/v2\/media?parent=18099"}],"wp:term":[{"taxonomy":"category","embeddable":true,"href":"https:\/\/archivioturi.lavocedelpaese.info\/index.php\/wp-json\/wp\/v2\/categories?post=18099"},{"taxonomy":"post_tag","embeddable":true,"href":"https:\/\/archivioturi.lavocedelpaese.info\/index.php\/wp-json\/wp\/v2\/tags?post=18099"}],"curies":[{"name":"wp","href":"https:\/\/api.w.org\/{rel}","templated":true}]}}