{"id":18089,"date":"2021-01-13T09:08:26","date_gmt":"2021-01-13T09:08:26","guid":{"rendered":"https:\/\/archivioturi.lavocedelpaese.info\/index.php\/2021\/01\/13\/incoscienza-natalizia-contagiati-interi-nuclei-familiari\/"},"modified":"2021-01-13T09:08:26","modified_gmt":"2021-01-13T09:08:26","slug":"incoscienza-natalizia-contagiati-interi-nuclei-familiari","status":"publish","type":"post","link":"https:\/\/archivioturi.lavocedelpaese.info\/index.php\/2021\/01\/13\/incoscienza-natalizia-contagiati-interi-nuclei-familiari\/","title":{"rendered":"Incoscienza natalizia: contagiati interi nuclei familiari"},"content":{"rendered":"<p><img loading=\"lazy\" decoding=\"async\" src=\"https:\/\/live.staticflickr.com\/65535\/50819190777_90782b5351_n.jpg\" alt=\"controlli covid (1)\" width=\"320\" height=\"223\" \/><\/p>\n<p style=\"text-align: center;\"><strong>Il consigliere Teresita De Florio fornisce i dati dei controlli effettuati e delle sanzioni elevate per contrastare i contagi da Covid-19<\/strong><\/p>\n<p style=\"text-align: justify;\">\u201cAbbiamo evitato il lockdown generalizzato ma ora non dobbiamo abbassare la guardia. Dobbiamo scongiurare una terza ondata che potrebbe arrivare gi\u00e0 a gennaio e non essere meno violenta della prima\u201d \u2013 queste le dichiarazioni del premier Conte rilasciate nella serata del 3 dicembre scorso, in occasione dell\u2019ufficializzazione del DPCM entrato in vigore a partire dal giorno successivo.<\/p>\n<p style=\"text-align: justify;\">Come si sono comportati gli italiani durante le festivit\u00e0 natalizie? C\u2019\u00e8 stata la cautela tanto auspicata? Intanto, da una notizia pubblicata gioved\u00ec 7 gennaio sul portale della Corriere della Sera, si apprende che: \u00abMezza Italia da luned\u00ec potrebbe essere in fascia arancione. Se in Emilia-Romagna si d\u00e0 per scontata l\u2019ordinanza del Ministro della Salute Roberto Speranza e nel Lazio si guarda con apprensione \u00abal peggioramento della curva\u00bb, il Veneto ieri aveva superato la soglia, la Lombardia era al limite e la Liguria appena sotto. Rischio alto anche per Piemonte, Puglia, Calabria e Basilicata. La situazione \u00e8 ancora critica tanto che Walter Ricciardi, consulente dello stesso Speranza, insiste a chiedere \u201cun lockdown minimale di due mesi, parola che terrorizza i politici, ma che viene attuato in Germania e Gran Bretagna\u201d, pur sapendo che il governo continua ad escluderlo\u00bb.<\/p>\n<p style=\"text-align: justify;\"><strong>IL DPCM CHE VERR\u00c0\u2026<\/strong><\/p>\n<p style=\"text-align: justify;\">\u00abLa linea \u2013 prosegue Fiorenza Sarzanini del Corriere \u2013 sar\u00e0 comunque di mantenere la stretta e per questo il nuovo Dpcm, su cui si comincer\u00e0 a discutere nel fine settimana per farlo entrare in vigore il 16 gennaio, certamente prevedr\u00e0 regole rigide e la proroga di alcuni divieti, compreso quello di spostamento tra le regioni almeno fino al 31 gennaio. Scontato il rinnovo del coprifuoco alle 22, cos\u00ec come la chiusura di palestre, cinema e teatri. \u00c8 assai probabile che nelle zone gialle bar e ristoranti saranno ancora obbligati a chiudere alle 18. Sono gli scienziati a raccomandare provvedimenti severi come sottolineato nella relazione dell\u2019ultimo bollettino: \u201cSi rammenta la necessit\u00e0 di mantenere la drastica riduzione delle interazioni fisiche tra le persone. \u00c8 fondamentale che la popolazione eviti tutte le occasioni di contatto con persone al di fuori del proprio nucleo abitativo che non siano strettamente necessarie e rimanga a casa il pi\u00f9 possibile. Si ricorda che \u00e8 obbligatorio adottare comportamenti individuali rigorosi e rispettare le misure igienico-sanitarie predisposte relative a distanziamento e uso corretto delle mascherine\u201d\u00bb.<\/p>\n<p style=\"text-align: justify;\"><strong>TUTTO DIPENDE DA NOI<\/strong><\/p>\n<p style=\"text-align: justify;\">Chiarite le premesse e quello che con ogni probabilit\u00e0 sar\u00e0 lo scenario che attende la nostra nazione nelle prossime settimane, torniamo alla domanda posta nelle battute iniziali: c\u2019\u00e8 stata la cautela tanto auspicata? Risale al 2 gennaio l\u2019ultima comunicazione postata sulla pagina Facebook del Comune di Turi in cui si rendeva noto che: \u00abOggi 2 gennaio 2021, la Prefettura ha comunicato 38 nuovi casi positivi al Covid-19. Attualmente i casi positivi sono 80. Si resta in attesa dell&#8217;esito dei tamponi di controllo della RSSA \u201cMamma Rosa\u201d\u00bb.<\/p>\n<p style=\"text-align: justify;\">Insomma, pare che il desiderio di trascorrere il Natale assieme ai propri familiari non abbia incontrato grossi ostacoli anche a Turi che, nonostante questa impennata, resta comunque un\u2019isola \u201cfelice\u201d se paragonata alle citt\u00e0 limitrofe; probabilmente, purtroppo, ancora per poco, poich\u00e9 l\u2019illusione di essere al sicuro ha spinto tantissimi ad una superficialit\u00e0 inammissibile a distanza di quasi un anno dallo scoppio della pandemia.<\/p>\n<p style=\"text-align: justify;\">Lo conferma il consigliere Teresita De Florio: \u00abRitengo che siamo ormai entrati nella cosiddetta terza ondata. Mi rammarica molto constatare l\u2019aumento dei positivi all\u2019interno delle famiglie, perch\u00e9 ci\u00f2 significa che durante le festivit\u00e0 natalizie si sono creati molti assembramenti nelle abitazioni. Positivi, infatti, interi nuclei familiari, compresi alcuni novantenni. Ritengo che mettere a rischio la vita di questi ultimi per poter festeggiare il Natale tutti insieme sia stata, da parte di alcuni turesi, una scelta folle\u00bb.<\/p>\n<p style=\"text-align: justify;\"><strong>Per quanto riguarda, invece, le sanzioni? Pu\u00f2 fornirci qualche dato?<\/strong><\/p>\n<p style=\"text-align: justify;\">\u00abSono state elevate 11 sanzioni per divieto di spostamento e che quindi riguardano cittadini non residenti a Turi che hanno raggiunto la nostra citt\u00e0, pur essendo ci\u00f2 vietato. 2 sanzioni, invece, per persone che non indossavano la mascherina in pubblico. Nessuna per gli assembramenti. Inoltre, siccome prima dell\u2019ultimo DPCM era un reato spostarsi da un Comune all\u2019altro, sono state registrate 5 notizie di reato in tal senso; 1 notizia di reato, invece, per quanto concerne il divieto di allontanamento dalla propria abitazione per chi \u00e8 in quarantena\u00bb.<\/p>\n<p style=\"text-align: justify;\"><strong>Quali sono state le zone del paese maggiormente controllate?<\/strong><\/p>\n<p style=\"text-align: justify;\">\u00abSicuramente \u2013 risponde la De Florio \u2013 la zona centrale e nei pressi delle scuole. Sono stati effettuati 2.500 controlli, tra posti di blocco, controlli a piedi ecc.\u00bb.<\/p>\n<p style=\"text-align: justify;\">Dunque, nonostante una parte della cittadinanza lamenti ad oggi uno scarso controllo del territorio volto a contrastare l\u2019avanzata del Covid-19, le cose non stanno proprio cos\u00ec: le Forze dell\u2019Ordine, infatti, sono continuamente attive in tal senso e se si registra un aumento dei contagi \u00e8 perch\u00e9, con ogni probabilit\u00e0, \u00e8 venuto meno il buonsenso di molti cittadini. D\u2019altronde, tutto dipende da noi e questo lo sappiamo \u2013 o almeno dovremmo \u2013 da quasi un anno.<\/p>\n<p style=\"text-align: justify;\">Prima di concludere, il consigliere De Florio ci anticipa una buona notizia: da venerd\u00ec 7 gennaio, il vaccino anti-Covid sar\u00e0 somministrato ai medici di base turesi.<\/p>\n<p style=\"text-align: right;\"><strong>LEONARDO FLORIO<\/strong><\/p>\n","protected":false},"excerpt":{"rendered":"<p><img loading=\"lazy\" decoding=\"async\" src=\"https:\/\/live.staticflickr.com\/65535\/50819190777_90782b5351_n.jpg\" alt=\"controlli covid (1)\" width=\"320\" height=\"223\" \/><\/p>\n","protected":false},"author":1,"featured_media":0,"comment_status":"open","ping_status":"closed","sticky":false,"template":"","format":"standard","meta":{"colormag_page_container_layout":"default_layout","colormag_page_sidebar_layout":"default_layout","footnotes":""},"categories":[7],"tags":[],"class_list":["post-18089","post","type-post","status-publish","format-standard","hentry","category-attualita"],"_links":{"self":[{"href":"https:\/\/archivioturi.lavocedelpaese.info\/index.php\/wp-json\/wp\/v2\/posts\/18089","targetHints":{"allow":["GET"]}}],"collection":[{"href":"https:\/\/archivioturi.lavocedelpaese.info\/index.php\/wp-json\/wp\/v2\/posts"}],"about":[{"href":"https:\/\/archivioturi.lavocedelpaese.info\/index.php\/wp-json\/wp\/v2\/types\/post"}],"author":[{"embeddable":true,"href":"https:\/\/archivioturi.lavocedelpaese.info\/index.php\/wp-json\/wp\/v2\/users\/1"}],"replies":[{"embeddable":true,"href":"https:\/\/archivioturi.lavocedelpaese.info\/index.php\/wp-json\/wp\/v2\/comments?post=18089"}],"version-history":[{"count":0,"href":"https:\/\/archivioturi.lavocedelpaese.info\/index.php\/wp-json\/wp\/v2\/posts\/18089\/revisions"}],"wp:attachment":[{"href":"https:\/\/archivioturi.lavocedelpaese.info\/index.php\/wp-json\/wp\/v2\/media?parent=18089"}],"wp:term":[{"taxonomy":"category","embeddable":true,"href":"https:\/\/archivioturi.lavocedelpaese.info\/index.php\/wp-json\/wp\/v2\/categories?post=18089"},{"taxonomy":"post_tag","embeddable":true,"href":"https:\/\/archivioturi.lavocedelpaese.info\/index.php\/wp-json\/wp\/v2\/tags?post=18089"}],"curies":[{"name":"wp","href":"https:\/\/api.w.org\/{rel}","templated":true}]}}