{"id":18079,"date":"2021-01-10T08:29:55","date_gmt":"2021-01-10T08:29:55","guid":{"rendered":"https:\/\/archivioturi.lavocedelpaese.info\/index.php\/2021\/01\/10\/turi-in-luce-in-un-click-ecco-i-vincitori\/"},"modified":"2021-01-10T08:29:55","modified_gmt":"2021-01-10T08:29:55","slug":"turi-in-luce-in-un-click-ecco-i-vincitori","status":"publish","type":"post","link":"https:\/\/archivioturi.lavocedelpaese.info\/index.php\/2021\/01\/10\/turi-in-luce-in-un-click-ecco-i-vincitori\/","title":{"rendered":"\u201cTuri in luce\u2026 in un click\u201d, ecco i vincitori"},"content":{"rendered":"<p><img loading=\"lazy\" decoding=\"async\" src=\"https:\/\/live.staticflickr.com\/65535\/50818293643_52fbdc729d_n.jpg\" alt=\"Turi in luce concorso pro loco\" width=\"320\" height=\"222\" \/><\/p>\n<p style=\"text-align: center;\"><strong>Premiati i finalisti del concorso fotografico natalizio ideato dalla Pro Loco<\/strong><\/p>\n<p style=\"text-align: justify;\">Ha avuto termine ieri sera alle ore 23:59 la possibilit\u00e0 di votare la foto pi\u00f9 suggestiva della prima edizione del concorso fotografico \u201cTURI IN LUCE\u2026 in un click\u201d, ideato dalla Pro Loco per contribuire a creare un po\u2019 di atmosfera natalizia in una festa dai toni e dallo spirito pi\u00f9 sommessi.<\/p>\n<p style=\"text-align: justify;\">Le undici foto in concorso, pubblicate sulle pagine Facebook e Instagram dell\u2019associazione dall\u20198 dicembre al 5 gennaio 2021, rappresentano giardini, ingressi, strade, balconi e finestre di cittadini turesi che con la loro creativit\u00e0 e maestria si sono messi in gioco, premiati dai numerosi voti e commenti di apprezzamento dei nostri concittadini.<\/p>\n<p style=\"text-align: justify;\">Un sentito ringraziamento va quindi a tutti i partecipanti per aver creduto nella nostra idea e per aver dimostrato, nonostante tutto, che il Natale \u00e8 pi\u00f9 forte del tempo e delle avversit\u00e0: in ordine di arrivo delle foto, Giulia and family, Mimmo, famiglia Dellucci, famiglia Manzari, famiglia Capurso, Sandra, Filippo Forti, Santa Pavone, Scotella Giuseppe, Anna Maria Di Venere, Lucia Ferricelli.<\/p>\n<p style=\"text-align: justify;\">I secondi e terzi classificati, rispettivamente Anna Maria Di Venere e Sandra, saranno premiati con un cesto natalizio. La famiglia Capurso, classificatasi al primo posto, ricever\u00e0, in aggiunta al cesto natalizio, anche la targa che attesta la vittoria di questa prima edizione del concorso.<\/p>\n<p style=\"text-align: justify;\">Ringraziamo infine gli sponsor, che non hanno fatto mancare il proprio supporto: farmacia Mastrolonardo, farmacia Sant\u2019Oronzo, supermercato Spendi Meno, supermercato I Sapori del Sud, Associazione CO.Med.A, Fimer e Dimora Rossi. Un grazie di cuore all\u2019amico Damiano Barbieri per il suo prezioso aiuto.<\/p>\n<p><img loading=\"lazy\" decoding=\"async\" src=\"https:\/\/live.staticflickr.com\/65535\/50819013521_fca437ca9e.jpg\" alt=\"1. Famiglia Capurso\" style=\"display: block; margin-left: auto; margin-right: auto;\" width=\"500\" height=\"500\" \/><\/p>\n<p style=\"text-align: center;\"><strong>1 &#8211; Famiglia Capurso<\/strong><\/p>\n<p style=\"text-align: center;\"><strong><br \/><\/strong><\/p>\n<p><img loading=\"lazy\" decoding=\"async\" src=\"https:\/\/live.staticflickr.com\/65535\/50818274638_a51639df5d.jpg\" alt=\"2. Anna Maria Di Venere\" style=\"display: block; margin-left: auto; margin-right: auto;\" width=\"500\" height=\"500\" \/><\/p>\n<p style=\"text-align: center;\"><strong>2 &#8211; Anna Maria Di Venere<\/strong><\/p>\n<p style=\"text-align: center;\"><strong><br \/><\/strong><\/p>\n<p><img loading=\"lazy\" decoding=\"async\" src=\"https:\/\/live.staticflickr.com\/65535\/50819112162_cfeaeae40f.jpg\" alt=\"3. Sandra\" style=\"display: block; margin-left: auto; margin-right: auto;\" width=\"500\" height=\"500\" \/><\/p>\n<p style=\"text-align: center;\"><strong>3 &#8211; Sandra<\/strong><\/p>\n","protected":false},"excerpt":{"rendered":"<p><img loading=\"lazy\" decoding=\"async\" src=\"https:\/\/live.staticflickr.com\/65535\/50818293643_52fbdc729d_n.jpg\" alt=\"Turi in luce concorso pro loco\" width=\"320\" height=\"222\" \/><\/p>\n","protected":false},"author":1,"featured_media":0,"comment_status":"open","ping_status":"closed","sticky":false,"template":"","format":"standard","meta":{"colormag_page_container_layout":"default_layout","colormag_page_sidebar_layout":"default_layout","footnotes":""},"categories":[6],"tags":[],"class_list":["post-18079","post","type-post","status-publish","format-standard","hentry","category-cultura"],"_links":{"self":[{"href":"https:\/\/archivioturi.lavocedelpaese.info\/index.php\/wp-json\/wp\/v2\/posts\/18079","targetHints":{"allow":["GET"]}}],"collection":[{"href":"https:\/\/archivioturi.lavocedelpaese.info\/index.php\/wp-json\/wp\/v2\/posts"}],"about":[{"href":"https:\/\/archivioturi.lavocedelpaese.info\/index.php\/wp-json\/wp\/v2\/types\/post"}],"author":[{"embeddable":true,"href":"https:\/\/archivioturi.lavocedelpaese.info\/index.php\/wp-json\/wp\/v2\/users\/1"}],"replies":[{"embeddable":true,"href":"https:\/\/archivioturi.lavocedelpaese.info\/index.php\/wp-json\/wp\/v2\/comments?post=18079"}],"version-history":[{"count":0,"href":"https:\/\/archivioturi.lavocedelpaese.info\/index.php\/wp-json\/wp\/v2\/posts\/18079\/revisions"}],"wp:attachment":[{"href":"https:\/\/archivioturi.lavocedelpaese.info\/index.php\/wp-json\/wp\/v2\/media?parent=18079"}],"wp:term":[{"taxonomy":"category","embeddable":true,"href":"https:\/\/archivioturi.lavocedelpaese.info\/index.php\/wp-json\/wp\/v2\/categories?post=18079"},{"taxonomy":"post_tag","embeddable":true,"href":"https:\/\/archivioturi.lavocedelpaese.info\/index.php\/wp-json\/wp\/v2\/tags?post=18079"}],"curies":[{"name":"wp","href":"https:\/\/api.w.org\/{rel}","templated":true}]}}