{"id":18073,"date":"2020-12-31T09:03:45","date_gmt":"2020-12-31T09:03:45","guid":{"rendered":"https:\/\/archivioturi.lavocedelpaese.info\/index.php\/2020\/12\/31\/1d-gennaio-2021-ecco-le-disposizioni-del-sindaco\/"},"modified":"2020-12-31T09:03:45","modified_gmt":"2020-12-31T09:03:45","slug":"1d-gennaio-2021-ecco-le-disposizioni-del-sindaco","status":"publish","type":"post","link":"https:\/\/archivioturi.lavocedelpaese.info\/index.php\/2020\/12\/31\/1d-gennaio-2021-ecco-le-disposizioni-del-sindaco\/","title":{"rendered":"1\u00b0 gennaio 2021, ecco le disposizioni del sindaco"},"content":{"rendered":"<p><img loading=\"lazy\" decoding=\"async\" src=\"https:\/\/live.staticflickr.com\/274\/18960659170_d294f8162f_n.jpg\" alt=\"Comune di Turi, Municipio bianco\" width=\"320\" height=\"240\" \/><\/p>\n<p style=\"text-align: justify;\">Con proprie ordinanze, stante il perdurare dello stato di emergenza sanitaria, il sindaco Tina Resta ha imposti limiti pi\u00f9 stringenti per il primo giorno del 2021, al fine di \u201cprevenire il verificarsi di potenziali assembramenti\u201d e, dunque, di \u201ccontenere la diffusione del contagio epidemiologico\u201d.<\/p>\n<p style=\"text-align: justify;\">Nel dettaglio, venerd\u00ec 1\u00b0 gennaio, \u00e8 disposta la chiusura di tutte le attivit\u00e0 di commercio al dettaglio alimentari e non alimentari. Restano, invece, aperti: farmacie, parafarmacie, tabacchi, fiorai ed edicole.<\/p>\n<p style=\"text-align: justify;\">Parallelamente, \u00e8 vietato l\u2019esercizio delle attivit\u00e0 di commercio (alimentari e non) in forma itinerante e di quelle su aree pubblica su postazione fissa. In via eccezionale, per quest\u2019ultima categoria, \u00e8 consentito ai soli titolari di concessione svolgere la propria attivit\u00e0 nella giornata di gioved\u00ec 31 dicembre.<\/p>\n<p style=\"text-align: justify;\">Bar e pizzerie potranno effettuare solo vendita per asporto (sino alle ore 22.00) e a domicilio; \u00e8 sempre severamente vietato lo stazionamento dei clienti all\u2019esterno degli esercizi commerciali sia per la consumazione che per altre ragioni.<\/p>\n<p style=\"text-align: justify;\">Il Cimitero sar\u00e0 aperto al pubblico dalle ore 7.00 alle ore 13.00.<\/p>\n<p style=\"text-align: justify;\">Infine, fino al 6 gennaio, i distributori automatici h24 saranno chiusi dalle ore 18.00 alle ore 05.00 del giorno seguente.<\/p>\n","protected":false},"excerpt":{"rendered":"<p><img loading=\"lazy\" decoding=\"async\" src=\"https:\/\/live.staticflickr.com\/274\/18960659170_d294f8162f_n.jpg\" alt=\"Comune di Turi, Municipio bianco\" width=\"320\" height=\"240\" \/><\/p>\n","protected":false},"author":1,"featured_media":0,"comment_status":"open","ping_status":"closed","sticky":false,"template":"","format":"standard","meta":{"colormag_page_container_layout":"default_layout","colormag_page_sidebar_layout":"default_layout","footnotes":""},"categories":[7],"tags":[],"class_list":["post-18073","post","type-post","status-publish","format-standard","hentry","category-attualita"],"_links":{"self":[{"href":"https:\/\/archivioturi.lavocedelpaese.info\/index.php\/wp-json\/wp\/v2\/posts\/18073","targetHints":{"allow":["GET"]}}],"collection":[{"href":"https:\/\/archivioturi.lavocedelpaese.info\/index.php\/wp-json\/wp\/v2\/posts"}],"about":[{"href":"https:\/\/archivioturi.lavocedelpaese.info\/index.php\/wp-json\/wp\/v2\/types\/post"}],"author":[{"embeddable":true,"href":"https:\/\/archivioturi.lavocedelpaese.info\/index.php\/wp-json\/wp\/v2\/users\/1"}],"replies":[{"embeddable":true,"href":"https:\/\/archivioturi.lavocedelpaese.info\/index.php\/wp-json\/wp\/v2\/comments?post=18073"}],"version-history":[{"count":0,"href":"https:\/\/archivioturi.lavocedelpaese.info\/index.php\/wp-json\/wp\/v2\/posts\/18073\/revisions"}],"wp:attachment":[{"href":"https:\/\/archivioturi.lavocedelpaese.info\/index.php\/wp-json\/wp\/v2\/media?parent=18073"}],"wp:term":[{"taxonomy":"category","embeddable":true,"href":"https:\/\/archivioturi.lavocedelpaese.info\/index.php\/wp-json\/wp\/v2\/categories?post=18073"},{"taxonomy":"post_tag","embeddable":true,"href":"https:\/\/archivioturi.lavocedelpaese.info\/index.php\/wp-json\/wp\/v2\/tags?post=18073"}],"curies":[{"name":"wp","href":"https:\/\/api.w.org\/{rel}","templated":true}]}}