{"id":18053,"date":"2020-12-22T06:37:08","date_gmt":"2020-12-22T06:37:08","guid":{"rendered":"https:\/\/archivioturi.lavocedelpaese.info\/index.php\/2020\/12\/22\/borgo-regina-un-amore-non-corrisposto\/"},"modified":"2020-12-22T06:37:08","modified_gmt":"2020-12-22T06:37:08","slug":"borgo-regina-un-amore-non-corrisposto","status":"publish","type":"post","link":"https:\/\/archivioturi.lavocedelpaese.info\/index.php\/2020\/12\/22\/borgo-regina-un-amore-non-corrisposto\/","title":{"rendered":"Borgo Regina, un amore non corrisposto"},"content":{"rendered":"<p><img loading=\"lazy\" decoding=\"async\" src=\"https:\/\/live.staticflickr.com\/65535\/50733839443_e2e7a3dce9_n.jpg\" alt=\"borgo regina\" width=\"320\" height=\"320\" \/><\/p>\n<p style=\"text-align: center;\"><strong>Il quartiere si riunisce in un comitato cittadino per avere, dopo 6 anni, l\u2019illuminazione pubblica: da agosto si attendono risposte ufficiali dell\u2019Amministrazione<\/strong><\/p>\n<p style=\"text-align: justify;\">Nelle ultime settimane, sono piovute in redazione, piuttosto copiosamente, una serie di segnalazioni relative al disagio che, da svariati anni, alcuni cittadini vivono in determinate strade del nostro paese. Nello specifico, abbiamo parlato delle anacronistiche \u201ctracce di Medioevo\u201d presenti in via Cristoforo Colombo, del prolungamento di via Domenico Cozzolongo, una strada da \u201cterzo mondo\u201d, e di via Frassineto, il cui sbarramento \u2013 che divide la strada a met\u00e0 da 11 anni \u2013 ricorderebbe l\u2019omonima muraglia, antica almeno mille anni, presente nell\u2019agro di Turi. La scorsa settimana abbiamo approfondito l\u2019ignobile situazione di \u201cVia La Quacquera I Traversa Dx\u201d, una delle tante versioni turesi della bolognese \u201cVia Senzanome\u201d.<\/p>\n<p style=\"text-align: justify;\">Tutte queste strade versano in un disagio ormai consolidato poich\u00e9, per tutte, perdura da almeno un decennio; per questi residenti \u2013 turesi che pagano le tasse \u2013 la scelta di abitare nel nostro paese non corrisponde pi\u00f9 ad uno stato d\u2019animo sereno: \u00e8 come se fossero in una sorta di matrimonio combinato, forzato, dove la rassegnazione e l\u2019abitudine hanno preso del tutto il sopravvento sulla passione.<\/p>\n<p style=\"text-align: justify;\">\u00c8 il caso del quartiere \u201cBorgo Regina\u201d che, nonostante il suo nome altisonante e la modernit\u00e0 dei suoi palazzi, non gode nemmeno di un\u2019adeguata illuminazione: una regina triste, dunque, si direbbe, come triste fu la principessa Diana per quell\u2019amore non ricambiato verso Carlo che la faceva soffrire molto. L\u2019Amministrazione attuale o quelle future avranno mai come priorit\u00e0 l\u2019intenzione di \u201cricambiare l\u2019amore\u201d dei cittadini di Borgo Regina e di tantissime altre zone del paese abbandonate a se stesse? Di amore si tratta, poich\u00e9 le tasse si pagano con il sangue dei sacrifici ed il voto, in cabina elettorale, \u00e8 espressione di passione, non tanto per la politica e i politici, ma per il proprio paese. In attesa di risposte, riportiamo adesso la testimonianza dei cittadini di Borgo Regina.<\/p>\n<p style=\"text-align: justify;\"><strong>BORGO REGINA: IL COMITATO DI QUARTIERE ATTENDE RISPOSTE UFFICIALI<\/strong><\/p>\n<p style=\"text-align: justify;\">\u00abCome gi\u00e0 comunicato alla cittadinanza in data 11 agosto 2020, \u00e8 stato costituito il comitato del quartiere Borgo Regina, avente come scopo la risoluzione delle problematiche attinenti al quartiere quali: la mancata acquisizione della zona da parte del Comune, l\u2019illuminazione pubblica assente &#8211; con tutte le conseguenze del caso anche in termini di sicurezza &#8211; e infine i rischi legati alla viabilit\u00e0 di via Conversano.<\/p>\n<p style=\"text-align: justify;\">Il quartiere, situato nell\u2019ultima traversa a destra di via Conversano, \u00e8 abitato da circa 60 nuclei familiari, all\u2019interno dei quali non mancano giovani e bambini. Vi sono anche esercizi commerciali, quali una pizzeria e un parrucchiere, che ravvivano il quartiere e la cui presenza rafforza l\u2019urgenza per l\u2019Amministrazione di acquisire l\u2019area e di renderla pi\u00f9 sicura attraverso la pubblica illuminazione.<\/p>\n<p style=\"text-align: justify;\">In data 18 agosto 2020, abbiamo inviato una PEC al sindaco del Comune di Turi, dott.ssa Ippolita Resta, e al responsabile dell\u2019ufficio tecnico, Arch. Giambattista Del Rosso, avente ad oggetto la mancata acquisizione di Strada Conversano n.88, in cui chiedevamo all\u2019Amministrazione di prendere una posizione chiara, netta ed inequivocabile sia dalla parte tecnica che dalla parte politica sul tema in oggetto, visto che la questione \u00e8 irrisolta da molti anni. Inoltre, proponevamo di affrontare la questione in un incontro tra una nostra delegazione e l\u2019Amministrazione. Il tutto solo al fine di ottenere, da parte dell\u2019Amministrazione, esaustive risposte ed azioni di competenza.<\/p>\n<p style=\"text-align: justify;\">In questi mesi ci sono stati approcci per vie brevi con l\u2019Amministrazione che ringraziamo per la disponibilit\u00e0 e l\u2019intento di dare delle risposte ai residenti del complesso. Siamo consci del fatto che \u00e8 una procedura burocratica lunga, complessa, devoluta alla parte tecnica del Comune e non politica, ma soprattutto che \u00e8 una questione irrisolta dal 2014. Riconosciamo altres\u00ec che viviamo in un periodo particolare, dominato dalla pandemia generata dal Covid-19, e, pur lieti della buona notizia della mappatura delle aree, rimane che in 4 mesi, dal 18 agosto 2020, siamo ancora in attesa di una risposta ufficiale.<\/p>\n<p style=\"text-align: justify;\">Per questo motivo, in ultimo, in data 15 dicembre 2020, abbiamo richiesto, sempre via PEC, un incontro all\u2019Amministrazione Comunale con l\u2019intento, sempre con lo spirito della correttezza e della massima collaborazione, di approfondire le tematiche che riguardano il nostro complesso, al fine dell\u2019innalzamento qualitativo del medesimo: riteniamo che il miglioramento delle zone periferiche della nostra citt\u00e0 sia uno degli obiettivi qualificanti di qualsiasi Amministrazione e in particolare uno degli obiettivi principali di questa Amministrazione\u00bb.<\/p>\n<p style=\"text-align: right;\"><strong>LEONARDO FLORIO<\/strong><\/p>\n","protected":false},"excerpt":{"rendered":"<p><img loading=\"lazy\" decoding=\"async\" src=\"https:\/\/live.staticflickr.com\/65535\/50733839443_e2e7a3dce9_n.jpg\" alt=\"borgo regina\" width=\"320\" height=\"320\" \/><\/p>\n","protected":false},"author":1,"featured_media":0,"comment_status":"open","ping_status":"closed","sticky":false,"template":"","format":"standard","meta":{"colormag_page_container_layout":"default_layout","colormag_page_sidebar_layout":"default_layout","footnotes":""},"categories":[7],"tags":[],"class_list":["post-18053","post","type-post","status-publish","format-standard","hentry","category-attualita"],"_links":{"self":[{"href":"https:\/\/archivioturi.lavocedelpaese.info\/index.php\/wp-json\/wp\/v2\/posts\/18053","targetHints":{"allow":["GET"]}}],"collection":[{"href":"https:\/\/archivioturi.lavocedelpaese.info\/index.php\/wp-json\/wp\/v2\/posts"}],"about":[{"href":"https:\/\/archivioturi.lavocedelpaese.info\/index.php\/wp-json\/wp\/v2\/types\/post"}],"author":[{"embeddable":true,"href":"https:\/\/archivioturi.lavocedelpaese.info\/index.php\/wp-json\/wp\/v2\/users\/1"}],"replies":[{"embeddable":true,"href":"https:\/\/archivioturi.lavocedelpaese.info\/index.php\/wp-json\/wp\/v2\/comments?post=18053"}],"version-history":[{"count":0,"href":"https:\/\/archivioturi.lavocedelpaese.info\/index.php\/wp-json\/wp\/v2\/posts\/18053\/revisions"}],"wp:attachment":[{"href":"https:\/\/archivioturi.lavocedelpaese.info\/index.php\/wp-json\/wp\/v2\/media?parent=18053"}],"wp:term":[{"taxonomy":"category","embeddable":true,"href":"https:\/\/archivioturi.lavocedelpaese.info\/index.php\/wp-json\/wp\/v2\/categories?post=18053"},{"taxonomy":"post_tag","embeddable":true,"href":"https:\/\/archivioturi.lavocedelpaese.info\/index.php\/wp-json\/wp\/v2\/tags?post=18053"}],"curies":[{"name":"wp","href":"https:\/\/api.w.org\/{rel}","templated":true}]}}