{"id":18048,"date":"2020-12-20T06:24:49","date_gmt":"2020-12-20T06:24:49","guid":{"rendered":"https:\/\/archivioturi.lavocedelpaese.info\/index.php\/2020\/12\/20\/il-sito-del-comune-di-turi-cambiera-look\/"},"modified":"2020-12-20T06:24:49","modified_gmt":"2020-12-20T06:24:49","slug":"il-sito-del-comune-di-turi-cambiera-look","status":"publish","type":"post","link":"https:\/\/archivioturi.lavocedelpaese.info\/index.php\/2020\/12\/20\/il-sito-del-comune-di-turi-cambiera-look\/","title":{"rendered":"Il sito del Comune di Turi cambier\u00e0 look"},"content":{"rendered":"<p><img loading=\"lazy\" decoding=\"async\" src=\"https:\/\/live.staticflickr.com\/65535\/50733820958_d5d0cdda28_n.jpg\" alt=\"sito comune\" width=\"320\" height=\"211\" \/><\/p>\n<p style=\"text-align: center;\"><strong>Verr\u00e0 eseguito un restyling del portale istituzionale, puntando su trasparenza e accessibilit\u00e0 ai servizi interattivi<\/strong><\/p>\n<p style=\"text-align: justify;\">La Giunta comunale, con deliberazione del 3 dicembre, ha dato indirizzo al Responsabile del Settore Urbanistica di procedere al rifacimento del Sito istituzionale dell&#8217;Ente, nel rispetto della normativa vigente in materia, delle Linee Guida emanate dell\u2019AGID (l\u2019Agenzia per l\u2019Italia Digitale) e delle nuove esigenze di comunicazione e di interazione dell\u2019Ente.<\/p>\n<p style=\"text-align: justify;\">Difatti, l\u2019attuale portale del Comune di Turi risulta \u201cdatato e obsoleto sotto il profilo tecnologico\u201d; inoltre, non \u00e8 pi\u00f9 rispondente alle normative che, nel corso degli ultimi anni, sono state emanate per i siti web delle pubbliche amministrazioni. In particolare, il portale \u00e8 \u201cdisomogeneo dal punto di vista grafico e nei contenuti minimi dell\u2019informazione, oltre a non essere ottimizzato per i dispositivi mobili\u201d; una lacuna, quest\u2019ultima, che ne limita la fruizione da parte dei cittadini, anche in termini di interazione con gli uffici comunali per l\u2019accesso ai servizi digitali.<\/p>\n<p style=\"text-align: justify;\">Il restyling dovr\u00e0 rispondere a due obiettivi: \u201cparlare del Comune (sito informativo) e fornire informazioni e servizi interattivi (sito comunicativo)\u201d. Inoltre, dovr\u00e0 attenersi a principi guida ben definiti: \u201cgarantire la massima trasparenza sull&#8217;attivit\u00e0 dell&#8217;Amministrazione; promuovere il massimo grado di accessibilit\u00e0 e di usabilit\u00e0; provvedere al costante aggiornamento dei contenuti pubblicati, promuovendone la conoscenza e la visibilit\u00e0 agli utenti in ogni occasione e con ogni mezzo disponibile; adottare ove possibile programmi di open source; adottare ed elaborare programmi da proporre in riusabilit\u00e0 alle altre amministrazioni pubbliche che ne faranno richiesta\u201d.<\/p>\n<p style=\"text-align: justify;\">Con questo provvedimento, il Governo Resta compie un passo essenziale, atteso da tempo, che non solo migliorer\u00e0 il flusso comunicativo con i cittadini ma, investendo sulle varie applicazioni oggi disponibili, potr\u00e0 contribuire a snellire le lungaggini burocratiche, rendendo l\u2019attivit\u00e0 dell\u2019Amministrazione pi\u00f9 efficace e rapida.<\/p>\n<p style=\"text-align: right;\"><strong>FD<\/strong><\/p>\n","protected":false},"excerpt":{"rendered":"<p><img loading=\"lazy\" decoding=\"async\" src=\"https:\/\/live.staticflickr.com\/65535\/50733820958_d5d0cdda28_n.jpg\" alt=\"sito comune\" width=\"320\" height=\"211\" \/><\/p>\n","protected":false},"author":1,"featured_media":0,"comment_status":"open","ping_status":"closed","sticky":false,"template":"","format":"standard","meta":{"colormag_page_container_layout":"default_layout","colormag_page_sidebar_layout":"default_layout","footnotes":""},"categories":[7],"tags":[],"class_list":["post-18048","post","type-post","status-publish","format-standard","hentry","category-attualita"],"_links":{"self":[{"href":"https:\/\/archivioturi.lavocedelpaese.info\/index.php\/wp-json\/wp\/v2\/posts\/18048","targetHints":{"allow":["GET"]}}],"collection":[{"href":"https:\/\/archivioturi.lavocedelpaese.info\/index.php\/wp-json\/wp\/v2\/posts"}],"about":[{"href":"https:\/\/archivioturi.lavocedelpaese.info\/index.php\/wp-json\/wp\/v2\/types\/post"}],"author":[{"embeddable":true,"href":"https:\/\/archivioturi.lavocedelpaese.info\/index.php\/wp-json\/wp\/v2\/users\/1"}],"replies":[{"embeddable":true,"href":"https:\/\/archivioturi.lavocedelpaese.info\/index.php\/wp-json\/wp\/v2\/comments?post=18048"}],"version-history":[{"count":0,"href":"https:\/\/archivioturi.lavocedelpaese.info\/index.php\/wp-json\/wp\/v2\/posts\/18048\/revisions"}],"wp:attachment":[{"href":"https:\/\/archivioturi.lavocedelpaese.info\/index.php\/wp-json\/wp\/v2\/media?parent=18048"}],"wp:term":[{"taxonomy":"category","embeddable":true,"href":"https:\/\/archivioturi.lavocedelpaese.info\/index.php\/wp-json\/wp\/v2\/categories?post=18048"},{"taxonomy":"post_tag","embeddable":true,"href":"https:\/\/archivioturi.lavocedelpaese.info\/index.php\/wp-json\/wp\/v2\/tags?post=18048"}],"curies":[{"name":"wp","href":"https:\/\/api.w.org\/{rel}","templated":true}]}}