{"id":18039,"date":"2020-12-15T06:30:37","date_gmt":"2020-12-15T06:30:37","guid":{"rendered":"https:\/\/archivioturi.lavocedelpaese.info\/index.php\/2020\/12\/15\/regolamento-edilizio-dannata\/"},"modified":"2020-12-15T06:30:37","modified_gmt":"2020-12-15T06:30:37","slug":"regolamento-edilizio-dannata","status":"publish","type":"post","link":"https:\/\/archivioturi.lavocedelpaese.info\/index.php\/2020\/12\/15\/regolamento-edilizio-dannata\/","title":{"rendered":"Regolamento Edilizio \u201cd\u2019annata\u201d"},"content":{"rendered":"<p><img loading=\"lazy\" decoding=\"async\" src=\"https:\/\/live.staticflickr.com\/65535\/50707572527_3e62d614f0_n.jpg\" alt=\"Giannalisa Zaccheo\" width=\"320\" height=\"257\" \/><\/p>\n<p style=\"text-align: center;\"><strong>L\u2019interrogazione presentata dal Consigliere Zaccheo rileva che il Comune di Turi applica norme risalenti al 1974. Il nuovo Regolamento, adottato nel 2013, non \u00e8 mai stato approvato<\/strong><\/p>\n<p style=\"text-align: justify;\">Il consigliere d\u2019opposizione Giannalisa Zaccheo ha presentato un\u2019interrogazione, con contestuale interpellanza, per venir a capo del paradosso del Regolamento Edilizio vigente nel nostro Comune, che dal 1974 ad oggi non \u00e8 mai stato aggiornato.<\/p>\n<p>Seguendo la cronistoria esposta dal consigliere, si apprende che nella seduta consiliare del 19 luglio 2013 veniva approvato definitivamente il PUG (Piano Urbanistico Generale) e, come atto consequenziale, si adottava la bozza del nuovo Regolamento Edilizio Comunale, predisposto dall&#8217;ingegnere Giuseppe Di Bonaventura, all\u2019epoca Responsabile del Settore Urbanistica. In quella circostanza, l\u2019assise disponeva che l\u2019ingegnere attuasse tutti i successivi adempimenti per l\u2019approvazione del Regolamento, compresa \u201cl&#8217;acquisizione del parere preventivo e vincolante dell&#8217;ASL in ordine ai contenuti igienico-sanitari dello stesso\u201d.<\/p>\n<p>Nel frattempo, quattro anni dopo, precisamente il 21 dicembre 2017, la Regione Puglia licenziava il Regolamento Edilizio Tipo (RET), che si articola in due parti: \u00abnella prima \u00e8 richiamata la disciplina generale dell&#8217;attivit\u00e0 edilizia, operante in modo uniforme su tutto il territorio nazionale e regionale; nella seconda parte \u00e8 raccolta la disciplina regolamentare in materia edilizia di competenza comunale\u00bb. Questo Regolamento, precisa la Zaccheo, \u00e8 proposto dalla Regione Puglia come linea guida di raccomandazioni operative, nell&#8217;intento di fornire un quadro di riferimento unitario e sistematico in cui le Amministrazione comunali devono muoversi per redigere il proprio Regolamento, beneficiando di un percorso semplificato.<\/p>\n<p>Cristallizzati questi tasselli storici, il consigliere d\u2019opposizione ritorna al presente per annotare che, a tutt&#8217;oggi, il Capo del Settore Urbanistica e Assetto del Territorio continua ad applicare il Regolamento Edilizio risalente al 5 ottobre 1974, di fatto abrogato dall\u2019adozione del nuovo Regolamento che, tuttavia, non \u00e8 entrato in vigore poich\u00e9 non \u00e8 stato mai approvato.<\/p>\n<p>Un\u2019incongruenza pi\u00f9 che sufficiente a interrogare il sindaco, in qualit\u00e0 di Presidente del Consiglio, capo dell&#8217;Amministrazione comunale e delegata all&#8217;Urbanistica, sulle motivazioni che hanno bloccato l\u2019iter di approvazione del nuovo Regolamento, verificando se il Responsabile del Settore all&#8217;epoca in carica, l\u2019ing. Di Bonaventura, abbia portato a termine i previsti adempimenti, acquisendo tra l\u2019altro il parere dell\u2019ASL.<\/p>\n<p>Nell\u2019interpellanza collegata, invece, si chiede cosa si intenda fare affinch\u00e9 il Consiglio comunale possa approvare, nel pi\u00f9 breve tempo possibile, un Regolamento Edilizio conforme sia PUG che al Regolamento Tipo regionale. Infine, nel caso si accertasse che l\u2019ing. Bonaventura non abbia ottemperato alle disposizioni ricevute nel Consiglio del 2013, si domanda se il sindaco intenda approfondire le eventuali responsabilit\u00e0 ascrivibili.<\/p>\n<p>Gli interrogativi posti \u2013 conclude il consigliere Zaccheo \u2013 richiedono risposte \u201cpuntuali ed esaustive\u201d, che si attendono in forma scritta nel primo Consilio comunale utile, e soprattutto sollecitano l\u2019Amministrazione ad \u201cadottare tutte le misure per mettere gli odierni Uffici preposti all&#8217;attivit\u00e0 urbanistica nelle migliori condizioni per applicare le norme vigenti, senza margine di errore o interpretazione\u201d.<\/p>\n<p style=\"text-align: right;\"><strong>FD<\/strong><\/p>\n","protected":false},"excerpt":{"rendered":"<p><img loading=\"lazy\" decoding=\"async\" src=\"https:\/\/live.staticflickr.com\/65535\/50707572527_3e62d614f0_n.jpg\" alt=\"Giannalisa Zaccheo\" width=\"320\" height=\"257\" \/><\/p>\n","protected":false},"author":1,"featured_media":0,"comment_status":"open","ping_status":"closed","sticky":false,"template":"","format":"standard","meta":{"colormag_page_container_layout":"default_layout","colormag_page_sidebar_layout":"default_layout","footnotes":""},"categories":[4],"tags":[],"class_list":["post-18039","post","type-post","status-publish","format-standard","hentry","category-politica"],"_links":{"self":[{"href":"https:\/\/archivioturi.lavocedelpaese.info\/index.php\/wp-json\/wp\/v2\/posts\/18039","targetHints":{"allow":["GET"]}}],"collection":[{"href":"https:\/\/archivioturi.lavocedelpaese.info\/index.php\/wp-json\/wp\/v2\/posts"}],"about":[{"href":"https:\/\/archivioturi.lavocedelpaese.info\/index.php\/wp-json\/wp\/v2\/types\/post"}],"author":[{"embeddable":true,"href":"https:\/\/archivioturi.lavocedelpaese.info\/index.php\/wp-json\/wp\/v2\/users\/1"}],"replies":[{"embeddable":true,"href":"https:\/\/archivioturi.lavocedelpaese.info\/index.php\/wp-json\/wp\/v2\/comments?post=18039"}],"version-history":[{"count":0,"href":"https:\/\/archivioturi.lavocedelpaese.info\/index.php\/wp-json\/wp\/v2\/posts\/18039\/revisions"}],"wp:attachment":[{"href":"https:\/\/archivioturi.lavocedelpaese.info\/index.php\/wp-json\/wp\/v2\/media?parent=18039"}],"wp:term":[{"taxonomy":"category","embeddable":true,"href":"https:\/\/archivioturi.lavocedelpaese.info\/index.php\/wp-json\/wp\/v2\/categories?post=18039"},{"taxonomy":"post_tag","embeddable":true,"href":"https:\/\/archivioturi.lavocedelpaese.info\/index.php\/wp-json\/wp\/v2\/tags?post=18039"}],"curies":[{"name":"wp","href":"https:\/\/api.w.org\/{rel}","templated":true}]}}